{"id":112063,"date":"2021-12-28T07:55:31","date_gmt":"2021-12-28T10:55:31","guid":{"rendered":"https:\/\/eltrabajo.cl\/portal\/?p=112063"},"modified":"2021-12-28T23:09:03","modified_gmt":"2021-12-29T02:09:03","slug":"detienen-a-banda-que-se-enfrento-a-carabineros-tras-entrar-a-robar-al-unimarc","status":"publish","type":"post","link":"https:\/\/eltrabajo.cl\/portal\/detienen-a-banda-que-se-enfrento-a-carabineros-tras-entrar-a-robar-al-unimarc\/","title":{"rendered":"Detienen a banda que se enfrent\u00f3 a Carabineros tras entrar a robar al Unimarc"},"content":{"rendered":"<p style=\"text-align: left;\"><span style=\"color: #ff0000;\"><strong>C\u00e9ntrico supermercado en Llay Llay:<\/strong><\/span><\/p>\n<p style=\"text-align: justify;\">Carabineros de la Subcomisar\u00eda de Llay Llay detuvo este domingo en la tarde a cuatro personas provenientes de Colina, acusadas de hurtar, causar da\u00f1os, lesiones a Carabineros y guardia de seguridad.<\/p>\n<p style=\"text-align: justify;\">Seg\u00fan la informaci\u00f3n entregada por el capit\u00e1n de Carabineros, <strong>Rafael Ram\u00edrez Vallejos<\/strong>, <em>\u00abel d\u00eda de ayer <\/em>(domingo)<em> cerca de las 15:30 horas, aproximadamente, recibimos una denuncia de trabajadores del Unimarc, donde nos solicitaban el apoyo porque tres sujetos estaban ocasionando da\u00f1os al interior del recinto del supermercado y a su vez hab\u00edan agredido al guardia de seguridad. Ante esto Carabineros concurre al lugar, procede a la fiscalizaci\u00f3n de estos sujetos, quienes se movilizaban en un veh\u00edculo con una cuarta persona de sexo femenino\u00bb,<\/em> dice.<\/p>\n<p style=\"text-align: justify;\">\u00ab<em>Ah\u00ed, ante la fiscalizaci\u00f3n de Carabineros, estos sujeto oponen tenaz resistencia, procediendo a agredir a algunos funcionarios, y luego de ello huyen en el veh\u00edculo particular en que se movilizaban por distintas calles c\u00e9ntricas de la comuna y posteriormente salen a la ruta 5 Norte, obviamente en su trayecto, con peligro de accidente, contra el sentido del tr\u00e1nsito en calles del centro de la comuna y luego de ello salen a la ruta 5 Norte, en direcci\u00f3n a Santiago. A la altura del restaurante \u2018Los Hornitos\u2019 se devuelven por la ruta 5 Norte de nuevo hacia Llay Llay, y debido a que pierden el control del veh\u00edculo pinchan un neum\u00e1tico; se desprende completo el neum\u00e1tico trasero del autom\u00f3vil en que hu\u00edan, y gracias a eso se logr\u00f3 darle alcance a estos sujetos, siendo detenidas las cuatro personas\u00bb,<\/em> dice el oficial.<\/p>\n<p style=\"text-align: justify;\">Todos los detenidos tiene domicilio en la comuna de Colina en la Regi\u00f3n Metropolitana.<\/p>\n<p style=\"text-align: justify;\">&#8211; <strong>\u00bfConsecuencia de esto capit\u00e1n?<\/strong><\/p>\n<p style=\"text-align: justify;\">&#8211; S\u00ed, como estaban sustrayendo desde el interior del supermercado y al ser sorprendido por el guardia, comienzan a agredirlo, las mismas especies que estaban robando se las tiran por la cabeza al guardia literalmente y a los Carabineros tambi\u00e9n. Ocasionaron da\u00f1os en las cajas registradoras, en unas m\u00e1quinas de pago con tarjeta&#8230; ocasionaron bastantes da\u00f1os en el recinto.<\/p>\n<p style=\"text-align: justify;\">&#8211; <strong>Destacar ac\u00e1 el r\u00e1pido accionar de Carabineros<\/strong><\/p>\n<p style=\"text-align: justify;\">&#8211; S\u00ed, efectivamente gracias a eso, la cercan\u00eda del recinto policial con el supermercado Unimarc, estamos a media cuadra de distancia, nos permiti\u00f3 dar una respuesta oportuna, prestar auxilio al guardia de seguridad que se encontraba lesionado y luego de ello lograr la detenci\u00f3n de esos sujetos que ocasionaron todos estos problemas.<\/p>\n<p style=\"text-align: justify;\">Todos los imputados pasaron a control del Tribunal de Garant\u00eda de San Felipe el d\u00eda de ayer para ser formalizados por el delito.<\/p>\n<figure id=\"attachment_112064\" aria-describedby=\"caption-attachment-112064\" style=\"width: 699px\" class=\"wp-caption alignnone\"><img data-recalc-dims=\"1\" loading=\"lazy\" decoding=\"async\" class=\"size-full wp-image-112064\" src=\"https:\/\/i0.wp.com\/eltrabajo.cl\/portal\/wp-content\/uploads\/2021\/12\/Unimarc.jpg?resize=640%2C425&#038;ssl=1\" alt=\"El supermercado Unimarc de Llay Llay fue v\u00edctima de delincuentes provenientes de Colina.\" width=\"640\" height=\"425\" srcset=\"https:\/\/i0.wp.com\/eltrabajo.cl\/portal\/wp-content\/uploads\/2021\/12\/Unimarc.jpg?w=699&amp;ssl=1 699w, https:\/\/i0.wp.com\/eltrabajo.cl\/portal\/wp-content\/uploads\/2021\/12\/Unimarc.jpg?resize=300%2C199&amp;ssl=1 300w, https:\/\/i0.wp.com\/eltrabajo.cl\/portal\/wp-content\/uploads\/2021\/12\/Unimarc.jpg?resize=200%2C133&amp;ssl=1 200w, https:\/\/i0.wp.com\/eltrabajo.cl\/portal\/wp-content\/uploads\/2021\/12\/Unimarc.jpg?resize=696%2C462&amp;ssl=1 696w\" sizes=\"auto, (max-width: 640px) 100vw, 640px\" \/><figcaption id=\"caption-attachment-112064\" class=\"wp-caption-text\">El supermercado Unimarc de Llay Llay fue v\u00edctima de delincuentes provenientes de Colina.<\/figcaption><\/figure>\n","protected":false},"excerpt":{"rendered":"<p>C\u00e9ntrico supermercado en Llay Llay: Carabineros de la Subcomisar\u00eda de Llay Llay detuvo este domingo en la tarde a cuatro personas provenientes de Colina, acusadas de hurtar, causar da\u00f1os, lesiones a Carabineros&#8230;<\/p>\n","protected":false},"author":482,"featured_media":112064,"comment_status":"closed","ping_status":"open","sticky":false,"template":"","format":"standard","meta":{"advanced_seo_description":"","jetpack_seo_html_title":"","jetpack_seo_noindex":false,"_jetpack_memberships_contains_paid_content":false,"footnotes":""},"categories":[21],"tags":[],"class_list":["post-112063","post","type-post","status-publish","format-standard","has-post-thumbnail","hentry","category-policial"],"jetpack_featured_media_url":"https:\/\/i0.wp.com\/eltrabajo.cl\/portal\/wp-content\/uploads\/2021\/12\/Unimarc.jpg?fit=699%2C464&ssl=1","jetpack_sharing_enabled":true,"jetpack_likes_enabled":true,"jetpack-related-posts":[],"_links":{"self":[{"href":"https:\/\/eltrabajo.cl\/portal\/wp-json\/wp\/v2\/posts\/112063","targetHints":{"allow":["GET"]}}],"collection":[{"href":"https:\/\/eltrabajo.cl\/portal\/wp-json\/wp\/v2\/posts"}],"about":[{"href":"https:\/\/eltrabajo.cl\/portal\/wp-json\/wp\/v2\/types\/post"}],"author":[{"embeddable":true,"href":"https:\/\/eltrabajo.cl\/portal\/wp-json\/wp\/v2\/users\/482"}],"replies":[{"embeddable":true,"href":"https:\/\/eltrabajo.cl\/portal\/wp-json\/wp\/v2\/comments?post=112063"}],"version-history":[{"count":0,"href":"https:\/\/eltrabajo.cl\/portal\/wp-json\/wp\/v2\/posts\/112063\/revisions"}],"wp:featuredmedia":[{"embeddable":true,"href":"https:\/\/eltrabajo.cl\/portal\/wp-json\/wp\/v2\/media\/112064"}],"wp:attachment":[{"href":"https:\/\/eltrabajo.cl\/portal\/wp-json\/wp\/v2\/media?parent=112063"}],"wp:term":[{"taxonomy":"category","embeddable":true,"href":"https:\/\/eltrabajo.cl\/portal\/wp-json\/wp\/v2\/categories?post=112063"},{"taxonomy":"post_tag","embeddable":true,"href":"https:\/\/eltrabajo.cl\/portal\/wp-json\/wp\/v2\/tags?post=112063"}],"curies":[{"name":"wp","href":"https:\/\/api.w.org\/{rel}","templated":true}]}}