{"id":112066,"date":"2021-12-28T08:00:00","date_gmt":"2021-12-28T11:00:00","guid":{"rendered":"https:\/\/eltrabajo.cl\/portal\/?p=112066"},"modified":"2021-12-27T23:53:05","modified_gmt":"2021-12-28T02:53:05","slug":"disparo-frente-al-liceo-de-ninas-estremece-a-transeuntes-la-tarde-de-ayer","status":"publish","type":"post","link":"https:\/\/eltrabajo.cl\/portal\/disparo-frente-al-liceo-de-ninas-estremece-a-transeuntes-la-tarde-de-ayer\/","title":{"rendered":"Disparo frente al Liceo de Ni\u00f1as estremece a transe\u00fantes la tarde de ayer"},"content":{"rendered":"<p style=\"text-align: justify;\">El sonido de un disparo conmocion\u00f3 a las personas que ayer en horas de la tarde transitaban o se encontraban en Avenida Yungay con Santo Domingo.<\/p>\n<p style=\"text-align: justify;\">Conversamos con un testigo, del cual nos reservamos su identidad, quien nos dijo al menos lo que \u00e9l presenci\u00f3 mientras estaba en las cercan\u00edas.<\/p>\n<p style=\"text-align: justify;\">Dice que estaba en la Alameda Yungay, <em>\u00absubiendo por la calle Santo Domingo se escucha un disparo y salimos a mirar el dependiente y yo, y un joven en bicicleta sali\u00f3 arrancando en ella en direcci\u00f3n al Santa Isabel. Los de la moto subieron a la vereda en el Liceo de Ni\u00f1as, detr\u00e1s del ciclista, pistola en mano, bajaron a la calle contra el tr\u00e1nsito y el de la pistola baj\u00f3 en el estacionamiento y el de la motocicleta sigui\u00f3 de atr\u00e1s al ciclista. Justo Carabineros que iba pasando se detuvo en el sem\u00e1foro de Santo Domingo con Yungay y divis\u00f3 la motocicleta contra el tr\u00e1nsito a lo que avanz\u00f3 hacia Prat y subi\u00f3 contra el tr\u00e1nsito dirigi\u00e9ndose hacia el estacionamiento del supermercado, donde el de la moto se devolvi\u00f3 a buscar a su acompa\u00f1ante, el que andaba armado, y arrancan por el estacionamiento del supermercado, saliendo ambos por la salida de Los Paltos contra el tr\u00e1nsito, donde comienzan la persecuci\u00f3n. Luego se unen motoristas, otras patrullas y una patrulla de civil, la cual no s\u00e9 si era de PDI o Carabineros. Al pasar un rato volvieron las unidades y al parecer se escaparon, todo esto alrededor de las 17,10 horas\u00bb, <\/em>dice el testigo.<\/p>\n<p style=\"text-align: justify;\">\n<p style=\"text-align: justify;\"><span style=\"color: #ff0000;\">VALORA APARICI\u00d3N DE CARABINEROS<\/span><\/p>\n<p style=\"text-align: justify;\">\u00ab<em>Si no hubiera aparecido Carabineros de casualidad, quiz\u00e1s hoy estar\u00edamos comentando una desgracia. Muchos testigos del hecho\u00bb,<\/em> dice a nuestro medio.<\/p>\n<p style=\"text-align: justify;\">Ese es el relato de una persona sobre el hecho ocurrido ayer en la tarde frente al Liceo Bicentenario Corina Urbina de San Felipe.<\/p>\n<p style=\"text-align: justify;\">Tambi\u00e9n logramos contactar a una testigo ocular de los hechos, quien nos coment\u00f3 lo que ella vio desde el colectivo en que viajaba y en ese momento se detuvo frente a la luz roja.<\/p>\n<p style=\"text-align: justify;\">\u00ab<em>Iba en el colectivo de copiloto y se escucharon muchos gritos porque justo dio la luz roja en el sem\u00e1foro; se escuchaban muchos gritos y gente apart\u00e1ndose hacia los lados. En la moto iban dos j\u00f3venes subiendo en direcci\u00f3n contraria hacia el supermercado y le gritaban a la gente \u00abc\u00f3rranse, c\u00f3rranse\u00bb y la gente se corr\u00eda. Si hubiese habido un ni\u00f1o o una persona adulta mayor llegan y los atropellan. Ellos siguieron de largo, Carabineros estaba justo al frente, pero activar el sonido de la bocina, no alcanzaron yo creo que no alcanzaron a llegar a ellos\u00bb,<\/em> dice.<\/p>\n<p style=\"text-align: justify;\">&#8211; <strong>\u00bfSe escucharon disparos?<\/strong><\/p>\n<p style=\"text-align: justify;\">&#8211; El disparo no lo escuch\u00e9, pero s\u00ed escuch\u00e9 los gritos de personas que estaban al lado, porque ellos iban muy fuerte, de hecho podr\u00edan haber provocado un accidente con los autos. Porque los autos ven\u00edan bajando y ellos subiendo en direcci\u00f3n contraria, ellos escaparon, pero no s\u00e9 hacia d\u00f3nde habr\u00e1n doblado, eso es lo que pude presenciar.<\/p>\n<p style=\"text-align: justify;\">De todas maneras Carabineros de San Felipe tom\u00f3 antecedentes del hecho, aunque no hubo detenidos.<\/p>\n<figure id=\"attachment_112067\" aria-describedby=\"caption-attachment-112067\" style=\"width: 699px\" class=\"wp-caption alignnone\"><img data-recalc-dims=\"1\" loading=\"lazy\" decoding=\"async\" class=\"size-full wp-image-112067\" src=\"https:\/\/i0.wp.com\/eltrabajo.cl\/portal\/wp-content\/uploads\/2021\/12\/yungay.jpg?resize=640%2C385&#038;ssl=1\" alt=\"Un disparo a plena luz del d\u00eda, a eso de las 17 horas de ayer, rompi\u00f3 la tranquilidad en Avenida Yungay, frente al Liceo de Ni\u00f1as.\" width=\"640\" height=\"385\" srcset=\"https:\/\/i0.wp.com\/eltrabajo.cl\/portal\/wp-content\/uploads\/2021\/12\/yungay.jpg?w=699&amp;ssl=1 699w, https:\/\/i0.wp.com\/eltrabajo.cl\/portal\/wp-content\/uploads\/2021\/12\/yungay.jpg?resize=300%2C180&amp;ssl=1 300w, https:\/\/i0.wp.com\/eltrabajo.cl\/portal\/wp-content\/uploads\/2021\/12\/yungay.jpg?resize=200%2C120&amp;ssl=1 200w, https:\/\/i0.wp.com\/eltrabajo.cl\/portal\/wp-content\/uploads\/2021\/12\/yungay.jpg?resize=696%2C418&amp;ssl=1 696w\" sizes=\"auto, (max-width: 640px) 100vw, 640px\" \/><figcaption id=\"caption-attachment-112067\" class=\"wp-caption-text\">Un disparo a plena luz del d\u00eda, a eso de las 17 horas de ayer, rompi\u00f3 la tranquilidad en Avenida Yungay, frente al Liceo de Ni\u00f1as.<\/figcaption><\/figure>\n","protected":false},"excerpt":{"rendered":"<p>El sonido de un disparo conmocion\u00f3 a las personas que ayer en horas de la tarde transitaban o se encontraban en Avenida Yungay con Santo Domingo. Conversamos con un testigo, del cual&#8230;<\/p>\n","protected":false},"author":482,"featured_media":112067,"comment_status":"closed","ping_status":"open","sticky":false,"template":"","format":"standard","meta":{"advanced_seo_description":"","jetpack_seo_html_title":"","jetpack_seo_noindex":false,"_jetpack_memberships_contains_paid_content":false,"footnotes":""},"categories":[21],"tags":[],"class_list":["post-112066","post","type-post","status-publish","format-standard","has-post-thumbnail","hentry","category-policial"],"jetpack_featured_media_url":"https:\/\/i0.wp.com\/eltrabajo.cl\/portal\/wp-content\/uploads\/2021\/12\/yungay.jpg?fit=699%2C420&ssl=1","jetpack_sharing_enabled":true,"jetpack_likes_enabled":true,"jetpack-related-posts":[],"_links":{"self":[{"href":"https:\/\/eltrabajo.cl\/portal\/wp-json\/wp\/v2\/posts\/112066","targetHints":{"allow":["GET"]}}],"collection":[{"href":"https:\/\/eltrabajo.cl\/portal\/wp-json\/wp\/v2\/posts"}],"about":[{"href":"https:\/\/eltrabajo.cl\/portal\/wp-json\/wp\/v2\/types\/post"}],"author":[{"embeddable":true,"href":"https:\/\/eltrabajo.cl\/portal\/wp-json\/wp\/v2\/users\/482"}],"replies":[{"embeddable":true,"href":"https:\/\/eltrabajo.cl\/portal\/wp-json\/wp\/v2\/comments?post=112066"}],"version-history":[{"count":0,"href":"https:\/\/eltrabajo.cl\/portal\/wp-json\/wp\/v2\/posts\/112066\/revisions"}],"wp:featuredmedia":[{"embeddable":true,"href":"https:\/\/eltrabajo.cl\/portal\/wp-json\/wp\/v2\/media\/112067"}],"wp:attachment":[{"href":"https:\/\/eltrabajo.cl\/portal\/wp-json\/wp\/v2\/media?parent=112066"}],"wp:term":[{"taxonomy":"category","embeddable":true,"href":"https:\/\/eltrabajo.cl\/portal\/wp-json\/wp\/v2\/categories?post=112066"},{"taxonomy":"post_tag","embeddable":true,"href":"https:\/\/eltrabajo.cl\/portal\/wp-json\/wp\/v2\/tags?post=112066"}],"curies":[{"name":"wp","href":"https:\/\/api.w.org\/{rel}","templated":true}]}}