{"id":112070,"date":"2021-12-29T07:30:40","date_gmt":"2021-12-29T10:30:40","guid":{"rendered":"https:\/\/eltrabajo.cl\/portal\/?p=112070"},"modified":"2021-12-28T23:11:03","modified_gmt":"2021-12-29T02:11:03","slug":"union-san-felipe-ya-tiene-entrenador-para-el-2022","status":"publish","type":"post","link":"https:\/\/eltrabajo.cl\/portal\/union-san-felipe-ya-tiene-entrenador-para-el-2022\/","title":{"rendered":"Uni\u00f3n San Felipe ya tiene entrenador para el 2022"},"content":{"rendered":"<p style=\"text-align: justify;\">En horas de la tarde de este lunes, a trav\u00e9s de sus plataformas oficiales en la WEB, Uni\u00f3n San Felipe inform\u00f3 a su hinchada y a la opini\u00f3n p\u00fablica en general, que <strong>Jonathan Orellana Beise<\/strong> (42) ser\u00e1 el encargado de conducir t\u00e9cnicamente al equipo albirrojo durante la pr\u00f3xima temporada.<\/p>\n<p style=\"text-align: justify;\">La noticia del arribo del joven profesional a la banca t\u00e9cnica unionista caus\u00f3 sorpresa en el medio local, aunque la decisi\u00f3n dirigencial de inclinarse por este estratego se sustenta en el hecho que Orellana es un conocedor de la divisi\u00f3n y gran parte del actual plantel del Un\u00ed Un\u00ed, a ra\u00edz que en el torneo pasado ejerci\u00f3 como ayudante t\u00e9cnico de <strong>V\u00edctor Riveros<\/strong>. Otro punto a favor del coach es que se siente completamente c\u00f3modo con el sistema de juego que les gusta a los controladores del club, que aspiran a ver a un equipo corto, muy compacto en todas sus l\u00edneas, fuerte en lo defensivo y desequilibrante en la ofensiva.<\/p>\n<p style=\"text-align: justify;\">El nuevo entrenador llegar\u00e1 al complejo deportivo acompa\u00f1ado de su respetivo grupo de asistentes, que ser\u00e1n los que deber\u00e1n ayudarlo en la dura empresa de volver a convertir a Uni\u00f3n San Felipe en un protagonista de la serie de plata del balompi\u00e9 profesional chileno, que el 2022 promete ser a\u00fan m\u00e1s fuerte que temporadas anteriores.<\/p>\n<figure id=\"attachment_112071\" aria-describedby=\"caption-attachment-112071\" style=\"width: 698px\" class=\"wp-caption alignnone\"><img data-recalc-dims=\"1\" loading=\"lazy\" decoding=\"async\" class=\"size-full wp-image-112071\" src=\"https:\/\/i0.wp.com\/eltrabajo.cl\/portal\/wp-content\/uploads\/2021\/12\/Jonathan-Orellana.jpg?resize=640%2C307&#038;ssl=1\" alt=\"DA EL SALTO.- Jonathan Orellana ser\u00e1 ahora el entrenador del Un\u00ed Un\u00ed.\" width=\"640\" height=\"307\" srcset=\"https:\/\/i0.wp.com\/eltrabajo.cl\/portal\/wp-content\/uploads\/2021\/12\/Jonathan-Orellana.jpg?w=698&amp;ssl=1 698w, https:\/\/i0.wp.com\/eltrabajo.cl\/portal\/wp-content\/uploads\/2021\/12\/Jonathan-Orellana.jpg?resize=300%2C144&amp;ssl=1 300w, https:\/\/i0.wp.com\/eltrabajo.cl\/portal\/wp-content\/uploads\/2021\/12\/Jonathan-Orellana.jpg?resize=200%2C96&amp;ssl=1 200w, https:\/\/i0.wp.com\/eltrabajo.cl\/portal\/wp-content\/uploads\/2021\/12\/Jonathan-Orellana.jpg?resize=696%2C334&amp;ssl=1 696w\" sizes=\"auto, (max-width: 640px) 100vw, 640px\" \/><figcaption id=\"caption-attachment-112071\" class=\"wp-caption-text\">DA EL SALTO.- Jonathan Orellana ser\u00e1 ahora el entrenador del Un\u00ed Un\u00ed.<\/figcaption><\/figure>\n","protected":false},"excerpt":{"rendered":"<p>En horas de la tarde de este lunes, a trav\u00e9s de sus plataformas oficiales en la WEB, Uni\u00f3n San Felipe inform\u00f3 a su hinchada y a la opini\u00f3n p\u00fablica en general, que&#8230;<\/p>\n","protected":false},"author":482,"featured_media":112071,"comment_status":"closed","ping_status":"open","sticky":false,"template":"","format":"standard","meta":{"advanced_seo_description":"","jetpack_seo_html_title":"","jetpack_seo_noindex":false,"_jetpack_memberships_contains_paid_content":false,"footnotes":""},"categories":[19],"tags":[],"class_list":["post-112070","post","type-post","status-publish","format-standard","has-post-thumbnail","hentry","category-deportes"],"jetpack_featured_media_url":"https:\/\/i0.wp.com\/eltrabajo.cl\/portal\/wp-content\/uploads\/2021\/12\/Jonathan-Orellana.jpg?fit=698%2C335&ssl=1","jetpack_sharing_enabled":true,"jetpack_likes_enabled":true,"jetpack-related-posts":[],"_links":{"self":[{"href":"https:\/\/eltrabajo.cl\/portal\/wp-json\/wp\/v2\/posts\/112070","targetHints":{"allow":["GET"]}}],"collection":[{"href":"https:\/\/eltrabajo.cl\/portal\/wp-json\/wp\/v2\/posts"}],"about":[{"href":"https:\/\/eltrabajo.cl\/portal\/wp-json\/wp\/v2\/types\/post"}],"author":[{"embeddable":true,"href":"https:\/\/eltrabajo.cl\/portal\/wp-json\/wp\/v2\/users\/482"}],"replies":[{"embeddable":true,"href":"https:\/\/eltrabajo.cl\/portal\/wp-json\/wp\/v2\/comments?post=112070"}],"version-history":[{"count":1,"href":"https:\/\/eltrabajo.cl\/portal\/wp-json\/wp\/v2\/posts\/112070\/revisions"}],"predecessor-version":[{"id":125893,"href":"https:\/\/eltrabajo.cl\/portal\/wp-json\/wp\/v2\/posts\/112070\/revisions\/125893"}],"wp:featuredmedia":[{"embeddable":true,"href":"https:\/\/eltrabajo.cl\/portal\/wp-json\/wp\/v2\/media\/112071"}],"wp:attachment":[{"href":"https:\/\/eltrabajo.cl\/portal\/wp-json\/wp\/v2\/media?parent=112070"}],"wp:term":[{"taxonomy":"category","embeddable":true,"href":"https:\/\/eltrabajo.cl\/portal\/wp-json\/wp\/v2\/categories?post=112070"},{"taxonomy":"post_tag","embeddable":true,"href":"https:\/\/eltrabajo.cl\/portal\/wp-json\/wp\/v2\/tags?post=112070"}],"curies":[{"name":"wp","href":"https:\/\/api.w.org\/{rel}","templated":true}]}}