{"id":112082,"date":"2021-12-29T07:50:12","date_gmt":"2021-12-29T10:50:12","guid":{"rendered":"https:\/\/eltrabajo.cl\/portal\/?p=112082"},"modified":"2021-12-28T23:17:57","modified_gmt":"2021-12-29T02:17:57","slug":"detenido-sujeto-sorprendido-in-fraganti-robando-en-pueblito-artesanal","status":"publish","type":"post","link":"https:\/\/eltrabajo.cl\/portal\/detenido-sujeto-sorprendido-in-fraganti-robando-en-pueblito-artesanal\/","title":{"rendered":"Detenido sujeto sorprendido in fraganti robando en Pueblito Artesanal"},"content":{"rendered":"<p style=\"text-align: justify;\">En horas de la madrugada de ayer personal en la poblaci\u00f3n de Carabineros de San Felipe logr\u00f3 la detenci\u00f3n de un individuo de iniciales <strong>O.A.A.P.<\/strong>, de 37 a\u00f1os de edad, quien hab\u00eda ingresado a robar a la Feria Artesanal ubicada en la intersecci\u00f3n de Avenida Yungay con calle Mar\u00eda Eufrasia, a pasos de las dependencias donde funciona la Fiscal\u00eda local.<\/p>\n<p style=\"text-align: justify;\">As\u00ed lo inform\u00f3 el capit\u00e1n <strong>Gast\u00f3n Zamorano<\/strong>, subcomisario de los Servicios de la Segunda Comisar\u00eda de San Felipe, quien indic\u00f3 que <em>\u00absiendo las 06:30 horas, personal en la poblaci\u00f3n de la Segunda Comisar\u00eda de Carabineros de San Felipe recibe un llamado de la Central de Comunicaciones, indicando que en la feria artesanal de Avenida Yungay hab\u00eda ingresado un sujeto al interior y se encontraba sustrayendo especies desde los locales comerciales, concurriendo al lugar y al llegar se entrevistaron con los rondines, constatando la veracidad de los hechos, procediendo a la b\u00fasqueda del individuo, siendo localizado por personal de Carabineros, escondido al interior del recinto con diversas especies que manten\u00eda dentro de una bolsa de basura, las que posteriormente fueron avaluadas en m\u00e1s de un mill\u00f3n de pesos\u00bb.<\/em><\/p>\n<p style=\"text-align: justify;\">El oficial hizo presente adem\u00e1s que este delincuente mantiene amplio prontuario policial y cuatro \u00f3rdenes de aprehensi\u00f3n vigentes por diversos delitos de distintos tribunales de la rep\u00fablica.<\/p>\n<p style=\"text-align: justify;\">Con estos antecedentes se dio cuenta al fiscal de turno, quien dispuso que pasara a control de detenci\u00f3n ayer en la ma\u00f1ana para ser formalizado por robo en lugar no habitado.<\/p>\n<figure id=\"attachment_112083\" aria-describedby=\"caption-attachment-112083\" style=\"width: 698px\" class=\"wp-caption alignnone\"><img data-recalc-dims=\"1\" loading=\"lazy\" decoding=\"async\" class=\"size-full wp-image-112083\" src=\"https:\/\/i0.wp.com\/eltrabajo.cl\/portal\/wp-content\/uploads\/2021\/12\/robo-Especies.jpg?resize=640%2C268&#038;ssl=1\" alt=\"Las especies recuperadas por Carabineros.\" width=\"640\" height=\"268\" srcset=\"https:\/\/i0.wp.com\/eltrabajo.cl\/portal\/wp-content\/uploads\/2021\/12\/robo-Especies.jpg?w=698&amp;ssl=1 698w, https:\/\/i0.wp.com\/eltrabajo.cl\/portal\/wp-content\/uploads\/2021\/12\/robo-Especies.jpg?resize=300%2C126&amp;ssl=1 300w, https:\/\/i0.wp.com\/eltrabajo.cl\/portal\/wp-content\/uploads\/2021\/12\/robo-Especies.jpg?resize=200%2C84&amp;ssl=1 200w, https:\/\/i0.wp.com\/eltrabajo.cl\/portal\/wp-content\/uploads\/2021\/12\/robo-Especies.jpg?resize=696%2C291&amp;ssl=1 696w\" sizes=\"auto, (max-width: 640px) 100vw, 640px\" \/><figcaption id=\"caption-attachment-112083\" class=\"wp-caption-text\">Las especies recuperadas por Carabineros.<\/figcaption><\/figure>\n<figure id=\"attachment_112084\" aria-describedby=\"caption-attachment-112084\" style=\"width: 699px\" class=\"wp-caption alignnone\"><img data-recalc-dims=\"1\" loading=\"lazy\" decoding=\"async\" class=\"size-full wp-image-112084\" src=\"https:\/\/i0.wp.com\/eltrabajo.cl\/portal\/wp-content\/uploads\/2021\/12\/robo-Imputado.jpg?resize=640%2C450&#038;ssl=1\" alt=\"El Imputado es escoltado por Carabineros al momento de disponer su traslado a tribunales.\" width=\"640\" height=\"450\" srcset=\"https:\/\/i0.wp.com\/eltrabajo.cl\/portal\/wp-content\/uploads\/2021\/12\/robo-Imputado.jpg?w=699&amp;ssl=1 699w, https:\/\/i0.wp.com\/eltrabajo.cl\/portal\/wp-content\/uploads\/2021\/12\/robo-Imputado.jpg?resize=300%2C211&amp;ssl=1 300w, https:\/\/i0.wp.com\/eltrabajo.cl\/portal\/wp-content\/uploads\/2021\/12\/robo-Imputado.jpg?resize=200%2C140&amp;ssl=1 200w, https:\/\/i0.wp.com\/eltrabajo.cl\/portal\/wp-content\/uploads\/2021\/12\/robo-Imputado.jpg?resize=696%2C489&amp;ssl=1 696w\" sizes=\"auto, (max-width: 640px) 100vw, 640px\" \/><figcaption id=\"caption-attachment-112084\" class=\"wp-caption-text\">El Imputado es escoltado por Carabineros al momento de disponer su traslado a tribunales.<\/figcaption><\/figure>\n","protected":false},"excerpt":{"rendered":"<p>En horas de la madrugada de ayer personal en la poblaci\u00f3n de Carabineros de San Felipe logr\u00f3 la detenci\u00f3n de un individuo de iniciales O.A.A.P., de 37 a\u00f1os de edad, quien hab\u00eda&#8230;<\/p>\n","protected":false},"author":482,"featured_media":112084,"comment_status":"closed","ping_status":"open","sticky":false,"template":"","format":"standard","meta":{"advanced_seo_description":"","jetpack_seo_html_title":"","jetpack_seo_noindex":false,"_jetpack_memberships_contains_paid_content":false,"footnotes":""},"categories":[21],"tags":[],"class_list":["post-112082","post","type-post","status-publish","format-standard","has-post-thumbnail","hentry","category-policial"],"jetpack_featured_media_url":"https:\/\/i0.wp.com\/eltrabajo.cl\/portal\/wp-content\/uploads\/2021\/12\/robo-Imputado.jpg?fit=699%2C491&ssl=1","jetpack_sharing_enabled":true,"jetpack_likes_enabled":true,"jetpack-related-posts":[],"_links":{"self":[{"href":"https:\/\/eltrabajo.cl\/portal\/wp-json\/wp\/v2\/posts\/112082","targetHints":{"allow":["GET"]}}],"collection":[{"href":"https:\/\/eltrabajo.cl\/portal\/wp-json\/wp\/v2\/posts"}],"about":[{"href":"https:\/\/eltrabajo.cl\/portal\/wp-json\/wp\/v2\/types\/post"}],"author":[{"embeddable":true,"href":"https:\/\/eltrabajo.cl\/portal\/wp-json\/wp\/v2\/users\/482"}],"replies":[{"embeddable":true,"href":"https:\/\/eltrabajo.cl\/portal\/wp-json\/wp\/v2\/comments?post=112082"}],"version-history":[{"count":0,"href":"https:\/\/eltrabajo.cl\/portal\/wp-json\/wp\/v2\/posts\/112082\/revisions"}],"wp:featuredmedia":[{"embeddable":true,"href":"https:\/\/eltrabajo.cl\/portal\/wp-json\/wp\/v2\/media\/112084"}],"wp:attachment":[{"href":"https:\/\/eltrabajo.cl\/portal\/wp-json\/wp\/v2\/media?parent=112082"}],"wp:term":[{"taxonomy":"category","embeddable":true,"href":"https:\/\/eltrabajo.cl\/portal\/wp-json\/wp\/v2\/categories?post=112082"},{"taxonomy":"post_tag","embeddable":true,"href":"https:\/\/eltrabajo.cl\/portal\/wp-json\/wp\/v2\/tags?post=112082"}],"curies":[{"name":"wp","href":"https:\/\/api.w.org\/{rel}","templated":true}]}}