{"id":112098,"date":"2021-12-30T07:35:29","date_gmt":"2021-12-30T10:35:29","guid":{"rendered":"https:\/\/eltrabajo.cl\/portal\/?p=112098"},"modified":"2021-12-30T21:55:07","modified_gmt":"2021-12-31T00:55:07","slug":"detenido-sujeto-portando-pistola-modificada-para-disparar-y-tiros-de-escopeta","status":"publish","type":"post","link":"https:\/\/eltrabajo.cl\/portal\/detenido-sujeto-portando-pistola-modificada-para-disparar-y-tiros-de-escopeta\/","title":{"rendered":"Detenido sujeto portando pistola modificada para disparar y tiros de escopeta"},"content":{"rendered":"<p style=\"text-align: left;\"><span style=\"color: #ff0000;\"><strong>Carabineros de San Felipe:<\/strong><\/span><\/p>\n<p style=\"text-align: justify;\">Personal de Carabineros de la Segunda Comisar\u00eda de San Felipe detuvo ayer en la madrugada a un sujeto que portaba armamento modificado y munici\u00f3n de escopeta, calibre 12 y pistola. Se trata del imputado de iniciales <strong>M.A.F.V.<\/strong>, de 39 a\u00f1os, domiciliado en San Felipe.<\/p>\n<p style=\"text-align: justify;\">Desde Carabineros fue el comisario subrogante, capit\u00e1n <strong>Rafael Ram\u00edrez Vallejos<\/strong>, quien se\u00f1al\u00f3 a nuestro medio que siendo <em>\u00ablas 3 de la ma\u00f1ana aproximadamente, personal de la Segunda Comisar\u00eda San Felipe, de servicio en la poblaci\u00f3n, tras un llamado de la Central de Comunicaciones donde se\u00f1alaba que seg\u00fan vecinos andaba un individuo con actitudes sospechosas. Ante este llamado personal concurre a la intersecci\u00f3n de la Avenida Diego de Almagro con Santo Domingo, donde sorprenden a un sujeto que estaba bajando de un veh\u00edculo y procediendo a la fiscalizaci\u00f3n de este sujeto y dentro de sus pertenencias le encuentran una pistola a fogueo, que estaba modificada para el disparo, con su ca\u00f1o obturado para proceder a efectuar disparos. Adem\u00e1s de eso le encontraron munici\u00f3n en el interior del veh\u00edculo de escopeta calibre 12 y cartuchos de 9 mil\u00edmetros de pistola\u00bb,<\/em> dice el oficial.<\/p>\n<p style=\"text-align: justify;\">El veh\u00edculo corresponde a uno tipo station wagon marca Hyundai Tucson color gris, con la parte delantera chocada.<\/p>\n<p style=\"text-align: justify;\">El sujeto no ten\u00eda licencia de conducir.<\/p>\n<p style=\"text-align: justify;\">El armamento se encontraba en una maleta negra; una arma de fuego m\u00e1s 2 cargadores con munici\u00f3n en su interior.<\/p>\n<p style=\"text-align: justify;\">Al continuar con el registro se encontr\u00f3 tambi\u00e9n una caja con m\u00e1s munici\u00f3n modificada y cartuchos de escopeta sin percutar.<\/p>\n<p style=\"text-align: justify;\">Debido a todo lo anterior se procedi\u00f3 a la detenci\u00f3n del sujeto, dando cuenta al Fiscal de Turno, quien dispuso que pasara a control de detenci\u00f3n ayer en la ma\u00f1ana ante el Juzgado de Garant\u00eda de San Felipe, para su formalizaci\u00f3n respectiva.<\/p>\n<figure id=\"attachment_112099\" aria-describedby=\"caption-attachment-112099\" style=\"width: 699px\" class=\"wp-caption alignnone\"><img data-recalc-dims=\"1\" loading=\"lazy\" decoding=\"async\" class=\"size-full wp-image-112099\" src=\"https:\/\/i0.wp.com\/eltrabajo.cl\/portal\/wp-content\/uploads\/2021\/12\/det-Imputado.jpg?resize=640%2C447&#038;ssl=1\" alt=\"El imputado saliendo del cuartel de Carabineros custodiado por personal policial.\" width=\"640\" height=\"447\" srcset=\"https:\/\/i0.wp.com\/eltrabajo.cl\/portal\/wp-content\/uploads\/2021\/12\/det-Imputado.jpg?w=699&amp;ssl=1 699w, https:\/\/i0.wp.com\/eltrabajo.cl\/portal\/wp-content\/uploads\/2021\/12\/det-Imputado.jpg?resize=300%2C209&amp;ssl=1 300w, https:\/\/i0.wp.com\/eltrabajo.cl\/portal\/wp-content\/uploads\/2021\/12\/det-Imputado.jpg?resize=200%2C140&amp;ssl=1 200w, https:\/\/i0.wp.com\/eltrabajo.cl\/portal\/wp-content\/uploads\/2021\/12\/det-Imputado.jpg?resize=696%2C486&amp;ssl=1 696w\" sizes=\"auto, (max-width: 640px) 100vw, 640px\" \/><figcaption id=\"caption-attachment-112099\" class=\"wp-caption-text\">El imputado saliendo del cuartel de Carabineros custodiado por personal policial.<\/figcaption><\/figure>\n<figure id=\"attachment_112100\" aria-describedby=\"caption-attachment-112100\" style=\"width: 699px\" class=\"wp-caption alignnone\"><img data-recalc-dims=\"1\" loading=\"lazy\" decoding=\"async\" class=\"size-full wp-image-112100\" src=\"https:\/\/i0.wp.com\/eltrabajo.cl\/portal\/wp-content\/uploads\/2021\/12\/det-Municion.jpg?resize=640%2C481&#038;ssl=1\" alt=\"En la imagen se puede apreciar el arma modificada y la munici\u00f3n incautada.\" width=\"640\" height=\"481\" srcset=\"https:\/\/i0.wp.com\/eltrabajo.cl\/portal\/wp-content\/uploads\/2021\/12\/det-Municion.jpg?w=699&amp;ssl=1 699w, https:\/\/i0.wp.com\/eltrabajo.cl\/portal\/wp-content\/uploads\/2021\/12\/det-Municion.jpg?resize=300%2C225&amp;ssl=1 300w, https:\/\/i0.wp.com\/eltrabajo.cl\/portal\/wp-content\/uploads\/2021\/12\/det-Municion.jpg?resize=200%2C150&amp;ssl=1 200w, https:\/\/i0.wp.com\/eltrabajo.cl\/portal\/wp-content\/uploads\/2021\/12\/det-Municion.jpg?resize=696%2C523&amp;ssl=1 696w\" sizes=\"auto, (max-width: 640px) 100vw, 640px\" \/><figcaption id=\"caption-attachment-112100\" class=\"wp-caption-text\">En la imagen se puede apreciar el arma modificada y la munici\u00f3n incautada.<\/figcaption><\/figure>\n","protected":false},"excerpt":{"rendered":"<p>Carabineros de San Felipe: Personal de Carabineros de la Segunda Comisar\u00eda de San Felipe detuvo ayer en la madrugada a un sujeto que portaba armamento modificado y munici\u00f3n de escopeta, calibre 12&#8230;<\/p>\n","protected":false},"author":482,"featured_media":112099,"comment_status":"closed","ping_status":"open","sticky":false,"template":"","format":"standard","meta":{"advanced_seo_description":"","jetpack_seo_html_title":"","jetpack_seo_noindex":false,"_jetpack_memberships_contains_paid_content":false,"footnotes":""},"categories":[21],"tags":[],"class_list":["post-112098","post","type-post","status-publish","format-standard","has-post-thumbnail","hentry","category-policial"],"jetpack_featured_media_url":"https:\/\/i0.wp.com\/eltrabajo.cl\/portal\/wp-content\/uploads\/2021\/12\/det-Imputado.jpg?fit=699%2C488&ssl=1","jetpack_sharing_enabled":true,"jetpack_likes_enabled":true,"jetpack-related-posts":[],"_links":{"self":[{"href":"https:\/\/eltrabajo.cl\/portal\/wp-json\/wp\/v2\/posts\/112098","targetHints":{"allow":["GET"]}}],"collection":[{"href":"https:\/\/eltrabajo.cl\/portal\/wp-json\/wp\/v2\/posts"}],"about":[{"href":"https:\/\/eltrabajo.cl\/portal\/wp-json\/wp\/v2\/types\/post"}],"author":[{"embeddable":true,"href":"https:\/\/eltrabajo.cl\/portal\/wp-json\/wp\/v2\/users\/482"}],"replies":[{"embeddable":true,"href":"https:\/\/eltrabajo.cl\/portal\/wp-json\/wp\/v2\/comments?post=112098"}],"version-history":[{"count":0,"href":"https:\/\/eltrabajo.cl\/portal\/wp-json\/wp\/v2\/posts\/112098\/revisions"}],"wp:featuredmedia":[{"embeddable":true,"href":"https:\/\/eltrabajo.cl\/portal\/wp-json\/wp\/v2\/media\/112099"}],"wp:attachment":[{"href":"https:\/\/eltrabajo.cl\/portal\/wp-json\/wp\/v2\/media?parent=112098"}],"wp:term":[{"taxonomy":"category","embeddable":true,"href":"https:\/\/eltrabajo.cl\/portal\/wp-json\/wp\/v2\/categories?post=112098"},{"taxonomy":"post_tag","embeddable":true,"href":"https:\/\/eltrabajo.cl\/portal\/wp-json\/wp\/v2\/tags?post=112098"}],"curies":[{"name":"wp","href":"https:\/\/api.w.org\/{rel}","templated":true}]}}