{"id":112106,"date":"2021-12-30T07:45:24","date_gmt":"2021-12-30T10:45:24","guid":{"rendered":"https:\/\/eltrabajo.cl\/portal\/?p=112106"},"modified":"2021-12-29T22:57:07","modified_gmt":"2021-12-30T01:57:07","slug":"tres-personas-heridas-tras-choque-de-alta-energia-en-panquehue","status":"publish","type":"post","link":"https:\/\/eltrabajo.cl\/portal\/tres-personas-heridas-tras-choque-de-alta-energia-en-panquehue\/","title":{"rendered":"Tres personas heridas tras choque de alta energ\u00eda en Panquehue"},"content":{"rendered":"<ul style=\"text-align: justify;\">\n<li style=\"text-align: left;\"><strong>Accidente se produjo la ma\u00f1ana de ayer entre un furg\u00f3n y un auto menor.-<\/strong><\/li>\n<\/ul>\n<p style=\"text-align: justify;\">Tres personas resultaron lesionadas tras protagonizar un violento accidente vehicular la ma\u00f1ana de ayer mi\u00e9rcoles en la comuna de Panquehue. Un furg\u00f3n en el que se movilizaban dos personas, y un auto menor en que iba la misma cantidad de ocupantes, fueron quienes se vieron involucrados en el choque.<\/p>\n<p style=\"text-align: justify;\">Al lugar llegaron los equipos de emergencia para prestar la ayuda de rigor. Fue el comandante del Cuerpo de Bomberos de San Felipe, <strong>Juan Carlos Herrera Lillo<\/strong>, quien se\u00f1al\u00f3 que <em>\u00abpor los antecedentes que tenemos, concurri\u00f3 la Sexta Compa\u00f1\u00eda de Panquehue, fue un choque entre un furg\u00f3n y un veh\u00edculo menor, en el \u00faltimo se trasladaban dos mujeres, la mam\u00e1 y la hija que sufrieron algunas lesiones, y en el furg\u00f3n dos personas tambi\u00e9n; el acompa\u00f1ante era de una empresa de seguridad. En total hubo tres personas lesionadas\u00bb. <\/em><\/p>\n<p style=\"text-align: justify;\">Choque de alta energ\u00eda que dej\u00f3 a los veh\u00edculos muy cerca de impactar a un local comercial. <em>\u00abUno de los autos qued\u00f3 en la esquina casi al interior de un negocio. El trabajo fue r\u00e1pido de bomberos para hacer una evaluaci\u00f3n de las personas que se encontraban al interior de los veh\u00edculos, afortunadamente no hubo lesiones de gravedad\u00bb, <\/em>detall\u00f3 Herrera.<\/p>\n<p style=\"text-align: justify;\">El accidente provoc\u00f3 congesti\u00f3n vehicular en horas de la ma\u00f1ana, y pasados unos minutos se restableci\u00f3 el tr\u00e1nsito vehicular. El comandante de Bomberos adem\u00e1s precis\u00f3 que <em>\u00abel trabajo siempre de bomberos en este sentido es acudir r\u00e1pido, evitar que los autos se puedan incendiar, sacar las bater\u00edas por ejemplo y evaluar a las personas que van en los veh\u00edculos\u00bb.<\/em><\/p>\n<figure id=\"attachment_112107\" aria-describedby=\"caption-attachment-112107\" style=\"width: 700px\" class=\"wp-caption alignnone\"><img data-recalc-dims=\"1\" loading=\"lazy\" decoding=\"async\" class=\"size-full wp-image-112107\" src=\"https:\/\/i0.wp.com\/eltrabajo.cl\/portal\/wp-content\/uploads\/2021\/12\/heridos-1.jpg?resize=640%2C320&#038;ssl=1\" alt=\"A cent\u00edmetros de impactar un local comercial quedaron los veh\u00edculos involucrados en el accidente. \" width=\"640\" height=\"320\" srcset=\"https:\/\/i0.wp.com\/eltrabajo.cl\/portal\/wp-content\/uploads\/2021\/12\/heridos-1.jpg?w=700&amp;ssl=1 700w, https:\/\/i0.wp.com\/eltrabajo.cl\/portal\/wp-content\/uploads\/2021\/12\/heridos-1.jpg?resize=300%2C150&amp;ssl=1 300w, https:\/\/i0.wp.com\/eltrabajo.cl\/portal\/wp-content\/uploads\/2021\/12\/heridos-1.jpg?resize=200%2C100&amp;ssl=1 200w, https:\/\/i0.wp.com\/eltrabajo.cl\/portal\/wp-content\/uploads\/2021\/12\/heridos-1.jpg?resize=696%2C348&amp;ssl=1 696w\" sizes=\"auto, (max-width: 640px) 100vw, 640px\" \/><figcaption id=\"caption-attachment-112107\" class=\"wp-caption-text\">A cent\u00edmetros de impactar un local comercial quedaron los veh\u00edculos involucrados en el accidente.<\/figcaption><\/figure>\n<figure id=\"attachment_112108\" aria-describedby=\"caption-attachment-112108\" style=\"width: 698px\" class=\"wp-caption alignnone\"><img data-recalc-dims=\"1\" loading=\"lazy\" decoding=\"async\" class=\"size-full wp-image-112108\" src=\"https:\/\/i0.wp.com\/eltrabajo.cl\/portal\/wp-content\/uploads\/2021\/12\/heridos-2.jpg?resize=640%2C464&#038;ssl=1\" alt=\"As\u00ed quedaron el furg\u00f3n y el autom\u00f3vil que protagonizaron el accidente.\" width=\"640\" height=\"464\" srcset=\"https:\/\/i0.wp.com\/eltrabajo.cl\/portal\/wp-content\/uploads\/2021\/12\/heridos-2.jpg?w=698&amp;ssl=1 698w, https:\/\/i0.wp.com\/eltrabajo.cl\/portal\/wp-content\/uploads\/2021\/12\/heridos-2.jpg?resize=300%2C217&amp;ssl=1 300w, https:\/\/i0.wp.com\/eltrabajo.cl\/portal\/wp-content\/uploads\/2021\/12\/heridos-2.jpg?resize=200%2C145&amp;ssl=1 200w, https:\/\/i0.wp.com\/eltrabajo.cl\/portal\/wp-content\/uploads\/2021\/12\/heridos-2.jpg?resize=696%2C505&amp;ssl=1 696w, https:\/\/i0.wp.com\/eltrabajo.cl\/portal\/wp-content\/uploads\/2021\/12\/heridos-2.jpg?resize=324%2C235&amp;ssl=1 324w\" sizes=\"auto, (max-width: 640px) 100vw, 640px\" \/><figcaption id=\"caption-attachment-112108\" class=\"wp-caption-text\">As\u00ed quedaron el furg\u00f3n y el autom\u00f3vil que protagonizaron el accidente.<\/figcaption><\/figure>\n<figure id=\"attachment_112109\" aria-describedby=\"caption-attachment-112109\" style=\"width: 699px\" class=\"wp-caption alignnone\"><img data-recalc-dims=\"1\" loading=\"lazy\" decoding=\"async\" class=\"size-full wp-image-112109\" src=\"https:\/\/i0.wp.com\/eltrabajo.cl\/portal\/wp-content\/uploads\/2021\/12\/heridos-3.jpg?resize=640%2C602&#038;ssl=1\" alt=\"As\u00ed quedaron el furg\u00f3n y el autom\u00f3vil que protagonizaron el accidente.\" width=\"640\" height=\"602\" srcset=\"https:\/\/i0.wp.com\/eltrabajo.cl\/portal\/wp-content\/uploads\/2021\/12\/heridos-3.jpg?w=699&amp;ssl=1 699w, https:\/\/i0.wp.com\/eltrabajo.cl\/portal\/wp-content\/uploads\/2021\/12\/heridos-3.jpg?resize=300%2C282&amp;ssl=1 300w, https:\/\/i0.wp.com\/eltrabajo.cl\/portal\/wp-content\/uploads\/2021\/12\/heridos-3.jpg?resize=159%2C150&amp;ssl=1 159w, https:\/\/i0.wp.com\/eltrabajo.cl\/portal\/wp-content\/uploads\/2021\/12\/heridos-3.jpg?resize=696%2C655&amp;ssl=1 696w\" sizes=\"auto, (max-width: 640px) 100vw, 640px\" \/><figcaption id=\"caption-attachment-112109\" class=\"wp-caption-text\">As\u00ed quedaron el furg\u00f3n y el autom\u00f3vil que protagonizaron el accidente.<\/figcaption><\/figure>\n","protected":false},"excerpt":{"rendered":"<p>Accidente se produjo la ma\u00f1ana de ayer entre un furg\u00f3n y un auto menor.- Tres personas resultaron lesionadas tras protagonizar un violento accidente vehicular la ma\u00f1ana de ayer mi\u00e9rcoles en la comuna&#8230;<\/p>\n","protected":false},"author":482,"featured_media":112107,"comment_status":"closed","ping_status":"open","sticky":false,"template":"","format":"standard","meta":{"advanced_seo_description":"","jetpack_seo_html_title":"","jetpack_seo_noindex":false,"_jetpack_memberships_contains_paid_content":false,"footnotes":""},"categories":[21],"tags":[],"class_list":["post-112106","post","type-post","status-publish","format-standard","has-post-thumbnail","hentry","category-policial"],"jetpack_featured_media_url":"https:\/\/i0.wp.com\/eltrabajo.cl\/portal\/wp-content\/uploads\/2021\/12\/heridos-1.jpg?fit=700%2C350&ssl=1","jetpack_sharing_enabled":true,"jetpack_likes_enabled":true,"jetpack-related-posts":[],"_links":{"self":[{"href":"https:\/\/eltrabajo.cl\/portal\/wp-json\/wp\/v2\/posts\/112106","targetHints":{"allow":["GET"]}}],"collection":[{"href":"https:\/\/eltrabajo.cl\/portal\/wp-json\/wp\/v2\/posts"}],"about":[{"href":"https:\/\/eltrabajo.cl\/portal\/wp-json\/wp\/v2\/types\/post"}],"author":[{"embeddable":true,"href":"https:\/\/eltrabajo.cl\/portal\/wp-json\/wp\/v2\/users\/482"}],"replies":[{"embeddable":true,"href":"https:\/\/eltrabajo.cl\/portal\/wp-json\/wp\/v2\/comments?post=112106"}],"version-history":[{"count":0,"href":"https:\/\/eltrabajo.cl\/portal\/wp-json\/wp\/v2\/posts\/112106\/revisions"}],"wp:featuredmedia":[{"embeddable":true,"href":"https:\/\/eltrabajo.cl\/portal\/wp-json\/wp\/v2\/media\/112107"}],"wp:attachment":[{"href":"https:\/\/eltrabajo.cl\/portal\/wp-json\/wp\/v2\/media?parent=112106"}],"wp:term":[{"taxonomy":"category","embeddable":true,"href":"https:\/\/eltrabajo.cl\/portal\/wp-json\/wp\/v2\/categories?post=112106"},{"taxonomy":"post_tag","embeddable":true,"href":"https:\/\/eltrabajo.cl\/portal\/wp-json\/wp\/v2\/tags?post=112106"}],"curies":[{"name":"wp","href":"https:\/\/api.w.org\/{rel}","templated":true}]}}