{"id":112134,"date":"2021-12-31T07:45:04","date_gmt":"2021-12-31T10:45:04","guid":{"rendered":"https:\/\/eltrabajo.cl\/portal\/?p=112134"},"modified":"2021-12-30T22:04:18","modified_gmt":"2021-12-31T01:04:18","slug":"ocho-kilos-de-droga-decomiso-el-os7-de-carabineros-en-san-felipe","status":"publish","type":"post","link":"https:\/\/eltrabajo.cl\/portal\/ocho-kilos-de-droga-decomiso-el-os7-de-carabineros-en-san-felipe\/","title":{"rendered":"Ocho kilos de droga decomis\u00f3 el OS7 de Carabineros en San Felipe"},"content":{"rendered":"<ul style=\"text-align: justify;\">\n<li style=\"text-align: left;\"><strong>Detenido hab\u00eda quedado en libertad hace dos meses tras cumplir condena por el mismo delito.-<\/strong><\/li>\n<\/ul>\n<p style=\"text-align: justify;\">Un duro golpe al tr\u00e1fico de drogas dio el OS7 de Carabineros en nuestra ciudad tras detener a un hombre y decomisar ocho kilos de marihuana. El procedimiento se gest\u00f3 durante el pasado mi\u00e9rcoles y permiti\u00f3 sacar de circulaci\u00f3n una importante cantidad de sustancias il\u00edcitas.<\/p>\n<p style=\"text-align: justify;\">El teniente coronel y prefecto (s) de Carabineros, <strong>Claudio Saavedra<\/strong>, detall\u00f3 que <em>\u00abesto nace de una denuncia an\u00f3nima de un vecino que estaba muy complicado con esta situaci\u00f3n, en base a eso, se utilizaron las estrategias de los agentes anti drogas para poder establecer en primera instancia la comercializaci\u00f3n en peque\u00f1as cantidades de esta droga, donde se logra la detenci\u00f3n de un hombre de 43 a\u00f1os que es residente de San Felipe\u00bb.<\/em><\/p>\n<p style=\"text-align: justify;\">En este sentido, Saavedra agreg\u00f3 que <em>\u00abse efectuaron otro tipo de diligencias donde se logra establecer que esta persona ten\u00eda m\u00e1s cantidad de drogas en un domicilio donde estaba acopiada. En base a eso se solicitaron las autorizaciones respectivas al ministerio p\u00fablico, quien accede al ingreso y se logra encontrar ocho kilos de marihuana y en una primera instancia se decomisa 294 papelillos de pasta base de coca\u00edna\u00bb. <\/em><\/p>\n<p style=\"text-align: justify;\">Droga que est\u00e1 avaluada en 35 millones de pesos, y con esto, adem\u00e1s, se logr\u00f3 sacar de circulaci\u00f3n 25 mil dosis de droga destinada al consumo.<\/p>\n<p style=\"text-align: justify;\">El detenido tambi\u00e9n ya hab\u00eda estado preso por el mismo delito, el prefecto (s) se\u00f1al\u00f3 que <em>\u00abel d\u00eda 23 de octubre hab\u00eda recuperado la libertad, toda vez que estaba privado de libertad por un delito de las mismas caracter\u00edsticas\u00bb.<\/em><\/p>\n<p style=\"text-align: justify;\">Con este procedimiento, el OS7 de Carabineros ha logrado decomisar m\u00e1s de cien kilos de droga durante el a\u00f1o 2021.<\/p>\n<figure id=\"attachment_112135\" aria-describedby=\"caption-attachment-112135\" style=\"width: 700px\" class=\"wp-caption alignnone\"><img data-recalc-dims=\"1\" loading=\"lazy\" decoding=\"async\" class=\"size-full wp-image-112135\" src=\"https:\/\/i0.wp.com\/eltrabajo.cl\/portal\/wp-content\/uploads\/2021\/12\/droga.jpg?resize=640%2C480&#038;ssl=1\" alt=\"Evidencia de los ocho kilos de droga decomisada por el OS7 en San Felipe.\" width=\"640\" height=\"480\" srcset=\"https:\/\/i0.wp.com\/eltrabajo.cl\/portal\/wp-content\/uploads\/2021\/12\/droga.jpg?w=700&amp;ssl=1 700w, https:\/\/i0.wp.com\/eltrabajo.cl\/portal\/wp-content\/uploads\/2021\/12\/droga.jpg?resize=300%2C225&amp;ssl=1 300w, https:\/\/i0.wp.com\/eltrabajo.cl\/portal\/wp-content\/uploads\/2021\/12\/droga.jpg?resize=200%2C150&amp;ssl=1 200w, https:\/\/i0.wp.com\/eltrabajo.cl\/portal\/wp-content\/uploads\/2021\/12\/droga.jpg?resize=696%2C522&amp;ssl=1 696w\" sizes=\"auto, (max-width: 640px) 100vw, 640px\" \/><figcaption id=\"caption-attachment-112135\" class=\"wp-caption-text\">Evidencia de los ocho kilos de droga decomisada por el OS7 en San Felipe.<\/figcaption><\/figure>\n","protected":false},"excerpt":{"rendered":"<p>Detenido hab\u00eda quedado en libertad hace dos meses tras cumplir condena por el mismo delito.- Un duro golpe al tr\u00e1fico de drogas dio el OS7 de Carabineros en nuestra ciudad tras detener&#8230;<\/p>\n","protected":false},"author":482,"featured_media":112135,"comment_status":"closed","ping_status":"open","sticky":false,"template":"","format":"standard","meta":{"advanced_seo_description":"","jetpack_seo_html_title":"","jetpack_seo_noindex":false,"_jetpack_memberships_contains_paid_content":false,"footnotes":""},"categories":[21],"tags":[],"class_list":["post-112134","post","type-post","status-publish","format-standard","has-post-thumbnail","hentry","category-policial"],"jetpack_featured_media_url":"https:\/\/i0.wp.com\/eltrabajo.cl\/portal\/wp-content\/uploads\/2021\/12\/droga.jpg?fit=700%2C525&ssl=1","jetpack_sharing_enabled":true,"jetpack_likes_enabled":true,"jetpack-related-posts":[],"_links":{"self":[{"href":"https:\/\/eltrabajo.cl\/portal\/wp-json\/wp\/v2\/posts\/112134","targetHints":{"allow":["GET"]}}],"collection":[{"href":"https:\/\/eltrabajo.cl\/portal\/wp-json\/wp\/v2\/posts"}],"about":[{"href":"https:\/\/eltrabajo.cl\/portal\/wp-json\/wp\/v2\/types\/post"}],"author":[{"embeddable":true,"href":"https:\/\/eltrabajo.cl\/portal\/wp-json\/wp\/v2\/users\/482"}],"replies":[{"embeddable":true,"href":"https:\/\/eltrabajo.cl\/portal\/wp-json\/wp\/v2\/comments?post=112134"}],"version-history":[{"count":0,"href":"https:\/\/eltrabajo.cl\/portal\/wp-json\/wp\/v2\/posts\/112134\/revisions"}],"wp:featuredmedia":[{"embeddable":true,"href":"https:\/\/eltrabajo.cl\/portal\/wp-json\/wp\/v2\/media\/112135"}],"wp:attachment":[{"href":"https:\/\/eltrabajo.cl\/portal\/wp-json\/wp\/v2\/media?parent=112134"}],"wp:term":[{"taxonomy":"category","embeddable":true,"href":"https:\/\/eltrabajo.cl\/portal\/wp-json\/wp\/v2\/categories?post=112134"},{"taxonomy":"post_tag","embeddable":true,"href":"https:\/\/eltrabajo.cl\/portal\/wp-json\/wp\/v2\/tags?post=112134"}],"curies":[{"name":"wp","href":"https:\/\/api.w.org\/{rel}","templated":true}]}}