{"id":112143,"date":"2021-12-31T07:55:14","date_gmt":"2021-12-31T10:55:14","guid":{"rendered":"https:\/\/eltrabajo.cl\/portal\/?p=112143"},"modified":"2021-12-30T22:11:07","modified_gmt":"2021-12-31T01:11:07","slug":"incendio-estructural-deja-a-una-familia-apenas-con-lo-puesto-en-bellavista","status":"publish","type":"post","link":"https:\/\/eltrabajo.cl\/portal\/incendio-estructural-deja-a-una-familia-apenas-con-lo-puesto-en-bellavista\/","title":{"rendered":"Incendio estructural deja a una familia apenas con lo puesto en Bellavista"},"content":{"rendered":"<p style=\"text-align: left;\"><span style=\"color: #ff0000;\"><strong>Se necesita de todo para levantar a matrimonio y un hijo:<\/strong><\/span><\/p>\n<p style=\"text-align: justify;\">La vivienda que le llev\u00f3 a don <strong>Sergio Taucano<\/strong> a\u00f1os en levantar, estaba siendo consumida por un gigantesco incendio estructural la tarde de este jueves 30 de diciembre en calle La Ca\u00f1ada de Bellavista. Cinco potentes estallidos de balones de gas agravaron m\u00e1s el siniestro en desarrollo. \u00c9l, su esposa y su hijo, quedaron apenas con lo puesto, y en este lamentable escenario recibir\u00e1 esta familia sanfelipe\u00f1a el a\u00f1o 2022, sin muebles, cocina, ropa, utensilios del hogar, sin paredes ni resguardo.<\/p>\n<p style=\"text-align: justify;\">\n<p style=\"text-align: justify;\"><span style=\"color: #ff0000;\">P\u00c9RDIDA TOTAL<\/span><\/p>\n<p style=\"text-align: justify;\">Seis compa\u00f1\u00edas del Cuerpo de Bomberos de San Felipe debieron emplearse a fondo para poder extinguir las llamas en el lugar, algunos vecinos apoyaron con mangueras con agua, llegaron tambi\u00e9n camiones aljibes de Putaendo, Rinconada y Santa Mar\u00eda y los aljibes de San Felipe cargados con agua.<\/p>\n<p style=\"text-align: justify;\"><strong>Diario El Trabajo<\/strong> habl\u00f3 con el comandante <strong>Juan Carlos Herrera Lillo<\/strong>, quien nos inform\u00f3 sobre el suceso. \u00ab<em>Este es un incendio estructural que se registr\u00f3 aqu\u00ed en el sector de Bellavista, donde a esta hora ya est\u00e1 siendo controlado. Se trat\u00f3 de un fuego sin control, afortunadamente la S\u00e9ptima Compa\u00f1\u00eda se despach\u00f3 r\u00e1pidamente al lugar y se pudo contener el incendio, evitando que se siguiera propagando. Afortunadamente no hab\u00eda nadie dentro de la vivienda al momento del incendio, en este momento se inicia la investigaci\u00f3n de este incendio, igual las p\u00e9rdidas son en un 100%\u00bb, <\/em>coment\u00f3 Herrera Lillo.<\/p>\n<p style=\"text-align: justify;\">\n<p style=\"text-align: justify;\"><span style=\"color: #ff0000;\">POSIBLE ORIGEN<\/span><\/p>\n<p style=\"text-align: justify;\">Seg\u00fan el propietario y jefe de familia del inmueble afectado, el incendio se habr\u00eda declarado a ra\u00edz de una chispa que salt\u00f3 a la vivienda desde la quema de maleza que ellos estaban haciendo cerca de la casa, as\u00ed nos lo dijo Sergio Taucano.<\/p>\n<p style=\"text-align: justify;\">\u00ab<em>No tengo idea qu\u00e9 pas\u00f3, pudo haber sido que est\u00e1bamos quemando una basura, creo que por ah\u00ed se arranc\u00f3 el fuego, en esta casa viv\u00edamos tres personas, yo de 55 a\u00f1os, mi se\u00f1ora de 34 y mi hijo que tiene 25 a\u00f1os de edad<\/em>\u00bb, coment\u00f3 don Sergio.<\/p>\n<p style=\"text-align: justify;\">Si nuestros lectores quieren apoyar a esta familia sanfelipe\u00f1a, pueden contactar a don Sergio en el <strong>+56993658374<\/strong>, \u00f3 bien a la Cuenta Rut <strong>9938922-2<\/strong> de Banco Estado. Esta familia necesita de todo, muebles, ropa, mercader\u00eda, zapatos, utensilios de cocina, lavadora, colchones, camas, cobijas, etc.<\/p>\n<p style=\"text-align: justify;\"><strong>Roberto Gonz\u00e1lez Short<\/strong><\/p>\n<figure id=\"attachment_112144\" aria-describedby=\"caption-attachment-112144\" style=\"width: 699px\" class=\"wp-caption alignnone\"><img data-recalc-dims=\"1\" loading=\"lazy\" decoding=\"async\" class=\"size-full wp-image-112144\" src=\"https:\/\/i0.wp.com\/eltrabajo.cl\/portal\/wp-content\/uploads\/2021\/12\/Estructural1.jpg?resize=640%2C441&#038;ssl=1\" alt=\"P\u00c9RDIDAS TOTALES.- Las p\u00e9rdidas materiales para esta familia vecina de Bellavista son totales, est\u00e1n necesitando manos amigas para poder levantarse de nuevo.\" width=\"640\" height=\"441\" srcset=\"https:\/\/i0.wp.com\/eltrabajo.cl\/portal\/wp-content\/uploads\/2021\/12\/Estructural1.jpg?w=699&amp;ssl=1 699w, https:\/\/i0.wp.com\/eltrabajo.cl\/portal\/wp-content\/uploads\/2021\/12\/Estructural1.jpg?resize=300%2C207&amp;ssl=1 300w, https:\/\/i0.wp.com\/eltrabajo.cl\/portal\/wp-content\/uploads\/2021\/12\/Estructural1.jpg?resize=200%2C138&amp;ssl=1 200w, https:\/\/i0.wp.com\/eltrabajo.cl\/portal\/wp-content\/uploads\/2021\/12\/Estructural1.jpg?resize=218%2C150&amp;ssl=1 218w, https:\/\/i0.wp.com\/eltrabajo.cl\/portal\/wp-content\/uploads\/2021\/12\/Estructural1.jpg?resize=696%2C480&amp;ssl=1 696w\" sizes=\"auto, (max-width: 640px) 100vw, 640px\" \/><figcaption id=\"caption-attachment-112144\" class=\"wp-caption-text\">P\u00c9RDIDAS TOTALES.- Las p\u00e9rdidas materiales para esta familia vecina de Bellavista son totales, est\u00e1n necesitando manos amigas para poder levantarse de nuevo.<\/figcaption><\/figure>\n<figure id=\"attachment_112145\" aria-describedby=\"caption-attachment-112145\" style=\"width: 699px\" class=\"wp-caption alignnone\"><img data-recalc-dims=\"1\" loading=\"lazy\" decoding=\"async\" class=\"size-full wp-image-112145\" src=\"https:\/\/i0.wp.com\/eltrabajo.cl\/portal\/wp-content\/uploads\/2021\/12\/Estructural2.jpg?resize=640%2C428&#038;ssl=1\" alt=\"APOYEMOS AHORA.- Entre vecinos y bomberos lograron frenar las llamas, pero nada se pudo recuperar.\" width=\"640\" height=\"428\" srcset=\"https:\/\/i0.wp.com\/eltrabajo.cl\/portal\/wp-content\/uploads\/2021\/12\/Estructural2.jpg?w=699&amp;ssl=1 699w, https:\/\/i0.wp.com\/eltrabajo.cl\/portal\/wp-content\/uploads\/2021\/12\/Estructural2.jpg?resize=300%2C200&amp;ssl=1 300w, https:\/\/i0.wp.com\/eltrabajo.cl\/portal\/wp-content\/uploads\/2021\/12\/Estructural2.jpg?resize=200%2C134&amp;ssl=1 200w, https:\/\/i0.wp.com\/eltrabajo.cl\/portal\/wp-content\/uploads\/2021\/12\/Estructural2.jpg?resize=696%2C465&amp;ssl=1 696w\" sizes=\"auto, (max-width: 640px) 100vw, 640px\" \/><figcaption id=\"caption-attachment-112145\" class=\"wp-caption-text\">APOYEMOS AHORA.- Entre vecinos y bomberos lograron frenar las llamas, pero nada se pudo recuperar.<\/figcaption><\/figure>\n","protected":false},"excerpt":{"rendered":"<p>Se necesita de todo para levantar a matrimonio y un hijo: La vivienda que le llev\u00f3 a don Sergio Taucano a\u00f1os en levantar, estaba siendo consumida por un gigantesco incendio estructural la&#8230;<\/p>\n","protected":false},"author":482,"featured_media":112145,"comment_status":"closed","ping_status":"open","sticky":false,"template":"","format":"standard","meta":{"advanced_seo_description":"","jetpack_seo_html_title":"","jetpack_seo_noindex":false,"_jetpack_memberships_contains_paid_content":false,"footnotes":""},"categories":[21],"tags":[],"class_list":["post-112143","post","type-post","status-publish","format-standard","has-post-thumbnail","hentry","category-policial"],"jetpack_featured_media_url":"https:\/\/i0.wp.com\/eltrabajo.cl\/portal\/wp-content\/uploads\/2021\/12\/Estructural2.jpg?fit=699%2C467&ssl=1","jetpack_sharing_enabled":true,"jetpack_likes_enabled":true,"jetpack-related-posts":[],"_links":{"self":[{"href":"https:\/\/eltrabajo.cl\/portal\/wp-json\/wp\/v2\/posts\/112143","targetHints":{"allow":["GET"]}}],"collection":[{"href":"https:\/\/eltrabajo.cl\/portal\/wp-json\/wp\/v2\/posts"}],"about":[{"href":"https:\/\/eltrabajo.cl\/portal\/wp-json\/wp\/v2\/types\/post"}],"author":[{"embeddable":true,"href":"https:\/\/eltrabajo.cl\/portal\/wp-json\/wp\/v2\/users\/482"}],"replies":[{"embeddable":true,"href":"https:\/\/eltrabajo.cl\/portal\/wp-json\/wp\/v2\/comments?post=112143"}],"version-history":[{"count":0,"href":"https:\/\/eltrabajo.cl\/portal\/wp-json\/wp\/v2\/posts\/112143\/revisions"}],"wp:featuredmedia":[{"embeddable":true,"href":"https:\/\/eltrabajo.cl\/portal\/wp-json\/wp\/v2\/media\/112145"}],"wp:attachment":[{"href":"https:\/\/eltrabajo.cl\/portal\/wp-json\/wp\/v2\/media?parent=112143"}],"wp:term":[{"taxonomy":"category","embeddable":true,"href":"https:\/\/eltrabajo.cl\/portal\/wp-json\/wp\/v2\/categories?post=112143"},{"taxonomy":"post_tag","embeddable":true,"href":"https:\/\/eltrabajo.cl\/portal\/wp-json\/wp\/v2\/tags?post=112143"}],"curies":[{"name":"wp","href":"https:\/\/api.w.org\/{rel}","templated":true}]}}