{"id":112147,"date":"2021-12-31T08:00:53","date_gmt":"2021-12-31T11:00:53","guid":{"rendered":"https:\/\/eltrabajo.cl\/portal\/?p=112147"},"modified":"2021-12-30T22:13:29","modified_gmt":"2021-12-31T01:13:29","slug":"menor-de-4-anos-muere-atropellado-por-camion-en-su-bicicleta","status":"publish","type":"post","link":"https:\/\/eltrabajo.cl\/portal\/menor-de-4-anos-muere-atropellado-por-camion-en-su-bicicleta\/","title":{"rendered":"Menor de 4 a\u00f1os muere atropellado por cami\u00f3n en su bicicleta"},"content":{"rendered":"<p style=\"text-align: left;\"><span style=\"color: #ff0000;\"><strong>\u00a1Tragedia familiar! en Tocornal con Cherc\u00e1n Tapia:<\/strong><\/span><\/p>\n<p style=\"text-align: justify;\">Una verdadera tragedia es la que se desat\u00f3 este mi\u00e9rcoles en la noche cuando, lamentablemente, un menor de cuatro a\u00f1os de edad perdi\u00f3 la vida en el Hospital San Camilo, lugar hasta donde fue llevado luego que fuera colisionado por un cami\u00f3n cuando se desplazaba en su bicicleta en el sector Tocornal con Cherc\u00e1n Tapia, en las instalaciones de unos juegos mec\u00e1nicos.<\/p>\n<p style=\"text-align: justify;\">Desde Carabineros fue el teniente <strong>Maximiliano Mu\u00f1oz<\/strong>, jefe del equipo SIAT, presente en el sitio del suceso, quien indic\u00f3 que una vez en el lugar <em>\u00abse logra establecer que hab\u00eda un menor de edad, de aproximadamente cuatro a\u00f1os, el cual se encontraba jugando en el interior, y los adultos estaban desmontando la carga y los juegos de diversi\u00f3n sobre los camiones. Entonces cuando se generan estos movimientos de los veh\u00edculo para ya empezar a mover y empezar a sacar los camiones, es que no se percatan\u00a0 que estaba este ni\u00f1o pr\u00f3ximo a la estructura de este cami\u00f3n, y es en ese instante que se genera la colisi\u00f3n entre el ni\u00f1o que estaba en bicicleta con estos veh\u00edculos. Camiones de gran estructura y obviamente queda bajo el veh\u00edculo. Se procede a llevar de forma inmediata al Hospital San Camilo y se data el fallecimiento, este habr\u00eda sido aproximadamente a las 20,00 horas\u00bb,<\/em> dice el oficial.<\/p>\n<p style=\"text-align: justify;\">El teniente Mu\u00f1oz aprovech\u00f3 para hacer un llamado a los padres para cuando se genere este tipo de trabajos, no vuelva a ocurrir una situaci\u00f3n tr\u00e1gica como esta.<\/p>\n<p style=\"text-align: justify;\">&#8211; <strong>\u00bfHay alg\u00fan parentesco entre la v\u00edctima y el conductor del cami\u00f3n?<\/strong><\/p>\n<p style=\"text-align: justify;\">&#8211; Aparentemente ser\u00eda padrino de la familia, no s\u00e9 si del menor de edad, pero s\u00ed de la familia.<\/p>\n<p style=\"text-align: justify;\">&#8211; <strong>\u00bfC\u00f3mo compadre de la familia como se dice en buen chileno?<\/strong><\/p>\n<p style=\"text-align: justify;\">&#8211; Claro, como se dice coloquialmente, compadre.<\/p>\n<p style=\"text-align: justify;\">&#8211; <strong>\u00bfSon conocidos en la familia?<\/strong><\/p>\n<p style=\"text-align: justify;\">&#8211; S\u00ed, este tipo de trabajo es como el de los circos, donde son todos conocidos, son todos familiares, entonces es una familia grande y la verdad no es la idea escarmentar aqu\u00ed ni darles la responsabilidad a los padres, conductor, pero de alguna forma tratar de generar consciencia a la ciudadan\u00eda, al Valle de Aconcagua que estos accidentes se pueden evitar.<\/p>\n<p style=\"text-align: justify;\">&#8211; <strong>\u00bfCu\u00e1l viene siendo la causa basal preliminar?<\/strong><\/p>\n<p style=\"text-align: justify;\">&#8211; La verdad que en este momento se est\u00e1n barajando varias hip\u00f3tesis, pero como le digo, aqu\u00ed lo m\u00e1s importante es el tema de la tutela y la preocupaci\u00f3n del ni\u00f1o, o sea no le podr\u00edamos dar una responsabilidad a un ni\u00f1o de cuatro a\u00f1os considerando que no tiene poder de discernimiento de lo que es peligroso ni mucho menos de la ley del tr\u00e1nsito, entonces va m\u00e1s asociada a los adultos.<\/p>\n<p style=\"text-align: justify;\">Tanto la v\u00edctima como el conductor ser\u00edan oriundos de Vi\u00f1a del Mar.<\/p>\n<p style=\"text-align: justify;\">El conductor, seg\u00fan lo ordenado por el fiscal de turno, qued\u00f3 en libertad en espera de citaci\u00f3n.<\/p>\n<p style=\"text-align: justify;\">Como medio de comunicaci\u00f3n no podemos quedar al margen y desde ac\u00e1 le enviamos nuestras condolencias a la familia del menor por esta horrible tragedia y que puedan encontrar m\u00e1s pronto que tarde el merecido consuelo.<\/p>\n<figure id=\"attachment_112148\" aria-describedby=\"caption-attachment-112148\" style=\"width: 700px\" class=\"wp-caption alignnone\"><img data-recalc-dims=\"1\" loading=\"lazy\" decoding=\"async\" class=\"size-full wp-image-112148\" src=\"https:\/\/i0.wp.com\/eltrabajo.cl\/portal\/wp-content\/uploads\/2021\/12\/juegos.jpg?resize=640%2C480&#038;ssl=1\" alt=\"En este lugar fue donde se produjo la tragedia que enlut\u00f3 a una familia a s\u00f3lo unos d\u00edas de empezar el a\u00f1o nuevo.\" width=\"640\" height=\"480\" srcset=\"https:\/\/i0.wp.com\/eltrabajo.cl\/portal\/wp-content\/uploads\/2021\/12\/juegos.jpg?w=700&amp;ssl=1 700w, https:\/\/i0.wp.com\/eltrabajo.cl\/portal\/wp-content\/uploads\/2021\/12\/juegos.jpg?resize=300%2C225&amp;ssl=1 300w, https:\/\/i0.wp.com\/eltrabajo.cl\/portal\/wp-content\/uploads\/2021\/12\/juegos.jpg?resize=200%2C150&amp;ssl=1 200w, https:\/\/i0.wp.com\/eltrabajo.cl\/portal\/wp-content\/uploads\/2021\/12\/juegos.jpg?resize=696%2C522&amp;ssl=1 696w\" sizes=\"auto, (max-width: 640px) 100vw, 640px\" \/><figcaption id=\"caption-attachment-112148\" class=\"wp-caption-text\">En este lugar fue donde se produjo la tragedia que enlut\u00f3 a una familia a s\u00f3lo unos d\u00edas de empezar el a\u00f1o nuevo.<\/figcaption><\/figure>\n","protected":false},"excerpt":{"rendered":"<p>\u00a1Tragedia familiar! en Tocornal con Cherc\u00e1n Tapia: Una verdadera tragedia es la que se desat\u00f3 este mi\u00e9rcoles en la noche cuando, lamentablemente, un menor de cuatro a\u00f1os de edad perdi\u00f3 la vida&#8230;<\/p>\n","protected":false},"author":482,"featured_media":112148,"comment_status":"closed","ping_status":"open","sticky":false,"template":"","format":"standard","meta":{"advanced_seo_description":"","jetpack_seo_html_title":"","jetpack_seo_noindex":false,"_jetpack_memberships_contains_paid_content":false,"footnotes":""},"categories":[21],"tags":[],"class_list":["post-112147","post","type-post","status-publish","format-standard","has-post-thumbnail","hentry","category-policial"],"jetpack_featured_media_url":"https:\/\/i0.wp.com\/eltrabajo.cl\/portal\/wp-content\/uploads\/2021\/12\/juegos.jpg?fit=700%2C525&ssl=1","jetpack_sharing_enabled":true,"jetpack_likes_enabled":true,"jetpack-related-posts":[],"_links":{"self":[{"href":"https:\/\/eltrabajo.cl\/portal\/wp-json\/wp\/v2\/posts\/112147","targetHints":{"allow":["GET"]}}],"collection":[{"href":"https:\/\/eltrabajo.cl\/portal\/wp-json\/wp\/v2\/posts"}],"about":[{"href":"https:\/\/eltrabajo.cl\/portal\/wp-json\/wp\/v2\/types\/post"}],"author":[{"embeddable":true,"href":"https:\/\/eltrabajo.cl\/portal\/wp-json\/wp\/v2\/users\/482"}],"replies":[{"embeddable":true,"href":"https:\/\/eltrabajo.cl\/portal\/wp-json\/wp\/v2\/comments?post=112147"}],"version-history":[{"count":0,"href":"https:\/\/eltrabajo.cl\/portal\/wp-json\/wp\/v2\/posts\/112147\/revisions"}],"wp:featuredmedia":[{"embeddable":true,"href":"https:\/\/eltrabajo.cl\/portal\/wp-json\/wp\/v2\/media\/112148"}],"wp:attachment":[{"href":"https:\/\/eltrabajo.cl\/portal\/wp-json\/wp\/v2\/media?parent=112147"}],"wp:term":[{"taxonomy":"category","embeddable":true,"href":"https:\/\/eltrabajo.cl\/portal\/wp-json\/wp\/v2\/categories?post=112147"},{"taxonomy":"post_tag","embeddable":true,"href":"https:\/\/eltrabajo.cl\/portal\/wp-json\/wp\/v2\/tags?post=112147"}],"curies":[{"name":"wp","href":"https:\/\/api.w.org\/{rel}","templated":true}]}}