{"id":112151,"date":"2022-01-03T07:30:46","date_gmt":"2022-01-03T10:30:46","guid":{"rendered":"https:\/\/eltrabajo.cl\/portal\/?p=112151"},"modified":"2022-01-02T22:29:41","modified_gmt":"2022-01-03T01:29:41","slug":"hoy-se-inicia-la-escuela-de-verano-de-la-rama-de-basquetbol-del-prat","status":"publish","type":"post","link":"https:\/\/eltrabajo.cl\/portal\/hoy-se-inicia-la-escuela-de-verano-de-la-rama-de-basquetbol-del-prat\/","title":{"rendered":"Hoy se inicia la escuela de verano\u00a0de la rama de b\u00e1squetbol del Prat"},"content":{"rendered":"<p style=\"text-align: left;\"><span style=\"color: #ff0000;\"><strong>Diez mil pesos por semana:<\/strong><\/span><\/p>\n<p style=\"text-align: justify;\">El inicio de este nuevo a\u00f1o la rama de b\u00e1squetbol del club Arturo Prat lo tom\u00f3 con el acelerador a fondo; el directorio que encabeza el directivo <strong>Exequiel Carvallo<\/strong> se ha puesto como objetivo central para estos doce meses, potenciar a\u00fan m\u00e1s y de manera decidida la pr\u00e1ctica de esta disciplina al interior del club del marinero y todo el valle de Aconcagua.<\/p>\n<p style=\"text-align: justify;\">Clave en el tema de crecimiento de cualquier rama deportiva son los ni\u00f1os(as), es por eso que desde hoy el a\u00f1oso coliseo de la calle Santo Domingo se llenar\u00e1 de alegr\u00eda y vitalidad con la presencia de peque\u00f1os y peque\u00f1as en la Escuela de Verano, taller que ser\u00e1 dirigido por el entrenador <strong>\u00c1lvaro Chac\u00f3n<\/strong>.<\/p>\n<p style=\"text-align: justify;\">Los talleres son abiertos a toda la comunidad y se extender\u00e1n durante tres semanas al m\u00f3dico precio de $10.000 (diez mil pesos), <em>\u00abla idea es que todos los ni\u00f1os(as) puedan participar, es por eso que hicimos el esfuerzo de poner un precio que sea accesible a cualquier bolsillo\u00bb,<\/em> se\u00f1al\u00f3 un directivo pratino a <strong>El Trabajo Deportivo<\/strong>.<\/p>\n<p style=\"text-align: justify;\">La Escuela de B\u00e1squetbol en verano abrir\u00e1 sus puertas a las 9 de la ma\u00f1ana de hoy y las cerrar\u00e1 el 21 del presente mes. Los interesados en matricular a sus hijos(as) en ella pueden recabar m\u00e1s antecedentes al n\u00famero telef\u00f3nico: 997410839, \u00f3 ingresar a la p\u00e1gina de Facebook \u2018Prat basketball\u2019.<\/p>\n<p style=\"text-align: justify;\">Las clases ser\u00e1n en los siguientes horarios:<\/p>\n<p style=\"text-align: justify;\">Menores de 9 a\u00f1os: 10 a 11 horas<\/p>\n<p style=\"text-align: justify;\">Menores de 12 a\u00f1os: 11 a 12 horas<\/p>\n<figure id=\"attachment_112152\" aria-describedby=\"caption-attachment-112152\" style=\"width: 699px\" class=\"wp-caption alignnone\"><img data-recalc-dims=\"1\" loading=\"lazy\" decoding=\"async\" class=\"size-full wp-image-112152\" src=\"https:\/\/i0.wp.com\/eltrabajo.cl\/portal\/wp-content\/uploads\/2022\/01\/Prat.jpg?resize=640%2C500&#038;ssl=1\" alt=\"Los m\u00e1s peque\u00f1os(as) hoy iniciar\u00e1n la Escuela de Verano producida por la rama de baloncesto del Prat.\" width=\"640\" height=\"500\" srcset=\"https:\/\/i0.wp.com\/eltrabajo.cl\/portal\/wp-content\/uploads\/2022\/01\/Prat.jpg?w=699&amp;ssl=1 699w, https:\/\/i0.wp.com\/eltrabajo.cl\/portal\/wp-content\/uploads\/2022\/01\/Prat.jpg?resize=300%2C234&amp;ssl=1 300w, https:\/\/i0.wp.com\/eltrabajo.cl\/portal\/wp-content\/uploads\/2022\/01\/Prat.jpg?resize=192%2C150&amp;ssl=1 192w, https:\/\/i0.wp.com\/eltrabajo.cl\/portal\/wp-content\/uploads\/2022\/01\/Prat.jpg?resize=696%2C544&amp;ssl=1 696w\" sizes=\"auto, (max-width: 640px) 100vw, 640px\" \/><figcaption id=\"caption-attachment-112152\" class=\"wp-caption-text\">Los m\u00e1s peque\u00f1os(as) hoy iniciar\u00e1n la Escuela de Verano producida por la rama de baloncesto del Prat.<\/figcaption><\/figure>\n","protected":false},"excerpt":{"rendered":"<p>Diez mil pesos por semana: El inicio de este nuevo a\u00f1o la rama de b\u00e1squetbol del club Arturo Prat lo tom\u00f3 con el acelerador a fondo; el directorio que encabeza el directivo&#8230;<\/p>\n","protected":false},"author":482,"featured_media":112152,"comment_status":"closed","ping_status":"open","sticky":false,"template":"","format":"standard","meta":{"advanced_seo_description":"","jetpack_seo_html_title":"","jetpack_seo_noindex":false,"_jetpack_memberships_contains_paid_content":false,"footnotes":""},"categories":[19],"tags":[],"class_list":["post-112151","post","type-post","status-publish","format-standard","has-post-thumbnail","hentry","category-deportes"],"jetpack_featured_media_url":"https:\/\/i0.wp.com\/eltrabajo.cl\/portal\/wp-content\/uploads\/2022\/01\/Prat.jpg?fit=699%2C546&ssl=1","jetpack_sharing_enabled":true,"jetpack_likes_enabled":true,"jetpack-related-posts":[],"_links":{"self":[{"href":"https:\/\/eltrabajo.cl\/portal\/wp-json\/wp\/v2\/posts\/112151","targetHints":{"allow":["GET"]}}],"collection":[{"href":"https:\/\/eltrabajo.cl\/portal\/wp-json\/wp\/v2\/posts"}],"about":[{"href":"https:\/\/eltrabajo.cl\/portal\/wp-json\/wp\/v2\/types\/post"}],"author":[{"embeddable":true,"href":"https:\/\/eltrabajo.cl\/portal\/wp-json\/wp\/v2\/users\/482"}],"replies":[{"embeddable":true,"href":"https:\/\/eltrabajo.cl\/portal\/wp-json\/wp\/v2\/comments?post=112151"}],"version-history":[{"count":0,"href":"https:\/\/eltrabajo.cl\/portal\/wp-json\/wp\/v2\/posts\/112151\/revisions"}],"wp:featuredmedia":[{"embeddable":true,"href":"https:\/\/eltrabajo.cl\/portal\/wp-json\/wp\/v2\/media\/112152"}],"wp:attachment":[{"href":"https:\/\/eltrabajo.cl\/portal\/wp-json\/wp\/v2\/media?parent=112151"}],"wp:term":[{"taxonomy":"category","embeddable":true,"href":"https:\/\/eltrabajo.cl\/portal\/wp-json\/wp\/v2\/categories?post=112151"},{"taxonomy":"post_tag","embeddable":true,"href":"https:\/\/eltrabajo.cl\/portal\/wp-json\/wp\/v2\/tags?post=112151"}],"curies":[{"name":"wp","href":"https:\/\/api.w.org\/{rel}","templated":true}]}}