{"id":112158,"date":"2022-01-03T07:40:43","date_gmt":"2022-01-03T10:40:43","guid":{"rendered":"https:\/\/eltrabajo.cl\/portal\/?p=112158"},"modified":"2022-01-02T22:36:36","modified_gmt":"2022-01-03T01:36:36","slug":"union-san-felipe-refuerza-su-mediocampo-con-un-hombre-de-experiencia","status":"publish","type":"post","link":"https:\/\/eltrabajo.cl\/portal\/union-san-felipe-refuerza-su-mediocampo-con-un-hombre-de-experiencia\/","title":{"rendered":"Uni\u00f3n San Felipe refuerza su mediocampo con un hombre de experiencia"},"content":{"rendered":"<p style=\"text-align: justify;\">Entre las novedades que mostrar\u00e1 Uni\u00f3n San Felipe en su renovado plantel 2022, el experimentado volante central <strong>\u00c1lvaro C\u00e9sped<\/strong>, ocupar\u00e1 un lugar de importancia. El jugador fue confirmado por la tienda sanfelipe\u00f1a como uno de los refuerzos para la pr\u00f3xima temporada en la cual el Un\u00ed Un\u00ed tiene agendado competir en el torneo oficial de la Primera B y la Copa Chile.<\/p>\n<p style=\"text-align: justify;\">El mediocampista deber\u00eda convertirse en uno de los elementos importantes en la estructura que desde hoy empezar\u00e1 a armar el entrenador <strong>Jonathan Orellana<\/strong>, al conocer a la perfecci\u00f3n la categor\u00eda, adem\u00e1s de haber militado en equipos con logros en ella, como lo son: San Luis de Quillota y Uni\u00f3n La Calera, clubes en los que tuvo sus mejores momentos de su carrera profesional.<\/p>\n<p style=\"text-align: justify;\">\u00c1lvaro C\u00e9sped Lartiga, quien en la actualidad tiene 30 a\u00f1os de edad, llega a Uni\u00f3n San Felipe luego de un irregular paso por Cobreloa, su \u00faltimo club antes de arribar a la instituci\u00f3n deportiva m\u00e1s importante de todo el valle de Aconcagua.<\/p>\n<p style=\"text-align: justify;\"><strong>Ficha T\u00e9cnica<\/strong><\/p>\n<p style=\"text-align: justify;\">Nombre: \u00c1lvaro Felipe C\u00e9sped Lartiga<\/p>\n<p style=\"text-align: justify;\">Fecha de Nacimiento: 10 de octubre de 1991<\/p>\n<p style=\"text-align: justify;\">Apodo: Varo, indio<\/p>\n<p style=\"text-align: justify;\">Carrera Profesional<\/p>\n<p style=\"text-align: justify;\">2010 -2015: San Luis de Quillota<\/p>\n<p style=\"text-align: justify;\">2016: Gimnasia y Esgrima de Jujuy<\/p>\n<p style=\"text-align: justify;\">2016-2018: San Luis<\/p>\n<p style=\"text-align: justify;\">2018: Uni\u00f3n La Calera<\/p>\n<p style=\"text-align: justify;\">2019 -2020: San Luis<\/p>\n<p style=\"text-align: justify;\">2021: Cobreloa<\/p>\n<figure id=\"attachment_112159\" aria-describedby=\"caption-attachment-112159\" style=\"width: 700px\" class=\"wp-caption alignnone\"><img data-recalc-dims=\"1\" loading=\"lazy\" decoding=\"async\" class=\"size-full wp-image-112159\" src=\"https:\/\/i0.wp.com\/eltrabajo.cl\/portal\/wp-content\/uploads\/2022\/01\/cesped.jpg?resize=640%2C453&#038;ssl=1\" alt=\"\u00c1lvaro C\u00e9sped es un experimentado volante central con pasos en varios equipos de la B chilena.\" width=\"640\" height=\"453\" srcset=\"https:\/\/i0.wp.com\/eltrabajo.cl\/portal\/wp-content\/uploads\/2022\/01\/cesped.jpg?w=700&amp;ssl=1 700w, https:\/\/i0.wp.com\/eltrabajo.cl\/portal\/wp-content\/uploads\/2022\/01\/cesped.jpg?resize=300%2C213&amp;ssl=1 300w, https:\/\/i0.wp.com\/eltrabajo.cl\/portal\/wp-content\/uploads\/2022\/01\/cesped.jpg?resize=200%2C142&amp;ssl=1 200w, https:\/\/i0.wp.com\/eltrabajo.cl\/portal\/wp-content\/uploads\/2022\/01\/cesped.jpg?resize=696%2C493&amp;ssl=1 696w\" sizes=\"auto, (max-width: 640px) 100vw, 640px\" \/><figcaption id=\"caption-attachment-112159\" class=\"wp-caption-text\">\u00c1lvaro C\u00e9sped es un experimentado volante central con pasos en varios equipos de la B chilena.<\/figcaption><\/figure>\n","protected":false},"excerpt":{"rendered":"<p>Entre las novedades que mostrar\u00e1 Uni\u00f3n San Felipe en su renovado plantel 2022, el experimentado volante central \u00c1lvaro C\u00e9sped, ocupar\u00e1 un lugar de importancia. El jugador fue confirmado por la tienda sanfelipe\u00f1a&#8230;<\/p>\n","protected":false},"author":482,"featured_media":112159,"comment_status":"closed","ping_status":"open","sticky":false,"template":"","format":"standard","meta":{"advanced_seo_description":"","jetpack_seo_html_title":"","jetpack_seo_noindex":false,"_jetpack_memberships_contains_paid_content":false,"footnotes":""},"categories":[19],"tags":[],"class_list":["post-112158","post","type-post","status-publish","format-standard","has-post-thumbnail","hentry","category-deportes"],"jetpack_featured_media_url":"https:\/\/i0.wp.com\/eltrabajo.cl\/portal\/wp-content\/uploads\/2022\/01\/cesped.jpg?fit=700%2C496&ssl=1","jetpack_sharing_enabled":true,"jetpack_likes_enabled":true,"jetpack-related-posts":[],"_links":{"self":[{"href":"https:\/\/eltrabajo.cl\/portal\/wp-json\/wp\/v2\/posts\/112158","targetHints":{"allow":["GET"]}}],"collection":[{"href":"https:\/\/eltrabajo.cl\/portal\/wp-json\/wp\/v2\/posts"}],"about":[{"href":"https:\/\/eltrabajo.cl\/portal\/wp-json\/wp\/v2\/types\/post"}],"author":[{"embeddable":true,"href":"https:\/\/eltrabajo.cl\/portal\/wp-json\/wp\/v2\/users\/482"}],"replies":[{"embeddable":true,"href":"https:\/\/eltrabajo.cl\/portal\/wp-json\/wp\/v2\/comments?post=112158"}],"version-history":[{"count":0,"href":"https:\/\/eltrabajo.cl\/portal\/wp-json\/wp\/v2\/posts\/112158\/revisions"}],"wp:featuredmedia":[{"embeddable":true,"href":"https:\/\/eltrabajo.cl\/portal\/wp-json\/wp\/v2\/media\/112159"}],"wp:attachment":[{"href":"https:\/\/eltrabajo.cl\/portal\/wp-json\/wp\/v2\/media?parent=112158"}],"wp:term":[{"taxonomy":"category","embeddable":true,"href":"https:\/\/eltrabajo.cl\/portal\/wp-json\/wp\/v2\/categories?post=112158"},{"taxonomy":"post_tag","embeddable":true,"href":"https:\/\/eltrabajo.cl\/portal\/wp-json\/wp\/v2\/tags?post=112158"}],"curies":[{"name":"wp","href":"https:\/\/api.w.org\/{rel}","templated":true}]}}