{"id":112171,"date":"2022-01-03T08:00:28","date_gmt":"2022-01-03T11:00:28","guid":{"rendered":"https:\/\/eltrabajo.cl\/portal\/?p=112171"},"modified":"2022-01-02T22:45:59","modified_gmt":"2022-01-03T01:45:59","slug":"condenan-a-sujeto-que-abuso-reiteradamente-de-su-propia-hija-menor-de-edad","status":"publish","type":"post","link":"https:\/\/eltrabajo.cl\/portal\/condenan-a-sujeto-que-abuso-reiteradamente-de-su-propia-hija-menor-de-edad\/","title":{"rendered":"Condenan a sujeto que abus\u00f3 reiteradamente de su propia hija menor de edad"},"content":{"rendered":"<p style=\"text-align: left;\"><span style=\"color: #ff0000;\"><strong>Sentenciado a 18 a\u00f1os de c\u00e1rcel:<\/strong><\/span><\/p>\n<p style=\"text-align: justify;\">El Tribunal Oral en Lo Penal de San Felipe conden\u00f3 a 18 a\u00f1os de c\u00e1rcel efectivos a un sujeto de iniciales <strong>A.E.V.C.<\/strong>, que abus\u00f3 sexualmente, en forma reiterada y agravada, contra su propia hija desde que ten\u00eda 11 a\u00f1os hasta despu\u00e9s de cumplir los 13.<\/p>\n<p style=\"text-align: justify;\">La informaci\u00f3n fue entregada por el fiscal especialista en delitos sexuales de la Fiscal\u00eda Local de San Felipe, <strong>Alejandro Bustos Ibarra<\/strong>, quien se\u00f1al\u00f3 que este juicio se realiz\u00f3 los d\u00edas 20 y 21 de diciembre del a\u00f1o 2021.<\/p>\n<p style=\"text-align: justify;\">El juicio oral tuvo lugar en San Felipe y fue <em>\u00abseguido en contra de un adulto a quien la fiscal\u00eda acus\u00f3 por haber realizado actos de connotaci\u00f3n sexual de relevancia a su propia hija desde que ella ten\u00eda 11 a\u00f1os, reiter\u00e1ndolos hasta despu\u00e9s de cumplir los 13, los que ten\u00edan lugar al interior del domicilio de la v\u00edctima\u00bb,<\/em> dice el fiscal Bustos Ibarra.<\/p>\n<p style=\"text-align: justify;\">\n<p style=\"text-align: justify;\"><span style=\"color: #ff0000;\">PRUEBAS PARA\u00a0ACREDITAR DELITOS<\/span><\/p>\n<p style=\"text-align: justify;\">Agreg\u00f3 que la Fiscal\u00eda Local de San Felipe present\u00f3 como pruebas la declaraci\u00f3n en el estrado de la v\u00edctima y su madre; <em>\u00abdel carabinero que acogi\u00f3 la denuncia, la exposici\u00f3n del perito del Centro de V\u00edctimas de Atentado Sexuales de la Polic\u00eda de Investigaciones de Valpara\u00edso, fotos del lugar y la hoja de atenci\u00f3n de urgencia del hospital San Camilo correspondiente a la constataci\u00f3n de lesiones de la ni\u00f1a, junto con otros documentos, sobre cuya base el Tribunal de Juicio Oral logr\u00f3 la convicci\u00f3n para condenar al imputado a 18 a\u00f1os de c\u00e1rcel\u00bb,<\/em> se\u00f1al\u00f3 el fiscal Bustos.<\/p>\n<p style=\"text-align: justify;\">El imputado actualmente se encuentra en prisi\u00f3n preventiva a la espera del t\u00e9rmino de los plazos y eventuales recursos que pudieran presentarse.<\/p>\n<figure id=\"attachment_112172\" aria-describedby=\"caption-attachment-112172\" style=\"width: 699px\" class=\"wp-caption alignnone\"><img data-recalc-dims=\"1\" loading=\"lazy\" decoding=\"async\" class=\"size-full wp-image-112172\" src=\"https:\/\/i0.wp.com\/eltrabajo.cl\/portal\/wp-content\/uploads\/2022\/01\/Fiscal-Bustos.jpg?resize=640%2C427&#038;ssl=1\" alt=\"Fiscal Alejandro Bustos Ibarra, especialista en delitos sexuales, a cargo de este caso.\" width=\"640\" height=\"427\" srcset=\"https:\/\/i0.wp.com\/eltrabajo.cl\/portal\/wp-content\/uploads\/2022\/01\/Fiscal-Bustos.jpg?w=699&amp;ssl=1 699w, https:\/\/i0.wp.com\/eltrabajo.cl\/portal\/wp-content\/uploads\/2022\/01\/Fiscal-Bustos.jpg?resize=300%2C200&amp;ssl=1 300w, https:\/\/i0.wp.com\/eltrabajo.cl\/portal\/wp-content\/uploads\/2022\/01\/Fiscal-Bustos.jpg?resize=200%2C133&amp;ssl=1 200w, https:\/\/i0.wp.com\/eltrabajo.cl\/portal\/wp-content\/uploads\/2022\/01\/Fiscal-Bustos.jpg?resize=696%2C464&amp;ssl=1 696w\" sizes=\"auto, (max-width: 640px) 100vw, 640px\" \/><figcaption id=\"caption-attachment-112172\" class=\"wp-caption-text\">Fiscal Alejandro Bustos Ibarra, especialista en delitos sexuales, a cargo de este caso.<\/figcaption><\/figure>\n<figure id=\"attachment_110274\" aria-describedby=\"caption-attachment-110274\" style=\"width: 699px\" class=\"wp-caption alignnone\"><img data-recalc-dims=\"1\" loading=\"lazy\" decoding=\"async\" class=\"size-full wp-image-110274\" src=\"https:\/\/i0.wp.com\/eltrabajo.cl\/portal\/wp-content\/uploads\/2021\/09\/violacion.jpg?resize=640%2C391&#038;ssl=1\" alt=\"La menor ten\u00eda menos de 14 a\u00f1os cuando comenzaron los abusos sexuales. (Foto referencial)\" width=\"640\" height=\"391\" srcset=\"https:\/\/i0.wp.com\/eltrabajo.cl\/portal\/wp-content\/uploads\/2021\/09\/violacion.jpg?w=699&amp;ssl=1 699w, https:\/\/i0.wp.com\/eltrabajo.cl\/portal\/wp-content\/uploads\/2021\/09\/violacion.jpg?resize=300%2C183&amp;ssl=1 300w, https:\/\/i0.wp.com\/eltrabajo.cl\/portal\/wp-content\/uploads\/2021\/09\/violacion.jpg?resize=200%2C122&amp;ssl=1 200w, https:\/\/i0.wp.com\/eltrabajo.cl\/portal\/wp-content\/uploads\/2021\/09\/violacion.jpg?resize=696%2C425&amp;ssl=1 696w\" sizes=\"auto, (max-width: 640px) 100vw, 640px\" \/><figcaption id=\"caption-attachment-110274\" class=\"wp-caption-text\">La menor ten\u00eda menos de 14 a\u00f1os cuando comenzaron los abusos sexuales. (Foto referencial)<\/figcaption><\/figure>\n","protected":false},"excerpt":{"rendered":"<p>Sentenciado a 18 a\u00f1os de c\u00e1rcel: El Tribunal Oral en Lo Penal de San Felipe conden\u00f3 a 18 a\u00f1os de c\u00e1rcel efectivos a un sujeto de iniciales A.E.V.C., que abus\u00f3 sexualmente, en&#8230;<\/p>\n","protected":false},"author":482,"featured_media":110274,"comment_status":"closed","ping_status":"open","sticky":false,"template":"","format":"standard","meta":{"advanced_seo_description":"","jetpack_seo_html_title":"","jetpack_seo_noindex":false,"_jetpack_memberships_contains_paid_content":false,"footnotes":""},"categories":[21],"tags":[],"class_list":["post-112171","post","type-post","status-publish","format-standard","has-post-thumbnail","hentry","category-policial"],"jetpack_featured_media_url":"https:\/\/i0.wp.com\/eltrabajo.cl\/portal\/wp-content\/uploads\/2021\/09\/violacion.jpg?fit=699%2C427&ssl=1","jetpack_sharing_enabled":true,"jetpack_likes_enabled":true,"jetpack-related-posts":[],"_links":{"self":[{"href":"https:\/\/eltrabajo.cl\/portal\/wp-json\/wp\/v2\/posts\/112171","targetHints":{"allow":["GET"]}}],"collection":[{"href":"https:\/\/eltrabajo.cl\/portal\/wp-json\/wp\/v2\/posts"}],"about":[{"href":"https:\/\/eltrabajo.cl\/portal\/wp-json\/wp\/v2\/types\/post"}],"author":[{"embeddable":true,"href":"https:\/\/eltrabajo.cl\/portal\/wp-json\/wp\/v2\/users\/482"}],"replies":[{"embeddable":true,"href":"https:\/\/eltrabajo.cl\/portal\/wp-json\/wp\/v2\/comments?post=112171"}],"version-history":[{"count":0,"href":"https:\/\/eltrabajo.cl\/portal\/wp-json\/wp\/v2\/posts\/112171\/revisions"}],"wp:featuredmedia":[{"embeddable":true,"href":"https:\/\/eltrabajo.cl\/portal\/wp-json\/wp\/v2\/media\/110274"}],"wp:attachment":[{"href":"https:\/\/eltrabajo.cl\/portal\/wp-json\/wp\/v2\/media?parent=112171"}],"wp:term":[{"taxonomy":"category","embeddable":true,"href":"https:\/\/eltrabajo.cl\/portal\/wp-json\/wp\/v2\/categories?post=112171"},{"taxonomy":"post_tag","embeddable":true,"href":"https:\/\/eltrabajo.cl\/portal\/wp-json\/wp\/v2\/tags?post=112171"}],"curies":[{"name":"wp","href":"https:\/\/api.w.org\/{rel}","templated":true}]}}