{"id":112185,"date":"2022-01-04T07:50:53","date_gmt":"2022-01-04T10:50:53","guid":{"rendered":"https:\/\/eltrabajo.cl\/portal\/?p=112185"},"modified":"2022-01-03T23:55:53","modified_gmt":"2022-01-04T02:55:53","slug":"dos-mujeres-heridas-en-choque-de-alta-energia-en-yungay-con-santo-domingo","status":"publish","type":"post","link":"https:\/\/eltrabajo.cl\/portal\/dos-mujeres-heridas-en-choque-de-alta-energia-en-yungay-con-santo-domingo\/","title":{"rendered":"Dos mujeres heridas en choque de alta energ\u00eda en Yungay con Santo Domingo"},"content":{"rendered":"<p style=\"text-align: left;\"><span style=\"color: #ff0000;\"><strong>Una de las afectadas est\u00e1 embarazada:<\/strong><\/span><\/p>\n<p style=\"text-align: justify;\">Una colisi\u00f3n vehicular de alta energ\u00eda se registr\u00f3 este lunes a las 16:21 horas en la esquina de Yungay con Santo Domingo, luego que dos autom\u00f3viles chocaran en el cruce del sem\u00e1foro ubicado en esa arteria. Como resultado del percance resultaron lesionadas dos mujeres, una de ellas con su embarazo avanzado y quien conduc\u00eda uno de los veh\u00edculos involucrados.<\/p>\n<p style=\"text-align: justify;\">Al lugar llegaron varios carabineros motorizados, unidad de rescate de bomberos y una ambulancia del SAMU, ambas mujeres fueron abordadas por personal m\u00e9dico y trasladadas al Hospital San Camilo para recibir su respectiva atenci\u00f3n. No hay claridad sobre cu\u00e1l de los dos veh\u00edculos ten\u00eda luz verde en el sem\u00e1foro, por lo que las responsabilidades tendr\u00e1n que determinarlas las autoridades pertinentes.<\/p>\n<p style=\"text-align: justify;\">El tr\u00e1nsito estuvo interrumpido durante varios minutos, las p\u00e9rdidas materiales en el auto azul son millonarias, mientras que el auto negro que conduc\u00eda la mujer embarazada result\u00f3 s\u00f3lo con un golpe lateral en su puerta.<\/p>\n<p style=\"text-align: justify;\"><strong>Roberto Gonz\u00e1lez Short<\/strong><\/p>\n<figure id=\"attachment_112186\" aria-describedby=\"caption-attachment-112186\" style=\"width: 699px\" class=\"wp-caption alignnone\"><img data-recalc-dims=\"1\" loading=\"lazy\" decoding=\"async\" class=\"size-full wp-image-112186\" src=\"https:\/\/i0.wp.com\/eltrabajo.cl\/portal\/wp-content\/uploads\/2022\/01\/Choque1.jpg?resize=640%2C428&#038;ssl=1\" alt=\"DE ALTA ENERG\u00cdA.- Los da\u00f1os materiales en este veh\u00edculo son millonarios, la situaci\u00f3n fue controlada en pocos minutos.\" width=\"640\" height=\"428\" srcset=\"https:\/\/i0.wp.com\/eltrabajo.cl\/portal\/wp-content\/uploads\/2022\/01\/Choque1.jpg?w=699&amp;ssl=1 699w, https:\/\/i0.wp.com\/eltrabajo.cl\/portal\/wp-content\/uploads\/2022\/01\/Choque1.jpg?resize=300%2C200&amp;ssl=1 300w, https:\/\/i0.wp.com\/eltrabajo.cl\/portal\/wp-content\/uploads\/2022\/01\/Choque1.jpg?resize=200%2C134&amp;ssl=1 200w, https:\/\/i0.wp.com\/eltrabajo.cl\/portal\/wp-content\/uploads\/2022\/01\/Choque1.jpg?resize=696%2C465&amp;ssl=1 696w\" sizes=\"auto, (max-width: 640px) 100vw, 640px\" \/><figcaption id=\"caption-attachment-112186\" class=\"wp-caption-text\">DE ALTA ENERG\u00cdA.- Los da\u00f1os materiales en este veh\u00edculo son millonarios, la situaci\u00f3n fue controlada en pocos minutos.<\/figcaption><\/figure>\n<figure id=\"attachment_112187\" aria-describedby=\"caption-attachment-112187\" style=\"width: 698px\" class=\"wp-caption alignnone\"><img data-recalc-dims=\"1\" loading=\"lazy\" decoding=\"async\" class=\"size-full wp-image-112187\" src=\"https:\/\/i0.wp.com\/eltrabajo.cl\/portal\/wp-content\/uploads\/2022\/01\/Choque3.jpg?resize=640%2C440&#038;ssl=1\" alt=\"IBA CONSCIENTE.- Esta vecina debi\u00f3 ser trasladada al Hospital San Camilo con lesiones de mediana consideraci\u00f3n.\" width=\"640\" height=\"440\" srcset=\"https:\/\/i0.wp.com\/eltrabajo.cl\/portal\/wp-content\/uploads\/2022\/01\/Choque3.jpg?w=698&amp;ssl=1 698w, https:\/\/i0.wp.com\/eltrabajo.cl\/portal\/wp-content\/uploads\/2022\/01\/Choque3.jpg?resize=300%2C206&amp;ssl=1 300w, https:\/\/i0.wp.com\/eltrabajo.cl\/portal\/wp-content\/uploads\/2022\/01\/Choque3.jpg?resize=200%2C138&amp;ssl=1 200w, https:\/\/i0.wp.com\/eltrabajo.cl\/portal\/wp-content\/uploads\/2022\/01\/Choque3.jpg?resize=218%2C150&amp;ssl=1 218w, https:\/\/i0.wp.com\/eltrabajo.cl\/portal\/wp-content\/uploads\/2022\/01\/Choque3.jpg?resize=696%2C479&amp;ssl=1 696w\" sizes=\"auto, (max-width: 640px) 100vw, 640px\" \/><figcaption id=\"caption-attachment-112187\" class=\"wp-caption-text\">IBA CONSCIENTE.- Esta vecina debi\u00f3 ser trasladada al Hospital San Camilo con lesiones de mediana consideraci\u00f3n.<\/figcaption><\/figure>\n","protected":false},"excerpt":{"rendered":"<p>Una de las afectadas est\u00e1 embarazada: Una colisi\u00f3n vehicular de alta energ\u00eda se registr\u00f3 este lunes a las 16:21 horas en la esquina de Yungay con Santo Domingo, luego que dos autom\u00f3viles&#8230;<\/p>\n","protected":false},"author":482,"featured_media":112186,"comment_status":"closed","ping_status":"open","sticky":false,"template":"","format":"standard","meta":{"advanced_seo_description":"","jetpack_seo_html_title":"","jetpack_seo_noindex":false,"_jetpack_memberships_contains_paid_content":false,"footnotes":""},"categories":[21],"tags":[],"class_list":["post-112185","post","type-post","status-publish","format-standard","has-post-thumbnail","hentry","category-policial"],"jetpack_featured_media_url":"https:\/\/i0.wp.com\/eltrabajo.cl\/portal\/wp-content\/uploads\/2022\/01\/Choque1.jpg?fit=699%2C467&ssl=1","jetpack_sharing_enabled":true,"jetpack_likes_enabled":true,"jetpack-related-posts":[],"_links":{"self":[{"href":"https:\/\/eltrabajo.cl\/portal\/wp-json\/wp\/v2\/posts\/112185","targetHints":{"allow":["GET"]}}],"collection":[{"href":"https:\/\/eltrabajo.cl\/portal\/wp-json\/wp\/v2\/posts"}],"about":[{"href":"https:\/\/eltrabajo.cl\/portal\/wp-json\/wp\/v2\/types\/post"}],"author":[{"embeddable":true,"href":"https:\/\/eltrabajo.cl\/portal\/wp-json\/wp\/v2\/users\/482"}],"replies":[{"embeddable":true,"href":"https:\/\/eltrabajo.cl\/portal\/wp-json\/wp\/v2\/comments?post=112185"}],"version-history":[{"count":0,"href":"https:\/\/eltrabajo.cl\/portal\/wp-json\/wp\/v2\/posts\/112185\/revisions"}],"wp:featuredmedia":[{"embeddable":true,"href":"https:\/\/eltrabajo.cl\/portal\/wp-json\/wp\/v2\/media\/112186"}],"wp:attachment":[{"href":"https:\/\/eltrabajo.cl\/portal\/wp-json\/wp\/v2\/media?parent=112185"}],"wp:term":[{"taxonomy":"category","embeddable":true,"href":"https:\/\/eltrabajo.cl\/portal\/wp-json\/wp\/v2\/categories?post=112185"},{"taxonomy":"post_tag","embeddable":true,"href":"https:\/\/eltrabajo.cl\/portal\/wp-json\/wp\/v2\/tags?post=112185"}],"curies":[{"name":"wp","href":"https:\/\/api.w.org\/{rel}","templated":true}]}}