{"id":112189,"date":"2022-01-04T07:45:00","date_gmt":"2022-01-04T10:45:00","guid":{"rendered":"https:\/\/eltrabajo.cl\/portal\/?p=112189"},"modified":"2022-01-03T23:56:54","modified_gmt":"2022-01-04T02:56:54","slug":"mujer-asesinada-en-papudo-perteneceria-a-conocida-familia-de-san-felipe","status":"publish","type":"post","link":"https:\/\/eltrabajo.cl\/portal\/mujer-asesinada-en-papudo-perteneceria-a-conocida-familia-de-san-felipe\/","title":{"rendered":"Mujer asesinada en Papudo pertenecer\u00eda a conocida familia de San Felipe"},"content":{"rendered":"<p style=\"text-align: justify;\">Hija de una conocida familia de San Felipe, due\u00f1a de Ferreter\u00eda Lobo, ser\u00eda la mujer que fue encontrada muerta y con m\u00e1s de 70 pu\u00f1aladas en el cuerpo. Se trata, por antecedentes recabados por nuestro medio, de <strong>Claudia Ortiz Lobo<\/strong>, de unos 50 a\u00f1os de edad aproximadamente.<\/p>\n<p style=\"text-align: justify;\">Al respecto, el fiscal <strong>Jos\u00e9 Ram\u00edrez<\/strong> inform\u00f3 que a eso de las 21:00 horas de este s\u00e1bado, <em>\u00abvecinos del casco hist\u00f3rico de la comuna de Papudo alertaron a Carabineros del veh\u00edculo que se encontraba en el patio de un inmueble, el cual se encontraba con las luces de emergencia encendidas.<\/em><\/p>\n<p style=\"text-align: justify;\">\u00ab<em>Al concurrir personal policial al lugar, se percataron que los ocupantes del inmueble no respond\u00edan ante los llamados de Carabineros, por lo cual deciden ingresar al domicilio encontrando en el interior a una mujer de alrededor de 50 a\u00f1os que se encontraba con varias heridas por arma cortopunzante\u00bb,<\/em> indic\u00f3.<\/p>\n<p style=\"text-align: justify;\">Asimismo, dijo que <em>\u00abse dispuso tanto la concurrencia de personal del Servicio M\u00e9dico Legal como de la Brigada de Homicidios, quienes confirmaron que efectivamente la mujer se encontraba fallecida por aparentemente acci\u00f3n de terceros. Ten\u00eda una gran cantidad de heridas cortopunzantes que le habr\u00edan causado la muerte\u00bb.<\/em><\/p>\n<p style=\"text-align: justify;\">\n<p style=\"text-align: justify;\"><span style=\"color: #ff0000;\">SER\u00cdA HOMICIDIO<\/span><\/p>\n<p style=\"text-align: justify;\">Las primeras diligencias las realiz\u00f3 la Brigada de Homicidios junto al Laboratorio de Criminal\u00edstica, <em>\u00abquienes desarrollaron distintas diligencias hasta hoy en la ma\u00f1ana con la finalidad de establecer qui\u00e9nes habr\u00edan sido los part\u00edcipes o los autores de este delito que en principio se tratar\u00eda de un homicidio\u00bb,<\/em> detall\u00f3 a www.mega.cl.<\/p>\n<p style=\"text-align: justify;\">Recordar que la Ferreter\u00eda Lobo estaba ubicada en la intersecci\u00f3n de las calles Traslavi\u00f1a con Prat.<\/p>\n<figure id=\"attachment_112190\" aria-describedby=\"caption-attachment-112190\" style=\"width: 699px\" class=\"wp-caption alignnone\"><img data-recalc-dims=\"1\" loading=\"lazy\" decoding=\"async\" class=\"size-full wp-image-112190\" src=\"https:\/\/i0.wp.com\/eltrabajo.cl\/portal\/wp-content\/uploads\/2022\/01\/PDI.jpg?resize=640%2C427&#038;ssl=1\" alt=\"BH de la PDI se encuentra a cargo de la investigaci\u00f3n. (Referencial)\" width=\"640\" height=\"427\" srcset=\"https:\/\/i0.wp.com\/eltrabajo.cl\/portal\/wp-content\/uploads\/2022\/01\/PDI.jpg?w=699&amp;ssl=1 699w, https:\/\/i0.wp.com\/eltrabajo.cl\/portal\/wp-content\/uploads\/2022\/01\/PDI.jpg?resize=300%2C200&amp;ssl=1 300w, https:\/\/i0.wp.com\/eltrabajo.cl\/portal\/wp-content\/uploads\/2022\/01\/PDI.jpg?resize=200%2C133&amp;ssl=1 200w, https:\/\/i0.wp.com\/eltrabajo.cl\/portal\/wp-content\/uploads\/2022\/01\/PDI.jpg?resize=696%2C464&amp;ssl=1 696w\" sizes=\"auto, (max-width: 640px) 100vw, 640px\" \/><figcaption id=\"caption-attachment-112190\" class=\"wp-caption-text\">BH de la PDI se encuentra a cargo de la investigaci\u00f3n. (Referencial)<\/figcaption><\/figure>\n","protected":false},"excerpt":{"rendered":"<p>Hija de una conocida familia de San Felipe, due\u00f1a de Ferreter\u00eda Lobo, ser\u00eda la mujer que fue encontrada muerta y con m\u00e1s de 70 pu\u00f1aladas en el cuerpo. Se trata, por antecedentes&#8230;<\/p>\n","protected":false},"author":482,"featured_media":112190,"comment_status":"closed","ping_status":"open","sticky":false,"template":"","format":"standard","meta":{"advanced_seo_description":"","jetpack_seo_html_title":"","jetpack_seo_noindex":false,"_jetpack_memberships_contains_paid_content":false,"footnotes":""},"categories":[21],"tags":[],"class_list":["post-112189","post","type-post","status-publish","format-standard","has-post-thumbnail","hentry","category-policial"],"jetpack_featured_media_url":"https:\/\/i0.wp.com\/eltrabajo.cl\/portal\/wp-content\/uploads\/2022\/01\/PDI.jpg?fit=699%2C466&ssl=1","jetpack_sharing_enabled":true,"jetpack_likes_enabled":true,"jetpack-related-posts":[],"_links":{"self":[{"href":"https:\/\/eltrabajo.cl\/portal\/wp-json\/wp\/v2\/posts\/112189","targetHints":{"allow":["GET"]}}],"collection":[{"href":"https:\/\/eltrabajo.cl\/portal\/wp-json\/wp\/v2\/posts"}],"about":[{"href":"https:\/\/eltrabajo.cl\/portal\/wp-json\/wp\/v2\/types\/post"}],"author":[{"embeddable":true,"href":"https:\/\/eltrabajo.cl\/portal\/wp-json\/wp\/v2\/users\/482"}],"replies":[{"embeddable":true,"href":"https:\/\/eltrabajo.cl\/portal\/wp-json\/wp\/v2\/comments?post=112189"}],"version-history":[{"count":0,"href":"https:\/\/eltrabajo.cl\/portal\/wp-json\/wp\/v2\/posts\/112189\/revisions"}],"wp:featuredmedia":[{"embeddable":true,"href":"https:\/\/eltrabajo.cl\/portal\/wp-json\/wp\/v2\/media\/112190"}],"wp:attachment":[{"href":"https:\/\/eltrabajo.cl\/portal\/wp-json\/wp\/v2\/media?parent=112189"}],"wp:term":[{"taxonomy":"category","embeddable":true,"href":"https:\/\/eltrabajo.cl\/portal\/wp-json\/wp\/v2\/categories?post=112189"},{"taxonomy":"post_tag","embeddable":true,"href":"https:\/\/eltrabajo.cl\/portal\/wp-json\/wp\/v2\/tags?post=112189"}],"curies":[{"name":"wp","href":"https:\/\/api.w.org\/{rel}","templated":true}]}}