{"id":112192,"date":"2022-01-04T08:00:14","date_gmt":"2022-01-04T11:00:14","guid":{"rendered":"https:\/\/eltrabajo.cl\/portal\/?p=112192"},"modified":"2022-01-04T00:00:10","modified_gmt":"2022-01-04T03:00:10","slug":"viralizacion-de-video-resulta-clave-para-detener-a-ladron-de-viviendas","status":"publish","type":"post","link":"https:\/\/eltrabajo.cl\/portal\/viralizacion-de-video-resulta-clave-para-detener-a-ladron-de-viviendas\/","title":{"rendered":"Viralizaci\u00f3n de video resulta clave para detener a ladr\u00f3n de viviendas"},"content":{"rendered":"<p style=\"text-align: left;\"><span style=\"color: #ff0000;\"><strong>Tecnolog\u00eda al servicio de las v\u00edctimas:<\/strong><\/span><\/p>\n<ul style=\"text-align: left;\">\n<li><strong> Delincuente fue grabado en momentos que hab\u00eda entrado a robar a una casa en Villa La Estancia.<\/strong><\/li>\n<\/ul>\n<p style=\"text-align: justify;\">De mucho est\u00e1 sirviendo la tecnolog\u00eda, la valent\u00eda de las personas y de las v\u00edctimas. Ello porque tras una denuncia y video viralizado de un sujeto intentando ingresar a diversos domicilios en la Villa La Estancia, personal de la SIP de la Segunda Comisar\u00eda de Carabineros detuvo ayer al protagonista de esas im\u00e1genes, quien a su vez es autor de un robo en uno de esos domicilios. Adem\u00e1s se recuperaron\u00a0 especies producto del il\u00edcito. Se trata de un sujeto de 30 a\u00f1os de iniciales <strong>F.A.A.M.<\/strong><\/p>\n<p style=\"text-align: justify;\">Desde Carabineros de San Felipe indicaron que este antisocial, en horas de la madruga, tras varios intentos fallidos logra ingresar a una casa en el sector de la Villa La Estancia, lugar donde sustrajo una bicicleta y un parlante musical, aprovechando que sus habitantes se encontraban dormidos.<\/p>\n<p style=\"text-align: justify;\">Tras darse cuenta del hecho, el propietario concurri\u00f3 hasta la Segunda Comisar\u00eda a realizar la denuncia, mientras hac\u00eda viral un v\u00eddeo donde se ve claramente el rostro al sujeto, siendo \u00e9ste reconocido por personal policial.<\/p>\n<p style=\"text-align: justify;\">Luego de ser reconocido por los Carabineros, efectivos policiales concurrieron hasta su inmueble donde procedieron a ingresar y lograr detenerlo. Junto con la detenci\u00f3n se recuperaron las especies producto del il\u00edcito.<\/p>\n<p style=\"text-align: justify;\">Despu\u00e9s de haberlo detenido se dio cuenta al fiscal de turno de la Fiscal\u00eda Local de San Felipe, quien dispuso que el imputado pasara a control de detenci\u00f3n para el d\u00eda de hoy en horas de la ma\u00f1ana.<\/p>\n<figure id=\"attachment_112193\" aria-describedby=\"caption-attachment-112193\" style=\"width: 698px\" class=\"wp-caption alignnone\"><img data-recalc-dims=\"1\" loading=\"lazy\" decoding=\"async\" class=\"size-full wp-image-112193\" src=\"https:\/\/i0.wp.com\/eltrabajo.cl\/portal\/wp-content\/uploads\/2022\/01\/Robo_Imputado.jpg?resize=640%2C436&#038;ssl=1\" alt=\"El Imputado captado en los momentos justos cuando es subido al carro policial.\" width=\"640\" height=\"436\" srcset=\"https:\/\/i0.wp.com\/eltrabajo.cl\/portal\/wp-content\/uploads\/2022\/01\/Robo_Imputado.jpg?w=698&amp;ssl=1 698w, https:\/\/i0.wp.com\/eltrabajo.cl\/portal\/wp-content\/uploads\/2022\/01\/Robo_Imputado.jpg?resize=300%2C205&amp;ssl=1 300w, https:\/\/i0.wp.com\/eltrabajo.cl\/portal\/wp-content\/uploads\/2022\/01\/Robo_Imputado.jpg?resize=200%2C136&amp;ssl=1 200w, https:\/\/i0.wp.com\/eltrabajo.cl\/portal\/wp-content\/uploads\/2022\/01\/Robo_Imputado.jpg?resize=218%2C150&amp;ssl=1 218w, https:\/\/i0.wp.com\/eltrabajo.cl\/portal\/wp-content\/uploads\/2022\/01\/Robo_Imputado.jpg?resize=696%2C475&amp;ssl=1 696w\" sizes=\"auto, (max-width: 640px) 100vw, 640px\" \/><figcaption id=\"caption-attachment-112193\" class=\"wp-caption-text\">El Imputado captado en los momentos justos cuando es subido al carro policial.<\/figcaption><\/figure>\n<figure id=\"attachment_112194\" aria-describedby=\"caption-attachment-112194\" style=\"width: 699px\" class=\"wp-caption alignnone\"><img data-recalc-dims=\"1\" loading=\"lazy\" decoding=\"async\" class=\"size-full wp-image-112194\" src=\"https:\/\/i0.wp.com\/eltrabajo.cl\/portal\/wp-content\/uploads\/2022\/01\/Robo-Bicicleta.jpg?resize=640%2C481&#038;ssl=1\" alt=\"La bicicleta y el parlante recuperado por Carabineros de la SIP.\" width=\"640\" height=\"481\" srcset=\"https:\/\/i0.wp.com\/eltrabajo.cl\/portal\/wp-content\/uploads\/2022\/01\/Robo-Bicicleta.jpg?w=699&amp;ssl=1 699w, https:\/\/i0.wp.com\/eltrabajo.cl\/portal\/wp-content\/uploads\/2022\/01\/Robo-Bicicleta.jpg?resize=300%2C225&amp;ssl=1 300w, https:\/\/i0.wp.com\/eltrabajo.cl\/portal\/wp-content\/uploads\/2022\/01\/Robo-Bicicleta.jpg?resize=200%2C150&amp;ssl=1 200w, https:\/\/i0.wp.com\/eltrabajo.cl\/portal\/wp-content\/uploads\/2022\/01\/Robo-Bicicleta.jpg?resize=696%2C523&amp;ssl=1 696w\" sizes=\"auto, (max-width: 640px) 100vw, 640px\" \/><figcaption id=\"caption-attachment-112194\" class=\"wp-caption-text\">La bicicleta y el parlante recuperado por Carabineros de la SIP.<\/figcaption><\/figure>\n","protected":false},"excerpt":{"rendered":"<p>Tecnolog\u00eda al servicio de las v\u00edctimas: Delincuente fue grabado en momentos que hab\u00eda entrado a robar a una casa en Villa La Estancia. De mucho est\u00e1 sirviendo la tecnolog\u00eda, la valent\u00eda de&#8230;<\/p>\n","protected":false},"author":482,"featured_media":112193,"comment_status":"closed","ping_status":"open","sticky":false,"template":"","format":"standard","meta":{"advanced_seo_description":"","jetpack_seo_html_title":"","jetpack_seo_noindex":false,"_jetpack_memberships_contains_paid_content":false,"footnotes":""},"categories":[21],"tags":[],"class_list":["post-112192","post","type-post","status-publish","format-standard","has-post-thumbnail","hentry","category-policial"],"jetpack_featured_media_url":"https:\/\/i0.wp.com\/eltrabajo.cl\/portal\/wp-content\/uploads\/2022\/01\/Robo_Imputado.jpg?fit=698%2C476&ssl=1","jetpack_sharing_enabled":true,"jetpack_likes_enabled":true,"jetpack-related-posts":[],"_links":{"self":[{"href":"https:\/\/eltrabajo.cl\/portal\/wp-json\/wp\/v2\/posts\/112192","targetHints":{"allow":["GET"]}}],"collection":[{"href":"https:\/\/eltrabajo.cl\/portal\/wp-json\/wp\/v2\/posts"}],"about":[{"href":"https:\/\/eltrabajo.cl\/portal\/wp-json\/wp\/v2\/types\/post"}],"author":[{"embeddable":true,"href":"https:\/\/eltrabajo.cl\/portal\/wp-json\/wp\/v2\/users\/482"}],"replies":[{"embeddable":true,"href":"https:\/\/eltrabajo.cl\/portal\/wp-json\/wp\/v2\/comments?post=112192"}],"version-history":[{"count":0,"href":"https:\/\/eltrabajo.cl\/portal\/wp-json\/wp\/v2\/posts\/112192\/revisions"}],"wp:featuredmedia":[{"embeddable":true,"href":"https:\/\/eltrabajo.cl\/portal\/wp-json\/wp\/v2\/media\/112193"}],"wp:attachment":[{"href":"https:\/\/eltrabajo.cl\/portal\/wp-json\/wp\/v2\/media?parent=112192"}],"wp:term":[{"taxonomy":"category","embeddable":true,"href":"https:\/\/eltrabajo.cl\/portal\/wp-json\/wp\/v2\/categories?post=112192"},{"taxonomy":"post_tag","embeddable":true,"href":"https:\/\/eltrabajo.cl\/portal\/wp-json\/wp\/v2\/tags?post=112192"}],"curies":[{"name":"wp","href":"https:\/\/api.w.org\/{rel}","templated":true}]}}