{"id":112263,"date":"2022-01-07T07:35:32","date_gmt":"2022-01-07T10:35:32","guid":{"rendered":"https:\/\/eltrabajo.cl\/portal\/?p=112263"},"modified":"2022-01-06T22:10:10","modified_gmt":"2022-01-07T01:10:10","slug":"el-prat-fija-fecha-para-las-copas-juan-arancibia","status":"publish","type":"post","link":"https:\/\/eltrabajo.cl\/portal\/el-prat-fija-fecha-para-las-copas-juan-arancibia\/","title":{"rendered":"El Prat fija fecha para las copas Juan Arancibia"},"content":{"rendered":"<p style=\"text-align: justify;\">Por intermedio de su timonel, <strong>Exequiel Carvallo<\/strong>, la rama cestera del club Arturo Prat de San Felipe dio a conocer las fechas de inicio para las Copas Juan Arancibia, en sus versiones: S\u00e9nior, Adulto y Ni\u00f1os.<\/p>\n<p style=\"text-align: justify;\">El directivo inform\u00f3 que el evento se compondr\u00e1 de cuadrangulares en cada una de sus competencias, confirmando adem\u00e1s que los m\u00e1s peque\u00f1os iniciar\u00e1n su participaci\u00f3n el s\u00e1bado 15 de enero, mientras que los Adultos y S\u00e9nior lo har\u00e1n cuatro d\u00edas antes, es decir el martes 11.<\/p>\n<p style=\"text-align: justify;\">Hasta el cierre de la presente edici\u00f3n de <strong>El Trabajo Deportivo<\/strong>, no se daban a conocer los nombres de los quintetos que participar\u00e1n en este evento deportivo que llenar\u00e1 de b\u00e1squet el Fort\u00edn de la calle Santo Domingo.<\/p>\n<figure id=\"attachment_112264\" aria-describedby=\"caption-attachment-112264\" style=\"width: 699px\" class=\"wp-caption alignnone\"><img data-recalc-dims=\"1\" loading=\"lazy\" decoding=\"async\" class=\"size-full wp-image-112264\" src=\"https:\/\/i0.wp.com\/eltrabajo.cl\/portal\/wp-content\/uploads\/2022\/01\/basquet.jpg?resize=640%2C308&#038;ssl=1\" alt=\"Ya hay claridad respecto al inicio de la Copa Juan Arancibia.\" width=\"640\" height=\"308\" srcset=\"https:\/\/i0.wp.com\/eltrabajo.cl\/portal\/wp-content\/uploads\/2022\/01\/basquet.jpg?w=699&amp;ssl=1 699w, https:\/\/i0.wp.com\/eltrabajo.cl\/portal\/wp-content\/uploads\/2022\/01\/basquet.jpg?resize=300%2C144&amp;ssl=1 300w, https:\/\/i0.wp.com\/eltrabajo.cl\/portal\/wp-content\/uploads\/2022\/01\/basquet.jpg?resize=200%2C96&amp;ssl=1 200w, https:\/\/i0.wp.com\/eltrabajo.cl\/portal\/wp-content\/uploads\/2022\/01\/basquet.jpg?resize=696%2C335&amp;ssl=1 696w\" sizes=\"auto, (max-width: 640px) 100vw, 640px\" \/><figcaption id=\"caption-attachment-112264\" class=\"wp-caption-text\">Ya hay claridad respecto al inicio de la Copa Juan Arancibia.<\/figcaption><\/figure>\n","protected":false},"excerpt":{"rendered":"<p>Por intermedio de su timonel, Exequiel Carvallo, la rama cestera del club Arturo Prat de San Felipe dio a conocer las fechas de inicio para las Copas Juan Arancibia, en sus versiones:&#8230;<\/p>\n","protected":false},"author":482,"featured_media":112264,"comment_status":"closed","ping_status":"open","sticky":false,"template":"","format":"standard","meta":{"advanced_seo_description":"","jetpack_seo_html_title":"","jetpack_seo_noindex":false,"_jetpack_memberships_contains_paid_content":false,"footnotes":""},"categories":[19],"tags":[],"class_list":["post-112263","post","type-post","status-publish","format-standard","has-post-thumbnail","hentry","category-deportes"],"jetpack_featured_media_url":"https:\/\/i0.wp.com\/eltrabajo.cl\/portal\/wp-content\/uploads\/2022\/01\/basquet.jpg?fit=699%2C336&ssl=1","jetpack_sharing_enabled":true,"jetpack_likes_enabled":true,"jetpack-related-posts":[],"_links":{"self":[{"href":"https:\/\/eltrabajo.cl\/portal\/wp-json\/wp\/v2\/posts\/112263","targetHints":{"allow":["GET"]}}],"collection":[{"href":"https:\/\/eltrabajo.cl\/portal\/wp-json\/wp\/v2\/posts"}],"about":[{"href":"https:\/\/eltrabajo.cl\/portal\/wp-json\/wp\/v2\/types\/post"}],"author":[{"embeddable":true,"href":"https:\/\/eltrabajo.cl\/portal\/wp-json\/wp\/v2\/users\/482"}],"replies":[{"embeddable":true,"href":"https:\/\/eltrabajo.cl\/portal\/wp-json\/wp\/v2\/comments?post=112263"}],"version-history":[{"count":0,"href":"https:\/\/eltrabajo.cl\/portal\/wp-json\/wp\/v2\/posts\/112263\/revisions"}],"wp:featuredmedia":[{"embeddable":true,"href":"https:\/\/eltrabajo.cl\/portal\/wp-json\/wp\/v2\/media\/112264"}],"wp:attachment":[{"href":"https:\/\/eltrabajo.cl\/portal\/wp-json\/wp\/v2\/media?parent=112263"}],"wp:term":[{"taxonomy":"category","embeddable":true,"href":"https:\/\/eltrabajo.cl\/portal\/wp-json\/wp\/v2\/categories?post=112263"},{"taxonomy":"post_tag","embeddable":true,"href":"https:\/\/eltrabajo.cl\/portal\/wp-json\/wp\/v2\/tags?post=112263"}],"curies":[{"name":"wp","href":"https:\/\/api.w.org\/{rel}","templated":true}]}}