{"id":112309,"date":"2022-01-10T07:50:12","date_gmt":"2022-01-10T10:50:12","guid":{"rendered":"https:\/\/eltrabajo.cl\/portal\/?p=112309"},"modified":"2022-01-09T22:52:33","modified_gmt":"2022-01-10T01:52:33","slug":"incendio-deja-grandes-danos-en-conocido-almacen-y-botilleria-festival","status":"publish","type":"post","link":"https:\/\/eltrabajo.cl\/portal\/incendio-deja-grandes-danos-en-conocido-almacen-y-botilleria-festival\/","title":{"rendered":"Incendio deja grandes da\u00f1os en conocido almac\u00e9n y botiller\u00eda \u2018Festival\u2019"},"content":{"rendered":"<p style=\"text-align: left;\"><span style=\"color: #ff0000;\"><strong>Calle Belisario Montenegro en El Almendral:<\/strong><\/span><\/p>\n<p style=\"text-align: justify;\">Un incendio de proporciones que gener\u00f3 cuantiosos da\u00f1os afect\u00f3 este fin de semana al conocido almac\u00e9n y botiller\u00eda \u2018Festival\u2019 ubicado en calle Belisario Montenegro del sector El Almendral.<\/p>\n<p style=\"text-align: justify;\">Al lugar concurri\u00f3 personal de Bomberos de San Felipe a cargo del comandante Juan Carlos Herrera Lillo, quienes trabajaron arduamente para evitar que el fuego arrasara con otras viviendas vecinas de antigua data.<\/p>\n<p style=\"text-align: justify;\">Tambi\u00e9n se indic\u00f3 desde la instituci\u00f3n que al momento de producirse el incendio no hab\u00eda personas al interior y que el local estaba cerrado.<\/p>\n<p style=\"text-align: justify;\">A consecuencia de este incendio, el fuego consumi\u00f3 toda la mercader\u00eda y maquinaria que hab\u00eda en el local, resultando este siniestro en p\u00e9rdida total para los afectados.<\/p>\n<p style=\"text-align: justify;\">Cabe destacar que a pesar de la labor de Bomberos, otras viviendas tambi\u00e9n quedaron con da\u00f1os en el techo y al interior.<\/p>\n<p style=\"text-align: justify;\">Las causas del incendio ocurrido este s\u00e1bado a eso de las 4 de la madrugada, deber\u00e1n ser determinadas por el Departamento T\u00e9cnico del Cuerpo de Bomberos de San Felipe.<\/p>\n<figure id=\"attachment_112310\" aria-describedby=\"caption-attachment-112310\" style=\"width: 699px\" class=\"wp-caption alignnone\"><img data-recalc-dims=\"1\" loading=\"lazy\" decoding=\"async\" class=\"size-full wp-image-112310\" src=\"https:\/\/i0.wp.com\/eltrabajo.cl\/portal\/wp-content\/uploads\/2022\/01\/Incendio-portada.jpg?resize=640%2C416&#038;ssl=1\" alt=\"Carabineros y Bomberos presentes en el lugar del incendio.\" width=\"640\" height=\"416\" srcset=\"https:\/\/i0.wp.com\/eltrabajo.cl\/portal\/wp-content\/uploads\/2022\/01\/Incendio-portada.jpg?w=699&amp;ssl=1 699w, https:\/\/i0.wp.com\/eltrabajo.cl\/portal\/wp-content\/uploads\/2022\/01\/Incendio-portada.jpg?resize=300%2C195&amp;ssl=1 300w, https:\/\/i0.wp.com\/eltrabajo.cl\/portal\/wp-content\/uploads\/2022\/01\/Incendio-portada.jpg?resize=200%2C130&amp;ssl=1 200w, https:\/\/i0.wp.com\/eltrabajo.cl\/portal\/wp-content\/uploads\/2022\/01\/Incendio-portada.jpg?resize=696%2C452&amp;ssl=1 696w\" sizes=\"auto, (max-width: 640px) 100vw, 640px\" \/><figcaption id=\"caption-attachment-112310\" class=\"wp-caption-text\">Carabineros y Bomberos presentes en el lugar del incendio.<\/figcaption><\/figure>\n","protected":false},"excerpt":{"rendered":"<p>Calle Belisario Montenegro en El Almendral: Un incendio de proporciones que gener\u00f3 cuantiosos da\u00f1os afect\u00f3 este fin de semana al conocido almac\u00e9n y botiller\u00eda \u2018Festival\u2019 ubicado en calle Belisario Montenegro del sector&#8230;<\/p>\n","protected":false},"author":482,"featured_media":112310,"comment_status":"closed","ping_status":"open","sticky":false,"template":"","format":"standard","meta":{"advanced_seo_description":"","jetpack_seo_html_title":"","jetpack_seo_noindex":false,"_jetpack_memberships_contains_paid_content":false,"footnotes":""},"categories":[21],"tags":[],"class_list":["post-112309","post","type-post","status-publish","format-standard","has-post-thumbnail","hentry","category-policial"],"jetpack_featured_media_url":"https:\/\/i0.wp.com\/eltrabajo.cl\/portal\/wp-content\/uploads\/2022\/01\/Incendio-portada.jpg?fit=699%2C454&ssl=1","jetpack_sharing_enabled":true,"jetpack_likes_enabled":true,"jetpack-related-posts":[],"_links":{"self":[{"href":"https:\/\/eltrabajo.cl\/portal\/wp-json\/wp\/v2\/posts\/112309","targetHints":{"allow":["GET"]}}],"collection":[{"href":"https:\/\/eltrabajo.cl\/portal\/wp-json\/wp\/v2\/posts"}],"about":[{"href":"https:\/\/eltrabajo.cl\/portal\/wp-json\/wp\/v2\/types\/post"}],"author":[{"embeddable":true,"href":"https:\/\/eltrabajo.cl\/portal\/wp-json\/wp\/v2\/users\/482"}],"replies":[{"embeddable":true,"href":"https:\/\/eltrabajo.cl\/portal\/wp-json\/wp\/v2\/comments?post=112309"}],"version-history":[{"count":0,"href":"https:\/\/eltrabajo.cl\/portal\/wp-json\/wp\/v2\/posts\/112309\/revisions"}],"wp:featuredmedia":[{"embeddable":true,"href":"https:\/\/eltrabajo.cl\/portal\/wp-json\/wp\/v2\/media\/112310"}],"wp:attachment":[{"href":"https:\/\/eltrabajo.cl\/portal\/wp-json\/wp\/v2\/media?parent=112309"}],"wp:term":[{"taxonomy":"category","embeddable":true,"href":"https:\/\/eltrabajo.cl\/portal\/wp-json\/wp\/v2\/categories?post=112309"},{"taxonomy":"post_tag","embeddable":true,"href":"https:\/\/eltrabajo.cl\/portal\/wp-json\/wp\/v2\/tags?post=112309"}],"curies":[{"name":"wp","href":"https:\/\/api.w.org\/{rel}","templated":true}]}}