{"id":112335,"date":"2022-01-11T07:50:39","date_gmt":"2022-01-11T10:50:39","guid":{"rendered":"https:\/\/eltrabajo.cl\/portal\/?p=112335"},"modified":"2022-01-10T22:59:45","modified_gmt":"2022-01-11T01:59:45","slug":"lo-contacto-por-instagram-para-comprarle-ropa-y-termino-robandole","status":"publish","type":"post","link":"https:\/\/eltrabajo.cl\/portal\/lo-contacto-por-instagram-para-comprarle-ropa-y-termino-robandole\/","title":{"rendered":"Lo contact\u00f3 por Instagram para comprarle ropa y termin\u00f3 rob\u00e1ndole"},"content":{"rendered":"<p style=\"text-align: left;\"><span style=\"color: #ff0000;\"><strong>Detenido por la PDI en Los Andes:<\/strong><\/span><\/p>\n<p style=\"text-align: justify;\">Detectives pertenecientes a la Brigada Investigadora de Robos Los Andes de la Polic\u00eda de Investigaciones de Chile, detuvieron a un sujeto identificado con las iniciales\u00a0 <strong>F.H.A.R.<\/strong>, por el delito de robo con intimidaci\u00f3n, esto tras sustraer prendas de vestir a un sujeto que las comercializaba a trav\u00e9s de la red social Instagram.<\/p>\n<p style=\"text-align: justify;\">Seg\u00fan los antecedentes recopilados por la PDI, el imputado contact\u00f3 a trav\u00e9s de la aplicaci\u00f3n al vendedor, con quien qued\u00f3 de juntarse en el inmueble del falso comprador. Una vez que la v\u00edctima lleg\u00f3 al lugar, haciendo uso de un arma de fuego, procedi\u00f3 a arrebatarle la mercanc\u00eda y dinero en efectivo.<\/p>\n<p style=\"text-align: justify;\">Tras recibir la polic\u00eda civil la respectiva orden para realizar las diligencias correspondientes, concurrieron hasta el inmueble, lugar desde el que se incaut\u00f3 droga y un arma de fuego que se encontraba en poder de la pareja del detenido, por lo que tambi\u00e9n fue aprehendida.<\/p>\n<p style=\"text-align: justify;\">El sujeto, que cuenta con antecedentes policiales por los delitos de Lesiones leves, Homicidio y Robo con violencia, qued\u00f3 en prisi\u00f3n preventiva, mientras que la mujer qued\u00f3 con prohibici\u00f3n de acercarse a la v\u00edctima.<\/p>\n<figure id=\"attachment_112336\" aria-describedby=\"caption-attachment-112336\" style=\"width: 700px\" class=\"wp-caption alignnone\"><img data-recalc-dims=\"1\" loading=\"lazy\" decoding=\"async\" class=\"size-full wp-image-112336\" src=\"https:\/\/i0.wp.com\/eltrabajo.cl\/portal\/wp-content\/uploads\/2022\/01\/Arma.jpg?resize=640%2C528&#038;ssl=1\" alt=\"El arma y la droga incautada desde la vivienda del delincuente.\" width=\"640\" height=\"528\" srcset=\"https:\/\/i0.wp.com\/eltrabajo.cl\/portal\/wp-content\/uploads\/2022\/01\/Arma.jpg?w=700&amp;ssl=1 700w, https:\/\/i0.wp.com\/eltrabajo.cl\/portal\/wp-content\/uploads\/2022\/01\/Arma.jpg?resize=300%2C248&amp;ssl=1 300w, https:\/\/i0.wp.com\/eltrabajo.cl\/portal\/wp-content\/uploads\/2022\/01\/Arma.jpg?resize=182%2C150&amp;ssl=1 182w, https:\/\/i0.wp.com\/eltrabajo.cl\/portal\/wp-content\/uploads\/2022\/01\/Arma.jpg?resize=696%2C575&amp;ssl=1 696w\" sizes=\"auto, (max-width: 640px) 100vw, 640px\" \/><figcaption id=\"caption-attachment-112336\" class=\"wp-caption-text\">El arma y la droga incautada desde la vivienda del delincuente.<\/figcaption><\/figure>\n","protected":false},"excerpt":{"rendered":"<p>Detenido por la PDI en Los Andes: Detectives pertenecientes a la Brigada Investigadora de Robos Los Andes de la Polic\u00eda de Investigaciones de Chile, detuvieron a un sujeto identificado con las iniciales\u00a0&#8230;<\/p>\n","protected":false},"author":482,"featured_media":112336,"comment_status":"closed","ping_status":"open","sticky":false,"template":"","format":"standard","meta":{"advanced_seo_description":"","jetpack_seo_html_title":"","jetpack_seo_noindex":false,"_jetpack_memberships_contains_paid_content":false,"footnotes":""},"categories":[21],"tags":[],"class_list":["post-112335","post","type-post","status-publish","format-standard","has-post-thumbnail","hentry","category-policial"],"jetpack_featured_media_url":"https:\/\/i0.wp.com\/eltrabajo.cl\/portal\/wp-content\/uploads\/2022\/01\/Arma.jpg?fit=700%2C578&ssl=1","jetpack_sharing_enabled":true,"jetpack_likes_enabled":true,"jetpack-related-posts":[],"_links":{"self":[{"href":"https:\/\/eltrabajo.cl\/portal\/wp-json\/wp\/v2\/posts\/112335","targetHints":{"allow":["GET"]}}],"collection":[{"href":"https:\/\/eltrabajo.cl\/portal\/wp-json\/wp\/v2\/posts"}],"about":[{"href":"https:\/\/eltrabajo.cl\/portal\/wp-json\/wp\/v2\/types\/post"}],"author":[{"embeddable":true,"href":"https:\/\/eltrabajo.cl\/portal\/wp-json\/wp\/v2\/users\/482"}],"replies":[{"embeddable":true,"href":"https:\/\/eltrabajo.cl\/portal\/wp-json\/wp\/v2\/comments?post=112335"}],"version-history":[{"count":0,"href":"https:\/\/eltrabajo.cl\/portal\/wp-json\/wp\/v2\/posts\/112335\/revisions"}],"wp:featuredmedia":[{"embeddable":true,"href":"https:\/\/eltrabajo.cl\/portal\/wp-json\/wp\/v2\/media\/112336"}],"wp:attachment":[{"href":"https:\/\/eltrabajo.cl\/portal\/wp-json\/wp\/v2\/media?parent=112335"}],"wp:term":[{"taxonomy":"category","embeddable":true,"href":"https:\/\/eltrabajo.cl\/portal\/wp-json\/wp\/v2\/categories?post=112335"},{"taxonomy":"post_tag","embeddable":true,"href":"https:\/\/eltrabajo.cl\/portal\/wp-json\/wp\/v2\/tags?post=112335"}],"curies":[{"name":"wp","href":"https:\/\/api.w.org\/{rel}","templated":true}]}}