{"id":112424,"date":"2022-01-13T07:45:10","date_gmt":"2022-01-13T10:45:10","guid":{"rendered":"https:\/\/eltrabajo.cl\/portal\/?p=112424"},"modified":"2022-01-12T21:40:29","modified_gmt":"2022-01-13T00:40:29","slug":"delincuente-habitual-fue-nuevamente-capturado-robando-un-auto","status":"publish","type":"post","link":"https:\/\/eltrabajo.cl\/portal\/delincuente-habitual-fue-nuevamente-capturado-robando-un-auto\/","title":{"rendered":"Delincuente habitual fue nuevamente capturado robando un auto"},"content":{"rendered":"<ul style=\"text-align: justify;\">\n<li style=\"text-align: left;\"><strong>Sujeto que adem\u00e1s deb\u00eda cumplir una orden de arresto domiciliario, fue detenido por Carabineros cuando rob\u00f3 especies desde un veh\u00edculo.-<\/strong><\/li>\n<\/ul>\n<p style=\"text-align: justify;\">Lamentablemente, suman y siguen los robos a veh\u00edculos en nuestra ciudad de San Felipe, esta vez fue la oportunidad de Francisco G45onz\u00e1lez, comerciante sanfelipe\u00f1o que durante la tarde del pasado d\u00eda martes, vio c\u00f3mo un delincuente con amplio prontuario rompi\u00f3 el vidrio de su auto y sustrajo algunas especies.<\/p>\n<p style=\"text-align: justify;\">Seg\u00fan relat\u00f3 la v\u00edctima, \u00abel d\u00eda de ayer (martes) alrededor de las 5 de la tarde me llama mi hermana diciendo que le abrieron el auto; ella se estaciona regularmente en calle Carlos Condell. Mi cu\u00f1ado fue al auto a cambiarse el calzado porque andaba con bototos de seguridad, y descubre que est\u00e1 Carabineros, hay personas alrededor del auto y el vidrio lateral roto.<\/p>\n<p style=\"text-align: justify;\">\u00abCarabineros le pregunt\u00f3 si el auto era de \u00e9l y dijo que s\u00ed, y se dieron cuenta que el sujeto hab\u00eda sacado una mochila y otras pertenencias m\u00e1s del veh\u00edculo\u00bb, agreg\u00f3.<\/p>\n<p style=\"text-align: justify;\">Respecto de c\u00f3mo sucedi\u00f3 el robo, Gonz\u00e1lez detall\u00f3 que \u00abhab\u00eda un se\u00f1or que desde calle Salinas not\u00f3 sospechosamente al tipo que ven\u00eda mirando los veh\u00edculos, y lo qued\u00f3 mirando a distancia para ver lo que hac\u00eda, hasta que se dio cuenta que con una piedra revienta el vidrio del auto, quebr\u00e1ndolo y da\u00f1ando el tapiz del otro lado de la puerta, abre la puerta y sac\u00f3 las cosas\u00bb.<\/p>\n<p style=\"text-align: justify;\">Fue el mismo testigo del hecho quien llam\u00f3 a Carabineros los que llegaron r\u00e1pidamente al lugar de los hechos y lograron detener al delincuente. \u00abEl se\u00f1or cuando se dio cuenta llam\u00f3 a Carabineros y lo fue ahuyentando a gritos, el tipo lleg\u00f3 a correr hasta calle Portus y lo detuvo con las pertenencias\u00bb, se\u00f1al\u00f3 la v\u00edctima.<\/p>\n<p style=\"text-align: justify;\">En el mismo di\u00e1logo con Carabineros, Francisco Gonz\u00e1lez se sorprendi\u00f3 ya que \u00abcon este delito estaba rompiendo una medida cautelar de arresto domiciliario y hoy se le suma este delito, estos delitos quedan impune, pero espero que en fiscal\u00eda hagan que este tipo de personas no est\u00e9n m\u00e1s en las calles, porque ya no puedes dejar tu auto estacionado en las calles porque te lo van a abrir\u00bb.<\/p>\n<p style=\"text-align: justify;\">Sin ir m\u00e1s lejos, y seg\u00fan informaci\u00f3n que pudimos recopilar, el delincuente ha sido detenido varias veces por distintos tipos de delitos perpetrados en nuestra ciudad.<\/p>\n<figure id=\"attachment_112425\" aria-describedby=\"caption-attachment-112425\" style=\"width: 699px\" class=\"wp-caption alignnone\"><img data-recalc-dims=\"1\" loading=\"lazy\" decoding=\"async\" class=\"size-full wp-image-112425\" src=\"https:\/\/i0.wp.com\/eltrabajo.cl\/portal\/wp-content\/uploads\/2022\/01\/roba-autos.jpg?resize=640%2C426&#038;ssl=1\" alt=\"En calle Carlos Condell fue detenido nuevamente un delincuente tras robar especies desde un veh\u00edculo estacionado. \" width=\"640\" height=\"426\" srcset=\"https:\/\/i0.wp.com\/eltrabajo.cl\/portal\/wp-content\/uploads\/2022\/01\/roba-autos.jpg?w=699&amp;ssl=1 699w, https:\/\/i0.wp.com\/eltrabajo.cl\/portal\/wp-content\/uploads\/2022\/01\/roba-autos.jpg?resize=300%2C200&amp;ssl=1 300w, https:\/\/i0.wp.com\/eltrabajo.cl\/portal\/wp-content\/uploads\/2022\/01\/roba-autos.jpg?resize=200%2C133&amp;ssl=1 200w, https:\/\/i0.wp.com\/eltrabajo.cl\/portal\/wp-content\/uploads\/2022\/01\/roba-autos.jpg?resize=696%2C463&amp;ssl=1 696w\" sizes=\"auto, (max-width: 640px) 100vw, 640px\" \/><figcaption id=\"caption-attachment-112425\" class=\"wp-caption-text\">En calle Carlos Condell fue detenido nuevamente un delincuente tras robar especies desde un veh\u00edculo estacionado.<\/figcaption><\/figure>\n","protected":false},"excerpt":{"rendered":"<p>Sujeto que adem\u00e1s deb\u00eda cumplir una orden de arresto domiciliario, fue detenido por Carabineros cuando rob\u00f3 especies desde un veh\u00edculo.- Lamentablemente, suman y siguen los robos a veh\u00edculos en nuestra ciudad de&#8230;<\/p>\n","protected":false},"author":482,"featured_media":112425,"comment_status":"closed","ping_status":"open","sticky":false,"template":"","format":"standard","meta":{"advanced_seo_description":"","jetpack_seo_html_title":"","jetpack_seo_noindex":false,"_jetpack_memberships_contains_paid_content":false,"footnotes":""},"categories":[21],"tags":[],"class_list":["post-112424","post","type-post","status-publish","format-standard","has-post-thumbnail","hentry","category-policial"],"jetpack_featured_media_url":"https:\/\/i0.wp.com\/eltrabajo.cl\/portal\/wp-content\/uploads\/2022\/01\/roba-autos.jpg?fit=699%2C465&ssl=1","jetpack_sharing_enabled":true,"jetpack_likes_enabled":true,"jetpack-related-posts":[],"_links":{"self":[{"href":"https:\/\/eltrabajo.cl\/portal\/wp-json\/wp\/v2\/posts\/112424","targetHints":{"allow":["GET"]}}],"collection":[{"href":"https:\/\/eltrabajo.cl\/portal\/wp-json\/wp\/v2\/posts"}],"about":[{"href":"https:\/\/eltrabajo.cl\/portal\/wp-json\/wp\/v2\/types\/post"}],"author":[{"embeddable":true,"href":"https:\/\/eltrabajo.cl\/portal\/wp-json\/wp\/v2\/users\/482"}],"replies":[{"embeddable":true,"href":"https:\/\/eltrabajo.cl\/portal\/wp-json\/wp\/v2\/comments?post=112424"}],"version-history":[{"count":0,"href":"https:\/\/eltrabajo.cl\/portal\/wp-json\/wp\/v2\/posts\/112424\/revisions"}],"wp:featuredmedia":[{"embeddable":true,"href":"https:\/\/eltrabajo.cl\/portal\/wp-json\/wp\/v2\/media\/112425"}],"wp:attachment":[{"href":"https:\/\/eltrabajo.cl\/portal\/wp-json\/wp\/v2\/media?parent=112424"}],"wp:term":[{"taxonomy":"category","embeddable":true,"href":"https:\/\/eltrabajo.cl\/portal\/wp-json\/wp\/v2\/categories?post=112424"},{"taxonomy":"post_tag","embeddable":true,"href":"https:\/\/eltrabajo.cl\/portal\/wp-json\/wp\/v2\/tags?post=112424"}],"curies":[{"name":"wp","href":"https:\/\/api.w.org\/{rel}","templated":true}]}}