{"id":112433,"date":"2022-01-13T08:00:44","date_gmt":"2022-01-13T11:00:44","guid":{"rendered":"https:\/\/eltrabajo.cl\/portal\/?p=112433"},"modified":"2022-01-12T21:47:04","modified_gmt":"2022-01-13T00:47:04","slug":"ola-de-robos-afecta-a-voluntarios-de-la-cuarta-compania-de-bomberos","status":"publish","type":"post","link":"https:\/\/eltrabajo.cl\/portal\/ola-de-robos-afecta-a-voluntarios-de-la-cuarta-compania-de-bomberos\/","title":{"rendered":"Ola de robos afecta a voluntarios de la Cuarta Compa\u00f1\u00eda de Bomberos"},"content":{"rendered":"<ul style=\"text-align: justify;\">\n<li><strong>En tan s\u00f3lo una semana han sido v\u00edctimas de cinco hechos delincuenciales.-<\/strong><\/li>\n<\/ul>\n<p style=\"text-align: justify;\">Cansados est\u00e1n los bomberos de la Cuarta Compa\u00f1\u00eda de nuestra ciudad, ubicada en calle Ambrosio Santelices, por una ola de robos que les ha afectado, espec\u00edficamente, delincuentes que han abierto los veh\u00edculos de los voluntarios que hacen los turnos de noche.<\/p>\n<p style=\"text-align: justify;\">El director de esta unidad bomberil, <strong>Jorge Aracena Vergara<\/strong>, detall\u00f3 que <em>\u00aben el corto plazo hemos tenido varios eventos de robos, han sido cuatro robos que han afectado a nuestros bomberos, principalmente han sido robos cuando han estado pernoctando en sus guardias nocturnas, nos hemos visto afectados por estos sujetos. Varios vecinos adem\u00e1s nos han indicado que a los alrededores han tenido algunos robos en sus veh\u00edculos\u00bb.<\/em><\/p>\n<p style=\"text-align: justify;\">En este mismo \u00e1mbito, Aracena agreg\u00f3 que <em>\u00abestos robos han sido m\u00e1s o menos en una semana, ayer <\/em>(martes)<em> fue el \u00faltimo en el cual hicimos nuevamente una denuncia en Carabineros, se presentaron, les entregamos nuestros registros de c\u00e1maras y fotogr\u00e1ficos. Viendo nuestras c\u00e1maras fue como a las 3:00 am mientras los bomberos estaban durmiendo\u00bb.<\/em><\/p>\n<p style=\"text-align: justify;\">Robos que no solamente han afectado a los bomberos que hacen la guardia de noche, sino que tambi\u00e9n a los propios vecinos del sector: <em>\u00abHa sido no solamente a bomberos, sino que a los vecinos tambi\u00e9n de la compa\u00f1\u00eda que se han visto afectados por los robos. Esperamos que la justicia haga lo suyo y que puedan encerrarlos o se tomen cartas en el asunto para que estas personas no vuelvan a cometer estos robos\u00bb,<\/em> indic\u00f3.<\/p>\n<p style=\"text-align: justify;\">Lamentablemente, los voluntarios no disponen de un espacio al interior del cuartel para dejar sus autos, ya que, en ese lugar, se encuentran los mismos carros. <em>\u00abAl final quedan frente de nuestra compa\u00f1\u00eda porque no tenemos el espacio suficiente para poder guardar los veh\u00edculos particulares, solamente los veh\u00edculos nuestros de emergencia\u00bb,<\/em> se\u00f1al\u00f3 el director.<\/p>\n<p style=\"text-align: justify;\">Respecto de alguna identificaci\u00f3n de los delincuentes, Aracena precis\u00f3 que <em>\u00ablos vecinos nos han dado alg\u00fan indicio de personas sospechosas que han merodeado nuestras dependencias por los alrededores, pero es materia de investigaci\u00f3n, entregamos todos los registros a Carabineros y la PDI\u00bb. <\/em><\/p>\n<figure id=\"attachment_112434\" aria-describedby=\"caption-attachment-112434\" style=\"width: 700px\" class=\"wp-caption alignnone\"><img data-recalc-dims=\"1\" loading=\"lazy\" decoding=\"async\" class=\"size-full wp-image-112434\" src=\"https:\/\/i0.wp.com\/eltrabajo.cl\/portal\/wp-content\/uploads\/2022\/01\/robo-a-bomberos.jpg?resize=640%2C753&#038;ssl=1\" alt=\"As\u00ed han dejado los veh\u00edculos de bomberos que hacen la guardia de noche en la Cuarta Compa\u00f1\u00eda de nuestra ciudad.\" width=\"640\" height=\"753\" srcset=\"https:\/\/i0.wp.com\/eltrabajo.cl\/portal\/wp-content\/uploads\/2022\/01\/robo-a-bomberos.jpg?w=700&amp;ssl=1 700w, https:\/\/i0.wp.com\/eltrabajo.cl\/portal\/wp-content\/uploads\/2022\/01\/robo-a-bomberos.jpg?resize=255%2C300&amp;ssl=1 255w, https:\/\/i0.wp.com\/eltrabajo.cl\/portal\/wp-content\/uploads\/2022\/01\/robo-a-bomberos.jpg?resize=127%2C150&amp;ssl=1 127w, https:\/\/i0.wp.com\/eltrabajo.cl\/portal\/wp-content\/uploads\/2022\/01\/robo-a-bomberos.jpg?resize=696%2C819&amp;ssl=1 696w\" sizes=\"auto, (max-width: 640px) 100vw, 640px\" \/><figcaption id=\"caption-attachment-112434\" class=\"wp-caption-text\">As\u00ed han dejado los veh\u00edculos de bomberos que hacen la guardia de noche en la Cuarta Compa\u00f1\u00eda de nuestra ciudad.<\/figcaption><\/figure>\n","protected":false},"excerpt":{"rendered":"<p>En tan s\u00f3lo una semana han sido v\u00edctimas de cinco hechos delincuenciales.- Cansados est\u00e1n los bomberos de la Cuarta Compa\u00f1\u00eda de nuestra ciudad, ubicada en calle Ambrosio Santelices, por una ola de&#8230;<\/p>\n","protected":false},"author":482,"featured_media":112434,"comment_status":"closed","ping_status":"open","sticky":false,"template":"","format":"standard","meta":{"advanced_seo_description":"","jetpack_seo_html_title":"","jetpack_seo_noindex":false,"_jetpack_memberships_contains_paid_content":false,"footnotes":""},"categories":[21],"tags":[],"class_list":["post-112433","post","type-post","status-publish","format-standard","has-post-thumbnail","hentry","category-policial"],"jetpack_featured_media_url":"https:\/\/i0.wp.com\/eltrabajo.cl\/portal\/wp-content\/uploads\/2022\/01\/robo-a-bomberos.jpg?fit=700%2C824&ssl=1","jetpack_sharing_enabled":true,"jetpack_likes_enabled":true,"jetpack-related-posts":[],"_links":{"self":[{"href":"https:\/\/eltrabajo.cl\/portal\/wp-json\/wp\/v2\/posts\/112433","targetHints":{"allow":["GET"]}}],"collection":[{"href":"https:\/\/eltrabajo.cl\/portal\/wp-json\/wp\/v2\/posts"}],"about":[{"href":"https:\/\/eltrabajo.cl\/portal\/wp-json\/wp\/v2\/types\/post"}],"author":[{"embeddable":true,"href":"https:\/\/eltrabajo.cl\/portal\/wp-json\/wp\/v2\/users\/482"}],"replies":[{"embeddable":true,"href":"https:\/\/eltrabajo.cl\/portal\/wp-json\/wp\/v2\/comments?post=112433"}],"version-history":[{"count":0,"href":"https:\/\/eltrabajo.cl\/portal\/wp-json\/wp\/v2\/posts\/112433\/revisions"}],"wp:featuredmedia":[{"embeddable":true,"href":"https:\/\/eltrabajo.cl\/portal\/wp-json\/wp\/v2\/media\/112434"}],"wp:attachment":[{"href":"https:\/\/eltrabajo.cl\/portal\/wp-json\/wp\/v2\/media?parent=112433"}],"wp:term":[{"taxonomy":"category","embeddable":true,"href":"https:\/\/eltrabajo.cl\/portal\/wp-json\/wp\/v2\/categories?post=112433"},{"taxonomy":"post_tag","embeddable":true,"href":"https:\/\/eltrabajo.cl\/portal\/wp-json\/wp\/v2\/tags?post=112433"}],"curies":[{"name":"wp","href":"https:\/\/api.w.org\/{rel}","templated":true}]}}