{"id":112467,"date":"2022-01-17T07:35:50","date_gmt":"2022-01-17T10:35:50","guid":{"rendered":"https:\/\/eltrabajo.cl\/portal\/?p=112467"},"modified":"2022-01-16T21:48:03","modified_gmt":"2022-01-17T00:48:03","slug":"segunda-sala-cierra-las-posibilidades-que-el-uni-uni-suba-por-secretaria","status":"publish","type":"post","link":"https:\/\/eltrabajo.cl\/portal\/segunda-sala-cierra-las-posibilidades-que-el-uni-uni-suba-por-secretaria\/","title":{"rendered":"Segunda Sala cierra las posibilidades que el Un\u00ed Un\u00ed suba por secretar\u00eda"},"content":{"rendered":"<p style=\"text-align: justify;\">Como un \u2018traje a la medida\u2019 que beneficia s\u00f3lo a algunos, calific\u00f3 el gerente general de Uni\u00f3n San Felipe, la resoluci\u00f3n de la Segunda Sala del Tribunal de Penalidades, respecto a no expulsar a Deportes Melipilla del profesionalismo.<\/p>\n<p style=\"text-align: justify;\">El fallo de segunda instancia es a todas luces controvertido, porque en la pr\u00e1ctica desestim\u00f3 la determinaci\u00f3n de la Primera Sala, al aplicar s\u00f3lo la resta de seis puntos a los melipillanos en el campeonato 2021, lo que se traducir\u00e1 solo en el descenso a la Primera B.<\/p>\n<p style=\"text-align: justify;\">Con esto la justicia del balompi\u00e9 rentado chileno cerr\u00f3 cualquier posibilidad que Uni\u00f3n San Felipe y Rangers de Talca pudieran obtener la \u2018compensaci\u00f3n deportiva\u2019 a ra\u00edz que las graves faltas administrativas de Melipilla fueron durante la temporada 2020, en la cual ese equipo se impuso en la liguilla a sanfelipe\u00f1os y talquinos.<\/p>\n<p style=\"text-align: justify;\"><strong>Eduardo Olivares<\/strong> fue muy cr\u00edtico respecto al fallo, y no tuvo dudas al afirmar que en esta resoluci\u00f3n pes\u00f3 m\u00e1s la pol\u00edtica que la justicia, por lo que el club sanfelipe\u00f1o una vez que haya analizado a fondo el fallo de la Segunda Sala, no se cerraba a tomar acciones en la justicia de la ANFP u Ordinaria, seg\u00fan corresponda, cosa completamente entendible, ya que el Un\u00ed Un\u00ed fue el m\u00e1s perjudicado con las \u2018trampas\u2019 de Melipilla.<\/p>\n<figure id=\"attachment_112468\" aria-describedby=\"caption-attachment-112468\" style=\"width: 699px\" class=\"wp-caption alignnone\"><img data-recalc-dims=\"1\" loading=\"lazy\" decoding=\"async\" class=\"size-full wp-image-112468\" src=\"https:\/\/i0.wp.com\/eltrabajo.cl\/portal\/wp-content\/uploads\/2022\/01\/uni-melipilla-1.jpg?resize=640%2C361&#038;ssl=1\" alt=\"NO HUBO JUSTICIA.- La Segunda Sala del Tribunal de Penalidades sepult\u00f3 las opciones de que el Un\u00ed Un\u00ed obtuviera una compensaci\u00f3n deportiva (la imagen corresponde al triunfo albirrojo en la ida).\" width=\"640\" height=\"361\" srcset=\"https:\/\/i0.wp.com\/eltrabajo.cl\/portal\/wp-content\/uploads\/2022\/01\/uni-melipilla-1.jpg?w=699&amp;ssl=1 699w, https:\/\/i0.wp.com\/eltrabajo.cl\/portal\/wp-content\/uploads\/2022\/01\/uni-melipilla-1.jpg?resize=300%2C169&amp;ssl=1 300w, https:\/\/i0.wp.com\/eltrabajo.cl\/portal\/wp-content\/uploads\/2022\/01\/uni-melipilla-1.jpg?resize=200%2C113&amp;ssl=1 200w, https:\/\/i0.wp.com\/eltrabajo.cl\/portal\/wp-content\/uploads\/2022\/01\/uni-melipilla-1.jpg?resize=696%2C392&amp;ssl=1 696w\" sizes=\"auto, (max-width: 640px) 100vw, 640px\" \/><figcaption id=\"caption-attachment-112468\" class=\"wp-caption-text\">NO HUBO JUSTICIA.- La Segunda Sala del Tribunal de Penalidades sepult\u00f3 las opciones de que el Un\u00ed Un\u00ed obtuviera una compensaci\u00f3n deportiva (la imagen corresponde al triunfo albirrojo en la ida).<\/figcaption><\/figure>\n","protected":false},"excerpt":{"rendered":"<p>Como un \u2018traje a la medida\u2019 que beneficia s\u00f3lo a algunos, calific\u00f3 el gerente general de Uni\u00f3n San Felipe, la resoluci\u00f3n de la Segunda Sala del Tribunal de Penalidades, respecto a no&#8230;<\/p>\n","protected":false},"author":482,"featured_media":112468,"comment_status":"closed","ping_status":"open","sticky":false,"template":"","format":"standard","meta":{"advanced_seo_description":"","jetpack_seo_html_title":"","jetpack_seo_noindex":false,"_jetpack_memberships_contains_paid_content":false,"footnotes":""},"categories":[19],"tags":[],"class_list":["post-112467","post","type-post","status-publish","format-standard","has-post-thumbnail","hentry","category-deportes"],"jetpack_featured_media_url":"https:\/\/i0.wp.com\/eltrabajo.cl\/portal\/wp-content\/uploads\/2022\/01\/uni-melipilla-1.jpg?fit=699%2C394&ssl=1","jetpack_sharing_enabled":true,"jetpack_likes_enabled":true,"jetpack-related-posts":[],"_links":{"self":[{"href":"https:\/\/eltrabajo.cl\/portal\/wp-json\/wp\/v2\/posts\/112467","targetHints":{"allow":["GET"]}}],"collection":[{"href":"https:\/\/eltrabajo.cl\/portal\/wp-json\/wp\/v2\/posts"}],"about":[{"href":"https:\/\/eltrabajo.cl\/portal\/wp-json\/wp\/v2\/types\/post"}],"author":[{"embeddable":true,"href":"https:\/\/eltrabajo.cl\/portal\/wp-json\/wp\/v2\/users\/482"}],"replies":[{"embeddable":true,"href":"https:\/\/eltrabajo.cl\/portal\/wp-json\/wp\/v2\/comments?post=112467"}],"version-history":[{"count":0,"href":"https:\/\/eltrabajo.cl\/portal\/wp-json\/wp\/v2\/posts\/112467\/revisions"}],"wp:featuredmedia":[{"embeddable":true,"href":"https:\/\/eltrabajo.cl\/portal\/wp-json\/wp\/v2\/media\/112468"}],"wp:attachment":[{"href":"https:\/\/eltrabajo.cl\/portal\/wp-json\/wp\/v2\/media?parent=112467"}],"wp:term":[{"taxonomy":"category","embeddable":true,"href":"https:\/\/eltrabajo.cl\/portal\/wp-json\/wp\/v2\/categories?post=112467"},{"taxonomy":"post_tag","embeddable":true,"href":"https:\/\/eltrabajo.cl\/portal\/wp-json\/wp\/v2\/tags?post=112467"}],"curies":[{"name":"wp","href":"https:\/\/api.w.org\/{rel}","templated":true}]}}