{"id":112481,"date":"2022-01-17T07:55:20","date_gmt":"2022-01-17T10:55:20","guid":{"rendered":"https:\/\/eltrabajo.cl\/portal\/?p=112481"},"modified":"2022-01-16T21:54:42","modified_gmt":"2022-01-17T00:54:42","slug":"en-prision-preventiva-los-dos-detenidos-por-homicidio-en-la-villa-departamental","status":"publish","type":"post","link":"https:\/\/eltrabajo.cl\/portal\/en-prision-preventiva-los-dos-detenidos-por-homicidio-en-la-villa-departamental\/","title":{"rendered":"En prisi\u00f3n preventiva los dos detenidos por homicidio en la Villa Departamental"},"content":{"rendered":"<ul style=\"text-align: justify;\">\n<li style=\"text-align: left;\"><strong>El ministerio p\u00fablico los formaliz\u00f3 por el delito de Homicidio Consumado y Tenencia de Arma de Fuego.-<\/strong><\/li>\n<\/ul>\n<p style=\"text-align: justify;\">El pasado d\u00eda jueves personal de la Brigada de Homicidios (BH) de la Polic\u00eda de Investigaciones (PDI) detuvo a dos personas acusadas del homicidio de un hombre en la Villa Departamental de nuestra ciudad, hecho ocurrido en octubre del a\u00f1o pasado.<\/p>\n<p style=\"text-align: justify;\">En lo que respecta a los imputados, se trata de <strong>Rodrigo Astorga Alfaro<\/strong>, de 32 a\u00f1os de edad, y <strong>Patricia Bustamante Bustamante<\/strong>, de 39 a\u00f1os.<\/p>\n<p style=\"text-align: justify;\">Efectivos de esa unidad policial llegaron hasta un domicilio ubicado en la Villa Aconcagua, donde se encontraban los sospechosos, ingresando a la casa y adem\u00e1s encontrando un arma de fuego y droga.<\/p>\n<p style=\"text-align: justify;\">El jefe de la BH, el sub prefecto <strong>Marcelo Lazen<\/strong>, detall\u00f3 que \u00abesto tiene que ver con una investigaci\u00f3n que estaba llevando a cabo la Brigada de Homicidios de Los Andes a contar del d\u00eda 27 de octubre (2021), por cuanto en esa fecha en horas de la noche, el fiscal de turno de San Felipe solicit\u00f3 la concurrencia de personal de esta brigada al Hospital San Camilo, por cuanto hab\u00eda ingresado una persona herida por dos proyectiles bal\u00edsticos, falleciendo en el lugar\u00bb.<\/p>\n<p style=\"text-align: justify;\">La v\u00edctima, quien fue identificada como <strong>Camilo Andr\u00e9s Orellana Allende<\/strong>, muri\u00f3 producto de un impacto de bala en la zona del pecho. En este sentido Lazen se\u00f1al\u00f3 que a ra\u00edz de este hecho \u00abse realizaron diversas diligencias, entre ellas el examen externo policial del cuerpo y diversos empadronamientos y entrevistas a testigos, y gracias a la inteligencia policial, an\u00e1lisis criminal e investigaci\u00f3n criminal\u00edstica, se logr\u00f3 determinar que los autores del homicidio eran dos personas, una de sexo masculino de 32 a\u00f1os y una de sexo femenino de 39 a\u00f1os\u00bb.<\/p>\n<p style=\"text-align: justify;\">Respecto del operativo donde se detuvo a estas dos personas, el sub prefecto de la PDI sostuvo que \u00abcon fecha 12 de enero se solicit\u00f3 al ministerio p\u00fablico de San Felipe las \u00f3rdenes de detenci\u00f3n y entrada y registro de una vivienda. Dichos imputados estaban en una casa y se les encontr\u00f3 un arma de fuego percutada, posiblemente el arma homicida, la que ser\u00e1 remitida al laboratorio de criminal\u00edstica para su an\u00e1lisis, y adem\u00e1s cannabis sativa\u00bb.<\/p>\n<p style=\"text-align: justify;\">Bajo este escenario, el jefe de la BH adem\u00e1s aclar\u00f3 que el domicilio en el que son detenidas estas personas, pertenece a familiares del ahora imputado. \u00abNo es que la familia tenga que ver en esto, ese es un inmueble que es de propiedad de familiares directos del detenido y estaban utilizando este inmueble para evadir la justicia, ya que no es su domicilio habitual. Este hecho policialmente lo tenemos resuelto\u00bb.<\/p>\n<p style=\"text-align: justify;\">Detenci\u00f3n que se produjo el pasado d\u00eda jueves y cuyo control de detenci\u00f3n se llev\u00f3 a cabo durante la jornada del d\u00eda viernes. En este sentido, desde el ministerio p\u00fablico, fue el fiscal Andr\u00e9s Gallardo quien indic\u00f3 que \u00abla fiscal\u00eda local de San Felipe formaliz\u00f3 a Rodrigo Astorga Alfaro (32) y a Patricia Bustamante Bustamante (39), por los delitos de homicidio en desarrollo consumado y por el delito de tenencia de arma de fuego. Estas personas quedaron en prisi\u00f3n preventiva y se dio un plazo de investigaci\u00f3n de 60 d\u00edas\u00bb.<\/p>\n<p style=\"text-align: justify;\">Gallardo adem\u00e1s detall\u00f3 que \u00abestos hechos ocurrieron en octubre del 2021 cuando el imputado dispara en una de las piernas a la v\u00edctima, luego intercede la imputada, quien induce al otro imputado dici\u00e9ndole, mata a esta persona, y el otro imputado le da un disparo en el est\u00f3mago a la v\u00edctima, quien fallece en el Hospital\u00bb.<\/p>\n<figure id=\"attachment_112482\" aria-describedby=\"caption-attachment-112482\" style=\"width: 698px\" class=\"wp-caption alignnone\"><img data-recalc-dims=\"1\" loading=\"lazy\" decoding=\"async\" class=\"size-full wp-image-112482\" src=\"https:\/\/i0.wp.com\/eltrabajo.cl\/portal\/wp-content\/uploads\/2022\/01\/homicidio.jpg?resize=640%2C360&#038;ssl=1\" alt=\"En una casa de la Villa Aconcagua fueron detenidos Rodrigo Astorga y Patricia Bustamante, acusados del homicidio de un hombre en la Villa Departamental.\" width=\"640\" height=\"360\" srcset=\"https:\/\/i0.wp.com\/eltrabajo.cl\/portal\/wp-content\/uploads\/2022\/01\/homicidio.jpg?w=698&amp;ssl=1 698w, https:\/\/i0.wp.com\/eltrabajo.cl\/portal\/wp-content\/uploads\/2022\/01\/homicidio.jpg?resize=300%2C169&amp;ssl=1 300w, https:\/\/i0.wp.com\/eltrabajo.cl\/portal\/wp-content\/uploads\/2022\/01\/homicidio.jpg?resize=200%2C113&amp;ssl=1 200w, https:\/\/i0.wp.com\/eltrabajo.cl\/portal\/wp-content\/uploads\/2022\/01\/homicidio.jpg?resize=696%2C392&amp;ssl=1 696w\" sizes=\"auto, (max-width: 640px) 100vw, 640px\" \/><figcaption id=\"caption-attachment-112482\" class=\"wp-caption-text\">En una casa de la Villa Aconcagua fueron detenidos Rodrigo Astorga y Patricia Bustamante, acusados del homicidio de un hombre en la Villa Departamental.<\/figcaption><\/figure>\n","protected":false},"excerpt":{"rendered":"<p>El ministerio p\u00fablico los formaliz\u00f3 por el delito de Homicidio Consumado y Tenencia de Arma de Fuego.- El pasado d\u00eda jueves personal de la Brigada de Homicidios (BH) de la Polic\u00eda de&#8230;<\/p>\n","protected":false},"author":482,"featured_media":112482,"comment_status":"closed","ping_status":"open","sticky":false,"template":"","format":"standard","meta":{"advanced_seo_description":"","jetpack_seo_html_title":"","jetpack_seo_noindex":false,"_jetpack_memberships_contains_paid_content":false,"footnotes":""},"categories":[21],"tags":[],"class_list":["post-112481","post","type-post","status-publish","format-standard","has-post-thumbnail","hentry","category-policial"],"jetpack_featured_media_url":"https:\/\/i0.wp.com\/eltrabajo.cl\/portal\/wp-content\/uploads\/2022\/01\/homicidio.jpg?fit=698%2C393&ssl=1","jetpack_sharing_enabled":true,"jetpack_likes_enabled":true,"jetpack-related-posts":[],"_links":{"self":[{"href":"https:\/\/eltrabajo.cl\/portal\/wp-json\/wp\/v2\/posts\/112481","targetHints":{"allow":["GET"]}}],"collection":[{"href":"https:\/\/eltrabajo.cl\/portal\/wp-json\/wp\/v2\/posts"}],"about":[{"href":"https:\/\/eltrabajo.cl\/portal\/wp-json\/wp\/v2\/types\/post"}],"author":[{"embeddable":true,"href":"https:\/\/eltrabajo.cl\/portal\/wp-json\/wp\/v2\/users\/482"}],"replies":[{"embeddable":true,"href":"https:\/\/eltrabajo.cl\/portal\/wp-json\/wp\/v2\/comments?post=112481"}],"version-history":[{"count":0,"href":"https:\/\/eltrabajo.cl\/portal\/wp-json\/wp\/v2\/posts\/112481\/revisions"}],"wp:featuredmedia":[{"embeddable":true,"href":"https:\/\/eltrabajo.cl\/portal\/wp-json\/wp\/v2\/media\/112482"}],"wp:attachment":[{"href":"https:\/\/eltrabajo.cl\/portal\/wp-json\/wp\/v2\/media?parent=112481"}],"wp:term":[{"taxonomy":"category","embeddable":true,"href":"https:\/\/eltrabajo.cl\/portal\/wp-json\/wp\/v2\/categories?post=112481"},{"taxonomy":"post_tag","embeddable":true,"href":"https:\/\/eltrabajo.cl\/portal\/wp-json\/wp\/v2\/tags?post=112481"}],"curies":[{"name":"wp","href":"https:\/\/api.w.org\/{rel}","templated":true}]}}