{"id":112484,"date":"2022-01-17T08:00:57","date_gmt":"2022-01-17T11:00:57","guid":{"rendered":"https:\/\/eltrabajo.cl\/portal\/?p=112484"},"modified":"2022-01-16T21:58:23","modified_gmt":"2022-01-17T00:58:23","slug":"nuevamente-asaltan-a-mano-armada-tienda-tricot-connect-de-calle-portus","status":"publish","type":"post","link":"https:\/\/eltrabajo.cl\/portal\/nuevamente-asaltan-a-mano-armada-tienda-tricot-connect-de-calle-portus\/","title":{"rendered":"Nuevamente asaltan a mano armada tienda Tricot Connect de calle Portus"},"content":{"rendered":"<p style=\"text-align: left;\"><span style=\"color: #ff0000;\"><strong>El primero fue en septiembre de 2021:<\/strong><\/span><\/p>\n<p style=\"text-align: justify;\">Cinco antisociales a punta de arma de fuego asaltaron, este viernes en la ma\u00f1ana, la Tienda Tricot Connect ubicada en calle Portus 266, pleno centro de San Felipe, sustrayendo una cantidad de 8 millones de pesos en celulares y relojes inteligentes.<\/p>\n<p style=\"text-align: justify;\">En el lugar, seg\u00fan lo indicado por Carabineros, los sujetos maniataron al encargado del local, encerr\u00e1ndolo en el ba\u00f1o para efectuar el robo.<\/p>\n<p style=\"text-align: justify;\">El subteniente de Carabineros, <strong>Mat\u00edas Fuentes<\/strong>, indic\u00f3 que el hecho ocurri\u00f3 a eso de las 09:00 horas, cuando <em>\u00abcinco individuos con vestimentas oscuras, los cuales se movilizaban en un veh\u00edculo sedan, un Hyundai al parecer, ingresaron y habr\u00edan intimidado al locatario con un arma de fuego, lo habr\u00edan atado de manos y lo habr\u00edan ingresado al ba\u00f1o para sustraer las distintas especies: tel\u00e9fonos celulares, relojes inteligentes y dinero en efectivo. Ahora, en este momento personal de Carabineros se encuentra realizando las diligencias en b\u00fasqueda de los individuos y estamos a la espera de la concurrencia de la PDI para que realice las pericias correspondientes\u00bb, <\/em>dec\u00eda el viernes el subteniente <strong>Mat\u00edas Fuentes<\/strong>, oficial a cargo del procedimiento.<\/p>\n<p style=\"text-align: justify;\">Referente a personas heridas, indic\u00f3 que el locatario <em>\u00abm\u00e1s que nada afectado, dice que no es primera vez que ha sido v\u00edctima de este tipo de robo, pero se encuentra tranquilo, ha aportado la mayor cantidad de antecedentes al personal policial, as\u00ed es que por ese lado estar\u00eda bien el locatario\u00bb,<\/em> se\u00f1ala.<\/p>\n<p style=\"text-align: justify;\">&#8211; <strong>\u00bfCu\u00e1nto es el aval\u00fao de lo robado?<\/strong><\/p>\n<p style=\"text-align: justify;\">&#8211; Aproximadamente el aval\u00fao de las especies ser\u00eda 8 millones, entre\u00a0 dinero efectivo y las especies que fueron sustra\u00eddas.<\/p>\n<p style=\"text-align: justify;\">&#8211; <strong>\u00bfEso tiene que ver con tecnolog\u00eda, celulares?<\/strong><\/p>\n<p style=\"text-align: justify;\">&#8211; Celulares y relojes inteligentes tipo Iphone que se utilizan actualmente.<\/p>\n<p style=\"text-align: justify;\">En cuanto a las caracter\u00edsticas del veh\u00edculo utilizado en el asalto, finalmente se pudo saber que se trataba de uno de color azul met\u00e1lico, marca K\u00eda, modelo Ceratto, sin sus placas patentes.<\/p>\n<p style=\"text-align: justify;\">\n<p style=\"text-align: justify;\"><span style=\"color: #ff0000;\">NUEVO MODUS OPERANDI<\/span><\/p>\n<p style=\"text-align: justify;\">Tambi\u00e9n el oficial indic\u00f3 que en este robo a tienda Tricot qued\u00f3 al descubierto un nuevo modus operandi, como fue el lanzar \u2018miguelitos\u2019 por donde transitan frecuentemente los veh\u00edculos policiales; \u00abhabr\u00edan lanzado \u2018miguelitos\u2019 y aceite por la Avenida O\u2019Higgins con Yungay, lo mismo habr\u00edan hecho en la calle 5 de Abril, al parecer ser\u00eda justamente con el fin de afectar al personal policial, toda vez que ten\u00edan conocimiento que esas son las calles por las cuales salen los dispositivos policiales, por lo cual si se hubiera sorprendido en flagrancia y solicitado la cooperaci\u00f3n, lo m\u00e1s probable que alg\u00fan veh\u00edculo policial se podr\u00eda haber visto afectado por estos \u2018miguelitos\u2019\u00bb, dice.<\/p>\n<p style=\"text-align: justify;\">&#8211; <strong>\u00bfO sea, puede ser que visitaran antes el lugar?<\/strong><\/p>\n<p style=\"text-align: justify;\">&#8211; Posibilemente los individuos, tal vez anteriormente ya habr\u00edan estudiado el lugar, los horarios, cu\u00e1nta gente trabajaba en el interior, b\u00e1sicamente eso tal vez, pero eso es ya parte de la investigaci\u00f3n.<\/p>\n<p style=\"text-align: justify;\">\n<p style=\"text-align: justify;\"><span style=\"color: #ff0000;\">ENCUENTRAN VEH\u00cdCULO ABANDONADO EN LA TROYA<\/span><\/p>\n<p style=\"text-align: justify;\">El veh\u00edculo usado por los delincuentes fue encontrado horas despu\u00e9s de cometido el asalto en el sector La Troya, cerca de un camping.<\/p>\n<p style=\"text-align: justify;\">Desde Carabineros fue el mayor <strong>Cristian Ram\u00edrez Gald\u00e1mez<\/strong>, quien dijo que el veh\u00edculo ten\u00eda encargo por robo; <em>\u00abAs\u00ed es que por lo menos recuperamos un veh\u00edculo que estaba por robo, no obstante en s\u00ed el procedimiento fue adoptado conforme a instrucciones del Ministerio P\u00fablico, fue entregado completamente a la Polic\u00eda de Investigaciones, a la Brigada de Robos de Los Andes, para que iniciaran toda su actividad y tareas propias de su especialidad de su \u00e1rea para ojala dar con buen resultado\u00bb,<\/em> dice.<\/p>\n<p style=\"text-align: justify;\">Se\u00f1alar que por informaci\u00f3n recabada por este medio, las grabaciones de las c\u00e1maras de seguridad municipales fueron entregadas a la PDI.<\/p>\n<p style=\"text-align: justify;\">\n<p style=\"text-align: justify;\"><span style=\"color: #ff0000;\">PRIMER ROBO EN SEPTIEMBRE 2021<\/span><\/p>\n<p style=\"text-align: justify;\">Recordar a nuestros lectores que este es el segundo robo millonario que afecta a esta tienda. El primero fue el martes 7 de septiembre de 2021, cuando a eso de las 18:30 horas, cuatro delincuentes -tres hombres y una mujer con armas aparentemente de fuego- robaron una cantidad indeterminada de dinero en efectivo, celulares y tablets. En este robo los sujetos, incluyendo la mujer, se movilizaban en un autom\u00f3vil marca Chevrolet, color gris oscuro, nuevo, modelo Prisma.<\/p>\n<p style=\"text-align: justify;\">Tambi\u00e9n en Los Andes robaron en esta tienda.<\/p>\n<p style=\"text-align: justify;\">Lo importante, reiteramos, no hubo personas heridas ni v\u00edctimas que lamentar. Lo material se recupera tarde o temprano.<\/p>\n<figure id=\"attachment_112487\" aria-describedby=\"caption-attachment-112487\" style=\"width: 698px\" class=\"wp-caption alignnone\"><img data-recalc-dims=\"1\" loading=\"lazy\" decoding=\"async\" class=\"size-full wp-image-112487\" src=\"https:\/\/i0.wp.com\/eltrabajo.cl\/portal\/wp-content\/uploads\/2022\/01\/Robo-2.jpg?resize=640%2C403&#038;ssl=1\" alt=\"Personal de Carabineros adopt\u00f3 inicialmente el procedimiento en tienda Tricot.\" width=\"640\" height=\"403\" srcset=\"https:\/\/i0.wp.com\/eltrabajo.cl\/portal\/wp-content\/uploads\/2022\/01\/Robo-2.jpg?w=698&amp;ssl=1 698w, https:\/\/i0.wp.com\/eltrabajo.cl\/portal\/wp-content\/uploads\/2022\/01\/Robo-2.jpg?resize=300%2C189&amp;ssl=1 300w, https:\/\/i0.wp.com\/eltrabajo.cl\/portal\/wp-content\/uploads\/2022\/01\/Robo-2.jpg?resize=200%2C126&amp;ssl=1 200w, https:\/\/i0.wp.com\/eltrabajo.cl\/portal\/wp-content\/uploads\/2022\/01\/Robo-2.jpg?resize=696%2C438&amp;ssl=1 696w\" sizes=\"auto, (max-width: 640px) 100vw, 640px\" \/><figcaption id=\"caption-attachment-112487\" class=\"wp-caption-text\">Personal de Carabineros adopt\u00f3 inicialmente el procedimiento en tienda Tricot.<\/figcaption><\/figure>\n<figure id=\"attachment_112485\" aria-describedby=\"caption-attachment-112485\" style=\"width: 698px\" class=\"wp-caption alignnone\"><img data-recalc-dims=\"1\" loading=\"lazy\" decoding=\"async\" class=\"size-full wp-image-112485\" src=\"https:\/\/i0.wp.com\/eltrabajo.cl\/portal\/wp-content\/uploads\/2022\/01\/robo-tricot-auto.jpg?resize=640%2C360&#038;ssl=1\" alt=\"El auto en que se movilizaban los delincuentes que asaltaron a mano armada la tienda Tricot de calle Portus, en San Felipe.\" width=\"640\" height=\"360\" srcset=\"https:\/\/i0.wp.com\/eltrabajo.cl\/portal\/wp-content\/uploads\/2022\/01\/robo-tricot-auto.jpg?w=698&amp;ssl=1 698w, https:\/\/i0.wp.com\/eltrabajo.cl\/portal\/wp-content\/uploads\/2022\/01\/robo-tricot-auto.jpg?resize=300%2C169&amp;ssl=1 300w, https:\/\/i0.wp.com\/eltrabajo.cl\/portal\/wp-content\/uploads\/2022\/01\/robo-tricot-auto.jpg?resize=200%2C113&amp;ssl=1 200w, https:\/\/i0.wp.com\/eltrabajo.cl\/portal\/wp-content\/uploads\/2022\/01\/robo-tricot-auto.jpg?resize=696%2C392&amp;ssl=1 696w\" sizes=\"auto, (max-width: 640px) 100vw, 640px\" \/><figcaption id=\"caption-attachment-112485\" class=\"wp-caption-text\">El auto en que se movilizaban los delincuentes que asaltaron a mano armada la tienda Tricot de calle Portus, en San Felipe.<\/figcaption><\/figure>\n<figure id=\"attachment_112486\" aria-describedby=\"caption-attachment-112486\" style=\"width: 699px\" class=\"wp-caption alignnone\"><img data-recalc-dims=\"1\" loading=\"lazy\" decoding=\"async\" class=\"size-full wp-image-112486\" src=\"https:\/\/i0.wp.com\/eltrabajo.cl\/portal\/wp-content\/uploads\/2022\/01\/Robo-3.jpg?resize=640%2C471&#038;ssl=1\" alt=\"Manchas de aceite sobre \u2018miguelitos\u2019 lanzados frente al servicentro de Calle 12 de Febrero, ruta de salida de los veh\u00edculos policiales.\" width=\"640\" height=\"471\" srcset=\"https:\/\/i0.wp.com\/eltrabajo.cl\/portal\/wp-content\/uploads\/2022\/01\/Robo-3.jpg?w=699&amp;ssl=1 699w, https:\/\/i0.wp.com\/eltrabajo.cl\/portal\/wp-content\/uploads\/2022\/01\/Robo-3.jpg?resize=300%2C221&amp;ssl=1 300w, https:\/\/i0.wp.com\/eltrabajo.cl\/portal\/wp-content\/uploads\/2022\/01\/Robo-3.jpg?resize=200%2C147&amp;ssl=1 200w, https:\/\/i0.wp.com\/eltrabajo.cl\/portal\/wp-content\/uploads\/2022\/01\/Robo-3.jpg?resize=696%2C512&amp;ssl=1 696w\" sizes=\"auto, (max-width: 640px) 100vw, 640px\" \/><figcaption id=\"caption-attachment-112486\" class=\"wp-caption-text\">Manchas de aceite sobre \u2018miguelitos\u2019 lanzados frente al servicentro de Calle 12 de Febrero, ruta de salida de los veh\u00edculos policiales.<\/figcaption><\/figure>\n","protected":false},"excerpt":{"rendered":"<p>El primero fue en septiembre de 2021: Cinco antisociales a punta de arma de fuego asaltaron, este viernes en la ma\u00f1ana, la Tienda Tricot Connect ubicada en calle Portus 266, pleno centro&#8230;<\/p>\n","protected":false},"author":482,"featured_media":112487,"comment_status":"closed","ping_status":"open","sticky":false,"template":"","format":"standard","meta":{"advanced_seo_description":"","jetpack_seo_html_title":"","jetpack_seo_noindex":false,"_jetpack_memberships_contains_paid_content":false,"footnotes":""},"categories":[21],"tags":[],"class_list":["post-112484","post","type-post","status-publish","format-standard","has-post-thumbnail","hentry","category-policial"],"jetpack_featured_media_url":"https:\/\/i0.wp.com\/eltrabajo.cl\/portal\/wp-content\/uploads\/2022\/01\/Robo-2.jpg?fit=698%2C439&ssl=1","jetpack_sharing_enabled":true,"jetpack_likes_enabled":true,"jetpack-related-posts":[],"_links":{"self":[{"href":"https:\/\/eltrabajo.cl\/portal\/wp-json\/wp\/v2\/posts\/112484","targetHints":{"allow":["GET"]}}],"collection":[{"href":"https:\/\/eltrabajo.cl\/portal\/wp-json\/wp\/v2\/posts"}],"about":[{"href":"https:\/\/eltrabajo.cl\/portal\/wp-json\/wp\/v2\/types\/post"}],"author":[{"embeddable":true,"href":"https:\/\/eltrabajo.cl\/portal\/wp-json\/wp\/v2\/users\/482"}],"replies":[{"embeddable":true,"href":"https:\/\/eltrabajo.cl\/portal\/wp-json\/wp\/v2\/comments?post=112484"}],"version-history":[{"count":0,"href":"https:\/\/eltrabajo.cl\/portal\/wp-json\/wp\/v2\/posts\/112484\/revisions"}],"wp:featuredmedia":[{"embeddable":true,"href":"https:\/\/eltrabajo.cl\/portal\/wp-json\/wp\/v2\/media\/112487"}],"wp:attachment":[{"href":"https:\/\/eltrabajo.cl\/portal\/wp-json\/wp\/v2\/media?parent=112484"}],"wp:term":[{"taxonomy":"category","embeddable":true,"href":"https:\/\/eltrabajo.cl\/portal\/wp-json\/wp\/v2\/categories?post=112484"},{"taxonomy":"post_tag","embeddable":true,"href":"https:\/\/eltrabajo.cl\/portal\/wp-json\/wp\/v2\/tags?post=112484"}],"curies":[{"name":"wp","href":"https:\/\/api.w.org\/{rel}","templated":true}]}}