{"id":112514,"date":"2022-01-18T08:00:20","date_gmt":"2022-01-18T11:00:20","guid":{"rendered":"https:\/\/eltrabajo.cl\/portal\/?p=112514"},"modified":"2022-01-17T22:46:20","modified_gmt":"2022-01-18T01:46:20","slug":"jugarreta-con-arma-hechiza-termina-con-mujer-muerta-a-manos-de-su-amiga","status":"publish","type":"post","link":"https:\/\/eltrabajo.cl\/portal\/jugarreta-con-arma-hechiza-termina-con-mujer-muerta-a-manos-de-su-amiga\/","title":{"rendered":"Jugarreta con arma hechiza termina con mujer muerta a manos de su amiga"},"content":{"rendered":"<p style=\"text-align: left;\"><span style=\"color: #ff0000;\"><strong>Poblaci\u00f3n Los Copihues Los Andes:<\/strong><\/span><\/p>\n<p style=\"text-align: justify;\">Una mujer identificada como <strong>Yubitza Margarita Herrera Vera<\/strong>, de 44 a\u00f1os de edad, muri\u00f3 este domingo luego de recibir un disparo con una escopeta hechiza percutida en forma accidental por una amiga durante una jugarreta.<\/p>\n<p style=\"text-align: justify;\">El hecho ocurri\u00f3 este domingo en la tarde, alrededor de las 18 horas, en Poblaci\u00f3n Los Copihues, al interior del departamento 209 del Block Violeta Parra, en Los Andes.<\/p>\n<p style=\"text-align: justify;\">En el sitio del suceso se constituy\u00f3 personal de la Tercera Comisar\u00eda de Carabineros de esa ciudad, quienes dieron cuenta del hecho al fiscal de turno, quien dispuso la concurrencia de la Brigada de Homicidios (BH) de la PDI.<\/p>\n<p style=\"text-align: justify;\">Al respecto fue el Jefe de la BH, subprefecto <strong>Marcelo Lazen<\/strong>, indic\u00f3 que por orden del fiscal de turno concurrieron al lugar, en este caso Poblaci\u00f3n Los Copihues.<\/p>\n<p style=\"text-align: justify;\">En el lugar se realizaron diligencias consistentes en empadronamiento, entrevistas a testigos, examen externo al cad\u00e1ver.<\/p>\n<p style=\"text-align: justify;\">El sitio del suceso fue trabajado con personal del Laboratorio de Criminal\u00edstica de la PDI, estableciendo que una mujer de 48 a\u00f1os de edad que viv\u00eda en el lugar, <em>\u00abmanipula una escopeta hechiza y accidentalmente dispara en contra de la v\u00edctima ocasion\u00e1ndole finalmente la muerte; no obstante a eso, los hechos investigados se establece que la imputada, en cooperaci\u00f3n con uno de los testigos, ocultan el arma hechiza en un basurero que est\u00e1 en las afueras de la Villa Los Copihues, armamento que de todas formas fue encontrado y est\u00e1 siendo remitido al Laboratorio de Criminal\u00edstica para su pericia\u00bb,<\/em> se\u00f1al\u00f3 Lazen.<\/p>\n<p style=\"text-align: justify;\">Consultado el oficial respecto a la din\u00e1mica, el contexto en que se dan los hechos que terminan con la mujer muerta, indic\u00f3 que la imputada empieza a jugar con el arma <em>\u00aby empieza de una u otra forma a hablar con sus amigos, porque en el fondo eran conocidos de la misma, en donde le se\u00f1ala a cada momento qu\u00e9 pasar\u00eda si ella le efect\u00faa un disparo, en primera instancia a uno de los testigos y posteriormente a la v\u00edctima. Y en la segunda circunstancia, cuando estaba hablando con la v\u00edctima, mientras \u00e9sta se estaba pintando las u\u00f1as y con el af\u00e1n de evadir un poco lo que estaba ejerciendo la imputada, la v\u00edctima con su mano izquierda la levanta y le dice <strong>\u2018oye, d\u00e9jate de molestar\u2019<\/strong>, siendo en esas circunstancias con el golpe que se acciona el arma y le provoca la muerte\u00bb.<\/em><\/p>\n<p style=\"text-align: justify;\">&#8211; <strong>\u00bfEl arma encontrada en el basurero corresponder\u00eda a la que se dispar\u00f3?<\/strong><\/p>\n<p style=\"text-align: justify;\">&#8211; Exactamente, esa arma corresponde a la utilizada en el delito, eso lo describen perfectamente los testigos en la entrevista.<\/p>\n<p style=\"text-align: justify;\">&#8211; <strong>\u00bfFue un s\u00f3lo disparo que se percuti\u00f3?<\/strong><\/p>\n<p style=\"text-align: justify;\">&#8211; Un solo disparo.<\/p>\n<p style=\"text-align: justify;\">Cabe destacar que la imputada reconoce su autor\u00eda y <em>\u00abratifica en un cien por ciento lo recabado en el proceso investigativo que realiza la Brigada de Homicidios\u00bb,<\/em> dice Lazen.<\/p>\n<p style=\"text-align: justify;\">&#8211; <strong>\u00bfLa v\u00edctima lleg\u00f3 al inmueble donde muri\u00f3, como visita?<\/strong><\/p>\n<p style=\"text-align: justify;\">&#8211; S\u00ed, exactamente, fue a visitar a su amiga con la cual ten\u00eda una relaci\u00f3n de amistad desde hace bastante tiempo, y en esa circunstancia ocurre el lamentable hecho que hoy d\u00eda nos toc\u00f3 ver.<\/p>\n<p style=\"text-align: justify;\">&#8211; <strong>\u00bfHab\u00eda m\u00e1s personas compartiendo en el departamento?<\/strong><\/p>\n<p style=\"text-align: justify;\">&#8211; En total eran cuatro personas.<\/p>\n<p style=\"text-align: justify;\">&#8211; <strong>\u00bfQu\u00e9 pas\u00f3 con la imputada?<\/strong><\/p>\n<p style=\"text-align: justify;\">&#8211; Fue puesta a disposici\u00f3n del Tribunal de Garant\u00eda, por cuanto en base a los antecedentes que nosotros recabamos, solicitamos por intermedio del Ministerio P\u00fablico la orden de detenci\u00f3n correspondiente y ya fue puesta a disposici\u00f3n del Tribunal de Justicia para su control de detenci\u00f3n por el delito de homicidio.<\/p>\n<p style=\"text-align: justify;\">La imputada fue identificada con las iniciales <strong>J.V.S.A.<\/strong> de 48 a\u00f1os de edad.<\/p>\n<figure id=\"attachment_112515\" aria-describedby=\"caption-attachment-112515\" style=\"width: 699px\" class=\"wp-caption alignnone\"><img data-recalc-dims=\"1\" loading=\"lazy\" decoding=\"async\" class=\"size-full wp-image-112515\" src=\"https:\/\/i0.wp.com\/eltrabajo.cl\/portal\/wp-content\/uploads\/2022\/01\/Imputada.jpg?resize=640%2C362&#038;ssl=1\" alt=\"La imputada saliendo del cuartel policial.\" width=\"640\" height=\"362\" srcset=\"https:\/\/i0.wp.com\/eltrabajo.cl\/portal\/wp-content\/uploads\/2022\/01\/Imputada.jpg?w=699&amp;ssl=1 699w, https:\/\/i0.wp.com\/eltrabajo.cl\/portal\/wp-content\/uploads\/2022\/01\/Imputada.jpg?resize=300%2C170&amp;ssl=1 300w, https:\/\/i0.wp.com\/eltrabajo.cl\/portal\/wp-content\/uploads\/2022\/01\/Imputada.jpg?resize=200%2C113&amp;ssl=1 200w, https:\/\/i0.wp.com\/eltrabajo.cl\/portal\/wp-content\/uploads\/2022\/01\/Imputada.jpg?resize=696%2C393&amp;ssl=1 696w\" sizes=\"auto, (max-width: 640px) 100vw, 640px\" \/><figcaption id=\"caption-attachment-112515\" class=\"wp-caption-text\">La imputada saliendo del cuartel policial.<\/figcaption><\/figure>\n","protected":false},"excerpt":{"rendered":"<p>Poblaci\u00f3n Los Copihues Los Andes: Una mujer identificada como Yubitza Margarita Herrera Vera, de 44 a\u00f1os de edad, muri\u00f3 este domingo luego de recibir un disparo con una escopeta hechiza percutida en&#8230;<\/p>\n","protected":false},"author":482,"featured_media":112515,"comment_status":"closed","ping_status":"open","sticky":false,"template":"","format":"standard","meta":{"advanced_seo_description":"","jetpack_seo_html_title":"","jetpack_seo_noindex":false,"_jetpack_memberships_contains_paid_content":false,"footnotes":""},"categories":[21],"tags":[],"class_list":["post-112514","post","type-post","status-publish","format-standard","has-post-thumbnail","hentry","category-policial"],"jetpack_featured_media_url":"https:\/\/i0.wp.com\/eltrabajo.cl\/portal\/wp-content\/uploads\/2022\/01\/Imputada.jpg?fit=699%2C395&ssl=1","jetpack_sharing_enabled":true,"jetpack_likes_enabled":true,"jetpack-related-posts":[],"_links":{"self":[{"href":"https:\/\/eltrabajo.cl\/portal\/wp-json\/wp\/v2\/posts\/112514","targetHints":{"allow":["GET"]}}],"collection":[{"href":"https:\/\/eltrabajo.cl\/portal\/wp-json\/wp\/v2\/posts"}],"about":[{"href":"https:\/\/eltrabajo.cl\/portal\/wp-json\/wp\/v2\/types\/post"}],"author":[{"embeddable":true,"href":"https:\/\/eltrabajo.cl\/portal\/wp-json\/wp\/v2\/users\/482"}],"replies":[{"embeddable":true,"href":"https:\/\/eltrabajo.cl\/portal\/wp-json\/wp\/v2\/comments?post=112514"}],"version-history":[{"count":0,"href":"https:\/\/eltrabajo.cl\/portal\/wp-json\/wp\/v2\/posts\/112514\/revisions"}],"wp:featuredmedia":[{"embeddable":true,"href":"https:\/\/eltrabajo.cl\/portal\/wp-json\/wp\/v2\/media\/112515"}],"wp:attachment":[{"href":"https:\/\/eltrabajo.cl\/portal\/wp-json\/wp\/v2\/media?parent=112514"}],"wp:term":[{"taxonomy":"category","embeddable":true,"href":"https:\/\/eltrabajo.cl\/portal\/wp-json\/wp\/v2\/categories?post=112514"},{"taxonomy":"post_tag","embeddable":true,"href":"https:\/\/eltrabajo.cl\/portal\/wp-json\/wp\/v2\/tags?post=112514"}],"curies":[{"name":"wp","href":"https:\/\/api.w.org\/{rel}","templated":true}]}}