{"id":112524,"date":"2022-01-19T07:40:12","date_gmt":"2022-01-19T10:40:12","guid":{"rendered":"https:\/\/eltrabajo.cl\/portal\/?p=112524"},"modified":"2022-01-18T23:52:59","modified_gmt":"2022-01-19T02:52:59","slug":"atrapan-a-sujeto-acusado-de-asaltar-a-menor-de-edad-y-robarle-su-celular","status":"publish","type":"post","link":"https:\/\/eltrabajo.cl\/portal\/atrapan-a-sujeto-acusado-de-asaltar-a-menor-de-edad-y-robarle-su-celular\/","title":{"rendered":"Atrapan a sujeto acusado de asaltar a menor de edad y robarle su celular"},"content":{"rendered":"<p style=\"text-align: left;\"><span style=\"color: #ff0000;\"><strong>Detenido por Carabineros de San Felipe:<\/strong><\/span><\/p>\n<p style=\"text-align: justify;\">Personal de la Segunda Comisar\u00eda de Carabineros de San Felipe detuvo a un sujeto acusado de haber asaltado con un arma blanca a un menor de edad para robarle su celular. La detenci\u00f3n de este sujeto se produjo este d\u00eda lunes a eso de las 23:00 horas en el centro de la ciudad.<\/p>\n<p style=\"text-align: justify;\">Seg\u00fan la informaci\u00f3n proporcionada por Carabineros, tras ser alertados los funcionarios policiales por la Central de Comunicaciones, que en el sector c\u00e9ntrico de San Felipe, espec\u00edficamente en la intersecci\u00f3n de Traslavi\u00f1a con Merced, un menor de edad habr\u00eda sido intimidado con arma blanca y sustra\u00eddo su tel\u00e9fono celular.<\/p>\n<p style=\"text-align: justify;\">Con la informaci\u00f3n entregada, los Carabineros se dirigieron al lugar. Una vez ah\u00ed se entrevistaron con el menor quien confirm\u00f3 el hecho, entregando las caracter\u00edsticas f\u00edsicas del sujeto que lo hab\u00eda asaltado, junto con dar informaci\u00f3n sobre sus\u00a0 vestimentas.<\/p>\n<p style=\"text-align: justify;\">Con esa informaci\u00f3n los carabineros comenzaron de inmediato un patrullaje por el sector, logrando dar con el paradero del antisocial, siendo controlado y detenido.<\/p>\n<p style=\"text-align: justify;\">Posteriormente, al efectuar un rastreo por el lugar, se encontr\u00f3 la especie del menor (celular) y el arma blanca usada para cometer el delito.<\/p>\n<p style=\"text-align: justify;\">El mayor <strong>Cristian Ram\u00edrez Gald\u00e1mez<\/strong> indic\u00f3 que este procedimiento fue alrededor de las 23:00 horas <em>\u00aby como Carabineros estamos muy conformes por el trabajo desarrollado, primero lamentamos mucho lo que le ocurri\u00f3 a la v\u00edctima, pero la r\u00e1pida informaci\u00f3n entregada a la Central de Comunicaciones y la r\u00e1pida respuesta por parte nuestra logr\u00f3 los resultados que estamos dando a conocer ahora\u00bb,<\/em> se\u00f1al\u00f3.<\/p>\n<p style=\"text-align: justify;\">El detenido corresponde a un sujeto de 29 a\u00f1os de edad, de iniciales <strong>S.I.Z.A.<\/strong>, quien pasa a control de detenci\u00f3n el d\u00eda de hoy para ser formalizado por robo con intimidaci\u00f3n.<\/p>\n<figure id=\"attachment_112525\" aria-describedby=\"caption-attachment-112525\" style=\"width: 699px\" class=\"wp-caption alignnone\"><img data-recalc-dims=\"1\" loading=\"lazy\" decoding=\"async\" class=\"size-full wp-image-112525\" src=\"https:\/\/i0.wp.com\/eltrabajo.cl\/portal\/wp-content\/uploads\/2022\/01\/Imputado.jpg?resize=640%2C580&#038;ssl=1\" alt=\"El imputado saliendo del cuartel policial de Carabineros.\" width=\"640\" height=\"580\" srcset=\"https:\/\/i0.wp.com\/eltrabajo.cl\/portal\/wp-content\/uploads\/2022\/01\/Imputado.jpg?w=699&amp;ssl=1 699w, https:\/\/i0.wp.com\/eltrabajo.cl\/portal\/wp-content\/uploads\/2022\/01\/Imputado.jpg?resize=300%2C272&amp;ssl=1 300w, https:\/\/i0.wp.com\/eltrabajo.cl\/portal\/wp-content\/uploads\/2022\/01\/Imputado.jpg?resize=165%2C150&amp;ssl=1 165w, https:\/\/i0.wp.com\/eltrabajo.cl\/portal\/wp-content\/uploads\/2022\/01\/Imputado.jpg?resize=696%2C631&amp;ssl=1 696w\" sizes=\"auto, (max-width: 640px) 100vw, 640px\" \/><figcaption id=\"caption-attachment-112525\" class=\"wp-caption-text\">El imputado saliendo del cuartel policial de Carabineros.<\/figcaption><\/figure>\n","protected":false},"excerpt":{"rendered":"<p>Detenido por Carabineros de San Felipe: Personal de la Segunda Comisar\u00eda de Carabineros de San Felipe detuvo a un sujeto acusado de haber asaltado con un arma blanca a un menor de&#8230;<\/p>\n","protected":false},"author":482,"featured_media":112525,"comment_status":"closed","ping_status":"open","sticky":false,"template":"","format":"standard","meta":{"advanced_seo_description":"","jetpack_seo_html_title":"","jetpack_seo_noindex":false,"_jetpack_memberships_contains_paid_content":false,"footnotes":""},"categories":[21],"tags":[],"class_list":["post-112524","post","type-post","status-publish","format-standard","has-post-thumbnail","hentry","category-policial"],"jetpack_featured_media_url":"https:\/\/i0.wp.com\/eltrabajo.cl\/portal\/wp-content\/uploads\/2022\/01\/Imputado.jpg?fit=699%2C634&ssl=1","jetpack_sharing_enabled":true,"jetpack_likes_enabled":true,"jetpack-related-posts":[],"_links":{"self":[{"href":"https:\/\/eltrabajo.cl\/portal\/wp-json\/wp\/v2\/posts\/112524","targetHints":{"allow":["GET"]}}],"collection":[{"href":"https:\/\/eltrabajo.cl\/portal\/wp-json\/wp\/v2\/posts"}],"about":[{"href":"https:\/\/eltrabajo.cl\/portal\/wp-json\/wp\/v2\/types\/post"}],"author":[{"embeddable":true,"href":"https:\/\/eltrabajo.cl\/portal\/wp-json\/wp\/v2\/users\/482"}],"replies":[{"embeddable":true,"href":"https:\/\/eltrabajo.cl\/portal\/wp-json\/wp\/v2\/comments?post=112524"}],"version-history":[{"count":0,"href":"https:\/\/eltrabajo.cl\/portal\/wp-json\/wp\/v2\/posts\/112524\/revisions"}],"wp:featuredmedia":[{"embeddable":true,"href":"https:\/\/eltrabajo.cl\/portal\/wp-json\/wp\/v2\/media\/112525"}],"wp:attachment":[{"href":"https:\/\/eltrabajo.cl\/portal\/wp-json\/wp\/v2\/media?parent=112524"}],"wp:term":[{"taxonomy":"category","embeddable":true,"href":"https:\/\/eltrabajo.cl\/portal\/wp-json\/wp\/v2\/categories?post=112524"},{"taxonomy":"post_tag","embeddable":true,"href":"https:\/\/eltrabajo.cl\/portal\/wp-json\/wp\/v2\/tags?post=112524"}],"curies":[{"name":"wp","href":"https:\/\/api.w.org\/{rel}","templated":true}]}}