{"id":112530,"date":"2022-01-19T07:50:05","date_gmt":"2022-01-19T10:50:05","guid":{"rendered":"https:\/\/eltrabajo.cl\/portal\/?p=112530"},"modified":"2022-01-19T00:03:54","modified_gmt":"2022-01-19T03:03:54","slug":"taxista-confio-en-nuevo-chofer-y-este-desaparecio-con-vehiculo-de-alquiler","status":"publish","type":"post","link":"https:\/\/eltrabajo.cl\/portal\/taxista-confio-en-nuevo-chofer-y-este-desaparecio-con-vehiculo-de-alquiler\/","title":{"rendered":"Taxista confi\u00f3 en nuevo chofer y \u00e9ste desapareci\u00f3 con veh\u00edculo de alquiler"},"content":{"rendered":"<p style=\"text-align: left;\"><span style=\"color: #ff0000;\"><strong>Verdadero drama vive vecino en Llay Llay:<\/strong><\/span><\/p>\n<p style=\"text-align: justify;\">Se imaginan nuestros lectores que tengan un taxi, necesitan un chofer, lo encuentran y con toda confianza le entregan el veh\u00edculo para que lo trabaje; sin embargo, de la noche a la ma\u00f1ana \u00e9ste desaparece con el m\u00f3vil sin saber nada de \u00e9l hasta el d\u00eda de hoy.<\/p>\n<p style=\"text-align: justify;\">Esa es el drama que est\u00e1 viviendo <strong>Carlos Pinto Henr\u00edquez<\/strong>, funcionario municipal de Llay Llay, que tras a\u00f1os de esfuerzo logra tener otra entrada y el d\u00eda martes 11 de enero entreg\u00f3 su taxi a una persona de nombre <strong>Manuel Quinteros<\/strong>, se supone de Los Andes, quien seg\u00fan la conversaci\u00f3n que sostuvieron andaba buscando <strong>\u2018peguita\u2019<\/strong>.<\/p>\n<p style=\"text-align: justify;\">\n<p style=\"text-align: justify;\"><span style=\"color: #ff0000;\">ESTA ES SU HISTORIA<\/span><\/p>\n<p style=\"text-align: justify;\">&#8211; <strong>Don Carlos, cu\u00e9ntenos el drama que est\u00e1 viviendo con el robo de su taxi.<\/strong><\/p>\n<p style=\"text-align: justify;\">&#8211; El d\u00eda martes 11 (de enero) sali\u00f3 un conductor a trabajar en el taxi en Llay Llay, el cual me mostr\u00f3 el carn\u00e9, me mostr\u00f3 la licencia y me dijo que lo iba a mandar por WhatsApp, porque ten\u00eda que ir a renovar el carn\u00e9 de identidad porque estaba vencido. Ya se llev\u00f3 el auto y yo voy a la Shell a echar combustible a los veh\u00edculos y en el paradero le pregunt\u00e9 a los dem\u00e1s colegas y no apareci\u00f3. Ya en la tarde me ten\u00eda que venir a dejar el auto, a las seis de la tarde, y no apareci\u00f3. Lo llam\u00e9 y me dijo que estaba en Los Andes, que hab\u00eda ido con hija, que estaba enferma, que me iba a devolver el auto. Lo esper\u00e9 hasta las doce (de la noche) y ah\u00ed no apareci\u00f3 m\u00e1s, as\u00ed es que al otro d\u00eda mi\u00e9rcoles puse la denuncia en Carabineros y de ah\u00ed que estoy esperando. Me han llamado, como se public\u00f3 ac\u00e1 en las redes sociales, personas pidiendo rescate, pero son puros \u2018chantas\u2019 que andan haciendo le\u00f1a del \u00e1rbol ca\u00eddo, son de estos de la c\u00e1rcel que andan ofreciendo que tienen el auto, que les deposite me pasan el auto.<\/p>\n<p style=\"text-align: justify;\">\n<p style=\"text-align: justify;\"><span style=\"color: #ff0000;\">EL C\u00d3MO SE GESTA ESTO<\/span><\/p>\n<p style=\"text-align: justify;\">&#8211; <strong>Pero cu\u00e9ntenos c\u00f3mo se gesta todo esto, usted me dec\u00eda que tiene dos taxis y necesitaba justamente un chofer para ese auto en el fondo.<\/strong><\/p>\n<p style=\"text-align: justify;\">&#8211; Claro, yo sal\u00ed el d\u00eda lunes, despu\u00e9s de la pega, sal\u00ed a trabajar en el taxi que ten\u00eda negro con amarillo, patente DK KT-26, en el paradero de la Shell, kil\u00f3metro 86 de la carretera 5 Norte, y ah\u00ed justamente estuve trabajando desde las 6 (de la tarde) y c\u00f3mo diez para las ocho lleg\u00f3 este pasajero al paradero y me dijo que lo llevara a una residencial que estaba en calle Edwards, al final era en una calle en diagonal donde hay puros peruanos, bolivianos y colombianos. Ah\u00ed me conversa que andaba buscando peguita de taxi o colectivo, y yo le dije \u00bftiene licencia?, sipo me dijo y me la mostr\u00f3 ah\u00ed y resulta que me dijo \u00abYo puedo manejarle el auto\u2019\u00bb as\u00ed es que yo confi\u00e9 en \u00e9l, me dijo \u00abparece que el Se\u00f1or me lo puso en el camino\u00bb. M\u00e1s encima invocando al Se\u00f1or, y bueno yo cre\u00ed en \u00e9l y le pas\u00e9 el auto, ah\u00ed nos contactamos para que saliera al otro d\u00eda en la ma\u00f1ana a trabajar, as\u00ed es que igual estoy esperando, que tengo una amiga en las c\u00e1maras para que me env\u00ede las fotos, porque donde vivo yo hay c\u00e1maras, por donde pas\u00f3 \u00e9l para tener m\u00e1s visi\u00f3n de c\u00f3mo es la persona para que sepa.<\/p>\n<p style=\"text-align: justify;\">&#8211; <strong>Don Carlos, entregue el m\u00e1ximo de detalles de la persona a quien usted le entreg\u00f3 el auto, \u00bfc\u00f3mo se llama \u00e9l?<\/strong><\/p>\n<p style=\"text-align: justify;\">&#8211; Mire, \u00e9l me dijo que se llamaba Manuel Quinteros y yo creo que debe haber medido 1,78 mts, alto, delgado, moreno y vest\u00eda de negro y un poler\u00f3n rojo.<\/p>\n<p style=\"text-align: justify;\">&#8211; <strong>\u00bfSe supon\u00eda que \u00e9l vive en Los Andes?<\/strong><\/p>\n<p style=\"text-align: justify;\">&#8211; Claro, porque despu\u00e9s que me pas\u00f3 todo esto fui a consultar a la residencial s\u00ed lo conoc\u00edan y me dijo: \u00abS\u00ed, sabe que ese pasajero lleg\u00f3 el lunes a \u00faltima hora, como diez para las ocho\u2019\u00bb Claro, si yo lo traje, y al otro d\u00eda sali\u00f3 en el taxi le dije yo, y no apareci\u00f3 m\u00e1s. Me dijo: \u00abS\u00ed, se llama Manuel Quinteros. \u00bfSabe qu\u00e9?, aqu\u00ed el caballero de la residencial no lo quiere mucho porque es \u2018mano larga\u2019\u00bb. Chuta, donde me met\u00ed, claro me dijo. \u00bfUsted sabe de d\u00f3nde es?, \u00abS\u00ed, de Los Andes\u00bb, me dijo: \u00abEl martes en la tarde vino a las siete y retir\u00f3 su mochila que ten\u00eda y se fue\u00bb me dijo (en la residencial), as\u00ed es que m\u00e1s informaci\u00f3n no tengo.<\/p>\n<p style=\"text-align: justify;\">&#8211; <strong>\u00bfQu\u00e9 llamado a la gente le hace usted?<\/strong><\/p>\n<p style=\"text-align: justify;\"><strong>&#8211; <\/strong>Que si ven el taxi por ah\u00ed que me avisen, un distintivo que tiene el taxi adelante, yo soy bombero maquinista de la Primera Compa\u00f1\u00eda de Llay Llay, al lado izquierdo del chofer tiene un logotipo dice Bomberos de Chile y en el parabrisas trasero, lado derecho, tiene un logotipo que dice GLP, es gas derivado del petr\u00f3leo, es con gas el veh\u00edculo tambi\u00e9n.<\/p>\n<p style=\"text-align: justify;\">&#8211; <strong>\u00bfEsto significa una p\u00e9rdida para usted muy trascendental?\u00a0 <\/strong><\/p>\n<p style=\"text-align: justify;\">&#8211; Claro, a\u00f1os de sacrificios para tener todo esto y de la noche a la ma\u00f1ana me lo lleve un gallo sin criterio, sin coraz\u00f3n, uno conf\u00eda en las personas, pero no ve corazones.<\/p>\n<p style=\"text-align: justify;\">&#8211; <strong>Reiterar por favor la placa patente, marca del taxi.<\/strong><\/p>\n<p style=\"text-align: justify;\">&#8211; S\u00ed, es un Nissan Tida, a\u00f1o 2014, 1,6 negro amarillo, taxi b\u00e1sico, patente DK KT-26.<\/p>\n<p style=\"text-align: justify;\">El celular de don Carlos Pinto es +56 9 9228 6120.<\/p>\n<figure id=\"attachment_112531\" aria-describedby=\"caption-attachment-112531\" style=\"width: 699px\" class=\"wp-caption alignnone\"><img data-recalc-dims=\"1\" loading=\"lazy\" decoding=\"async\" class=\"size-full wp-image-112531\" src=\"https:\/\/i0.wp.com\/eltrabajo.cl\/portal\/wp-content\/uploads\/2022\/01\/Taxi.jpg?resize=640%2C542&#038;ssl=1\" alt=\"Este es el taxi que Carlos Pinto busca intensamente y que lo entreg\u00f3 de buena fe a un chofer de nombre Manuel Quinteros, de Los Andes supuestamente.\" width=\"640\" height=\"542\" srcset=\"https:\/\/i0.wp.com\/eltrabajo.cl\/portal\/wp-content\/uploads\/2022\/01\/Taxi.jpg?w=699&amp;ssl=1 699w, https:\/\/i0.wp.com\/eltrabajo.cl\/portal\/wp-content\/uploads\/2022\/01\/Taxi.jpg?resize=300%2C254&amp;ssl=1 300w, https:\/\/i0.wp.com\/eltrabajo.cl\/portal\/wp-content\/uploads\/2022\/01\/Taxi.jpg?resize=177%2C150&amp;ssl=1 177w, https:\/\/i0.wp.com\/eltrabajo.cl\/portal\/wp-content\/uploads\/2022\/01\/Taxi.jpg?resize=696%2C589&amp;ssl=1 696w\" sizes=\"auto, (max-width: 640px) 100vw, 640px\" \/><figcaption id=\"caption-attachment-112531\" class=\"wp-caption-text\">Este es el taxi que Carlos Pinto busca intensamente y que lo entreg\u00f3 de buena fe a un chofer de nombre Manuel Quinteros, de Los Andes supuestamente.<\/figcaption><\/figure>\n","protected":false},"excerpt":{"rendered":"<p>Verdadero drama vive vecino en Llay Llay: Se imaginan nuestros lectores que tengan un taxi, necesitan un chofer, lo encuentran y con toda confianza le entregan el veh\u00edculo para que lo trabaje;&#8230;<\/p>\n","protected":false},"author":482,"featured_media":112531,"comment_status":"closed","ping_status":"open","sticky":false,"template":"","format":"standard","meta":{"advanced_seo_description":"","jetpack_seo_html_title":"","jetpack_seo_noindex":false,"_jetpack_memberships_contains_paid_content":false,"footnotes":""},"categories":[21],"tags":[],"class_list":["post-112530","post","type-post","status-publish","format-standard","has-post-thumbnail","hentry","category-policial"],"jetpack_featured_media_url":"https:\/\/i0.wp.com\/eltrabajo.cl\/portal\/wp-content\/uploads\/2022\/01\/Taxi.jpg?fit=699%2C592&ssl=1","jetpack_sharing_enabled":true,"jetpack_likes_enabled":true,"jetpack-related-posts":[],"_links":{"self":[{"href":"https:\/\/eltrabajo.cl\/portal\/wp-json\/wp\/v2\/posts\/112530","targetHints":{"allow":["GET"]}}],"collection":[{"href":"https:\/\/eltrabajo.cl\/portal\/wp-json\/wp\/v2\/posts"}],"about":[{"href":"https:\/\/eltrabajo.cl\/portal\/wp-json\/wp\/v2\/types\/post"}],"author":[{"embeddable":true,"href":"https:\/\/eltrabajo.cl\/portal\/wp-json\/wp\/v2\/users\/482"}],"replies":[{"embeddable":true,"href":"https:\/\/eltrabajo.cl\/portal\/wp-json\/wp\/v2\/comments?post=112530"}],"version-history":[{"count":0,"href":"https:\/\/eltrabajo.cl\/portal\/wp-json\/wp\/v2\/posts\/112530\/revisions"}],"wp:featuredmedia":[{"embeddable":true,"href":"https:\/\/eltrabajo.cl\/portal\/wp-json\/wp\/v2\/media\/112531"}],"wp:attachment":[{"href":"https:\/\/eltrabajo.cl\/portal\/wp-json\/wp\/v2\/media?parent=112530"}],"wp:term":[{"taxonomy":"category","embeddable":true,"href":"https:\/\/eltrabajo.cl\/portal\/wp-json\/wp\/v2\/categories?post=112530"},{"taxonomy":"post_tag","embeddable":true,"href":"https:\/\/eltrabajo.cl\/portal\/wp-json\/wp\/v2\/tags?post=112530"}],"curies":[{"name":"wp","href":"https:\/\/api.w.org\/{rel}","templated":true}]}}