{"id":112540,"date":"2022-01-19T08:00:59","date_gmt":"2022-01-19T11:00:59","guid":{"rendered":"https:\/\/eltrabajo.cl\/portal\/?p=112540"},"modified":"2022-01-19T00:10:45","modified_gmt":"2022-01-19T03:10:45","slug":"familia-lo-pierde-absolutamente-todo-en-incendio-estructural-en-el-asiento","status":"publish","type":"post","link":"https:\/\/eltrabajo.cl\/portal\/familia-lo-pierde-absolutamente-todo-en-incendio-estructural-en-el-asiento\/","title":{"rendered":"Familia lo pierde absolutamente todo en incendio estructural en El Asiento"},"content":{"rendered":"<p style=\"text-align: left;\"><span style=\"color: #ff0000;\"><strong>Un abrazo solidario esperan los tres adultos afectados:<\/strong><\/span><\/p>\n<p style=\"text-align: justify;\">Un gigantesco incendio estructural se declar\u00f3 a las 14:09 horas de este martes en una vivienda ubicada en el sector Tres Canchas de El Asiento. La alerta de incendio se\u00f1alaba tambi\u00e9n que una persona adulta se encontraba al interior del inmueble en llamas, mientras que los vecinos intentaban desesperadamente frenar el fuego con baldes de agua y con mangueras de jard\u00edn.<\/p>\n<p style=\"text-align: justify;\">Minutos despu\u00e9s de declarado el siniestro, llegaron al lugar unidades bomberiles de San Felipe y Putaendo. El inmueble afectado era una vivienda a la que se le habr\u00edan construido varios agregados, o sea, una vivienda grande, adem\u00e1s, las llamas se propagaban con rapidez y amenazaban con consumir otras viviendas, lo que finalmente no ocurri\u00f3 debido al accionar de Bomberos y vecinos.<\/p>\n<p style=\"text-align: justify;\">La propietaria de la vivienda, do\u00f1a <strong>Ana Martis<\/strong>, no pudo contener el llanto y la desesperaci\u00f3n la consumi\u00f3 por completo, estado de \u00e1nimo que ni sus familiares o amigos lograron revertir, ya que ella y su familia perdieron todo por lo que hab\u00edan luchado durante su vida.<\/p>\n<p style=\"text-align: justify;\">Tres adultos son los que viv\u00edan en esa casa, quedaron apenas con lo puesto y a merced del cari\u00f1o y solidaridad que nuestros lectores quieran aportar en estos momentos tan dif\u00edciles.<\/p>\n<p style=\"text-align: justify;\">\n<p style=\"text-align: justify;\"><span style=\"color: #ff0000;\">P\u00c9RDIDA TOTAL<\/span><\/p>\n<p style=\"text-align: justify;\"><strong>Diario El Trabajo<\/strong> habl\u00f3 con el comandante de Bomberos <strong>Juan Carlos Herrera Lillo<\/strong>, quien nos brind\u00f3 un informe preliminar sobre la marcha misma de la emergencia: <em>\u00abEspec\u00edficamente se trabaj\u00f3 para evitar que las llamas se propagaran hacia otras viviendas que est\u00e1n en la parte trasera. Al principio se hablaba de una persona atrapada en el interior, pero logr\u00f3 salir. El fuego lo pudimos controlar r\u00e1pidamente, evitar la propagaci\u00f3n. Esta vivienda sufri\u00f3 da\u00f1o creo que en un 100%, la verdad ten\u00eda varias ampliaciones dentro de este terreno y todo la verdad ha sido consumido por el fuego<\/em>\u00bb, coment\u00f3 Herrera.<\/p>\n<p style=\"text-align: justify;\">&#8211; <strong>Algunos vecinos reclaman que Bomberos lleg\u00f3 a destiempo, que pasaron muchos minutos para llegar las unidades.<\/strong><\/p>\n<p style=\"text-align: justify;\">&#8211; La verdad que lamentablemente nosotros en la S\u00e9ptima Compa\u00f1\u00eda no tenemos ning\u00fan cuartelero, es una situaci\u00f3n que la venimos planteando hace mucho tiempo, los carros se despachan desde San Felipe, se recibi\u00f3 un llamado y autom\u00e1ticamente se despacharon. Hace mucho tiempo que estamos esperando que ingrese gente a los cuarteles como conductor y lamentablemente no han tenido la convocatoria, porque la gente la verdad que no le interesaba trabajar de voluntario.<\/p>\n<p style=\"text-align: justify;\">\n<p style=\"text-align: justify;\"><span style=\"color: #ff0000;\">APOYEMOS AHORA<\/span><\/p>\n<p style=\"text-align: justify;\">Nuestro medio habl\u00f3 con <strong>Ana Caneo Martis<\/strong>, quien viv\u00eda en la vivienda afectada con su esposo y su madre do\u00f1a Ana Martis: <em>\u00abA\u00fan no entendemos lo que pas\u00f3, los tres est\u00e1bamos en casa, yo sal\u00ed un momento, nos percatamos que en la habitaci\u00f3n de mi mam\u00e1 hab\u00eda fuego, intentamos apagarlo con agua pero nos fue imposible, las llamas lo destruyeron todo, pero yo s\u00e9 que mi pueblo es grande y nosotros siempre hemos estado al lado del pueblo en todas, por el momento no tenemos nada, s\u00f3lo lo puesto, un vecino por mientras nos prestar\u00e1 un local para que pasemos ah\u00ed la noche, hasta que podamos contar con una nueva vivienda<\/em>\u00bb, coment\u00f3 Caneo entre l\u00e1grimas.<\/p>\n<p style=\"text-align: justify;\">Los interesados en donar dinero pueden hacerlo a las Cuenta Rut: <strong>11517003-1 <\/strong>de <strong>Ana Caneo Martis<\/strong>, pueden llamarla al <strong>+56985455258<\/strong>. Esta familia necesita ropa, muebles, utensilios de cocina, materiales de construcci\u00f3n, calzado, mercader\u00eda, alguna cocina, refrigerador, cobijas, todo lo que se necesita en un hogar de adultos.<\/p>\n<p style=\"text-align: justify;\"><strong>Roberto Gonz\u00e1lez Short<\/strong><\/p>\n<figure id=\"attachment_112541\" aria-describedby=\"caption-attachment-112541\" style=\"width: 699px\" class=\"wp-caption alignnone\"><img data-recalc-dims=\"1\" loading=\"lazy\" decoding=\"async\" class=\"size-full wp-image-112541\" src=\"https:\/\/i0.wp.com\/eltrabajo.cl\/portal\/wp-content\/uploads\/2022\/01\/Asiento1.jpg?resize=640%2C439&#038;ssl=1\" alt=\"TARDE INFERNAL.- Los vecinos impotentes no se quedaron con los brazos cruzados, en todo momento brindaron ayuda, pero fue imposible salvar la vivienda.\" width=\"640\" height=\"439\" srcset=\"https:\/\/i0.wp.com\/eltrabajo.cl\/portal\/wp-content\/uploads\/2022\/01\/Asiento1.jpg?w=699&amp;ssl=1 699w, https:\/\/i0.wp.com\/eltrabajo.cl\/portal\/wp-content\/uploads\/2022\/01\/Asiento1.jpg?resize=300%2C206&amp;ssl=1 300w, https:\/\/i0.wp.com\/eltrabajo.cl\/portal\/wp-content\/uploads\/2022\/01\/Asiento1.jpg?resize=200%2C137&amp;ssl=1 200w, https:\/\/i0.wp.com\/eltrabajo.cl\/portal\/wp-content\/uploads\/2022\/01\/Asiento1.jpg?resize=218%2C150&amp;ssl=1 218w, https:\/\/i0.wp.com\/eltrabajo.cl\/portal\/wp-content\/uploads\/2022\/01\/Asiento1.jpg?resize=696%2C478&amp;ssl=1 696w\" sizes=\"auto, (max-width: 640px) 100vw, 640px\" \/><figcaption id=\"caption-attachment-112541\" class=\"wp-caption-text\">TARDE INFERNAL.- Los vecinos impotentes no se quedaron con los brazos cruzados, en todo momento brindaron ayuda, pero fue imposible salvar la vivienda.<\/figcaption><\/figure>\n<figure id=\"attachment_112542\" aria-describedby=\"caption-attachment-112542\" style=\"width: 698px\" class=\"wp-caption alignnone\"><img data-recalc-dims=\"1\" loading=\"lazy\" decoding=\"async\" class=\"size-full wp-image-112542\" src=\"https:\/\/i0.wp.com\/eltrabajo.cl\/portal\/wp-content\/uploads\/2022\/01\/Asiento2.jpg?resize=640%2C403&#038;ssl=1\" alt=\"DESGARRADOR.- Do\u00f1a Ana, su hija y esposo no pod\u00edan creer lo que este a\u00f1o 2022 les ha tra\u00eddo, una tragedia familiar que los obliga a empezar de nuevo.\" width=\"640\" height=\"403\" srcset=\"https:\/\/i0.wp.com\/eltrabajo.cl\/portal\/wp-content\/uploads\/2022\/01\/Asiento2.jpg?w=698&amp;ssl=1 698w, https:\/\/i0.wp.com\/eltrabajo.cl\/portal\/wp-content\/uploads\/2022\/01\/Asiento2.jpg?resize=300%2C189&amp;ssl=1 300w, https:\/\/i0.wp.com\/eltrabajo.cl\/portal\/wp-content\/uploads\/2022\/01\/Asiento2.jpg?resize=200%2C126&amp;ssl=1 200w, https:\/\/i0.wp.com\/eltrabajo.cl\/portal\/wp-content\/uploads\/2022\/01\/Asiento2.jpg?resize=696%2C438&amp;ssl=1 696w\" sizes=\"auto, (max-width: 640px) 100vw, 640px\" \/><figcaption id=\"caption-attachment-112542\" class=\"wp-caption-text\">DESGARRADOR.- Do\u00f1a Ana, su hija y esposo no pod\u00edan creer lo que este a\u00f1o 2022 les ha tra\u00eddo, una tragedia familiar que los obliga a empezar de nuevo.<\/figcaption><\/figure>\n<figure id=\"attachment_112543\" aria-describedby=\"caption-attachment-112543\" style=\"width: 698px\" class=\"wp-caption alignnone\"><img data-recalc-dims=\"1\" loading=\"lazy\" decoding=\"async\" class=\"size-full wp-image-112543\" src=\"https:\/\/i0.wp.com\/eltrabajo.cl\/portal\/wp-content\/uploads\/2022\/01\/Asiento3.jpg?resize=640%2C418&#038;ssl=1\" alt=\"PERO NO EST\u00c1N SOLOS.- Como nunca antes los vecinos de este pueblo se unieron en un amoroso abrazo, ellos est\u00e1n dispuestos a reunir recursos para levantar a esta familia.\" width=\"640\" height=\"418\" srcset=\"https:\/\/i0.wp.com\/eltrabajo.cl\/portal\/wp-content\/uploads\/2022\/01\/Asiento3.jpg?w=698&amp;ssl=1 698w, https:\/\/i0.wp.com\/eltrabajo.cl\/portal\/wp-content\/uploads\/2022\/01\/Asiento3.jpg?resize=300%2C196&amp;ssl=1 300w, https:\/\/i0.wp.com\/eltrabajo.cl\/portal\/wp-content\/uploads\/2022\/01\/Asiento3.jpg?resize=200%2C131&amp;ssl=1 200w, https:\/\/i0.wp.com\/eltrabajo.cl\/portal\/wp-content\/uploads\/2022\/01\/Asiento3.jpg?resize=696%2C455&amp;ssl=1 696w\" sizes=\"auto, (max-width: 640px) 100vw, 640px\" \/><figcaption id=\"caption-attachment-112543\" class=\"wp-caption-text\">PERO NO EST\u00c1N SOLOS.- Como nunca antes los vecinos de este pueblo se unieron en un amoroso abrazo, ellos est\u00e1n dispuestos a reunir recursos para levantar a esta familia.<\/figcaption><\/figure>\n<figure id=\"attachment_112544\" aria-describedby=\"caption-attachment-112544\" style=\"width: 698px\" class=\"wp-caption alignnone\"><img data-recalc-dims=\"1\" loading=\"lazy\" decoding=\"async\" class=\"size-full wp-image-112544\" src=\"https:\/\/i0.wp.com\/eltrabajo.cl\/portal\/wp-content\/uploads\/2022\/01\/Asiento4.jpg?resize=640%2C414&#038;ssl=1\" alt=\"TODOS APOYANDO.- En todo momento las c\u00e1maras de Diario El Trabajo captaron el esfuerzo de los vecinos por detener las llamas.\" width=\"640\" height=\"414\" srcset=\"https:\/\/i0.wp.com\/eltrabajo.cl\/portal\/wp-content\/uploads\/2022\/01\/Asiento4.jpg?w=698&amp;ssl=1 698w, https:\/\/i0.wp.com\/eltrabajo.cl\/portal\/wp-content\/uploads\/2022\/01\/Asiento4.jpg?resize=300%2C194&amp;ssl=1 300w, https:\/\/i0.wp.com\/eltrabajo.cl\/portal\/wp-content\/uploads\/2022\/01\/Asiento4.jpg?resize=200%2C130&amp;ssl=1 200w, https:\/\/i0.wp.com\/eltrabajo.cl\/portal\/wp-content\/uploads\/2022\/01\/Asiento4.jpg?resize=696%2C451&amp;ssl=1 696w\" sizes=\"auto, (max-width: 640px) 100vw, 640px\" \/><figcaption id=\"caption-attachment-112544\" class=\"wp-caption-text\">TODOS APOYANDO.- En todo momento las c\u00e1maras de Diario El Trabajo captaron el esfuerzo de los vecinos por detener las llamas.<\/figcaption><\/figure>\n","protected":false},"excerpt":{"rendered":"<p>Un abrazo solidario esperan los tres adultos afectados: Un gigantesco incendio estructural se declar\u00f3 a las 14:09 horas de este martes en una vivienda ubicada en el sector Tres Canchas de El&#8230;<\/p>\n","protected":false},"author":482,"featured_media":112541,"comment_status":"closed","ping_status":"open","sticky":false,"template":"","format":"standard","meta":{"advanced_seo_description":"","jetpack_seo_html_title":"","jetpack_seo_noindex":false,"_jetpack_memberships_contains_paid_content":false,"footnotes":""},"categories":[21],"tags":[],"class_list":["post-112540","post","type-post","status-publish","format-standard","has-post-thumbnail","hentry","category-policial"],"jetpack_featured_media_url":"https:\/\/i0.wp.com\/eltrabajo.cl\/portal\/wp-content\/uploads\/2022\/01\/Asiento1.jpg?fit=699%2C480&ssl=1","jetpack_sharing_enabled":true,"jetpack_likes_enabled":true,"jetpack-related-posts":[],"_links":{"self":[{"href":"https:\/\/eltrabajo.cl\/portal\/wp-json\/wp\/v2\/posts\/112540","targetHints":{"allow":["GET"]}}],"collection":[{"href":"https:\/\/eltrabajo.cl\/portal\/wp-json\/wp\/v2\/posts"}],"about":[{"href":"https:\/\/eltrabajo.cl\/portal\/wp-json\/wp\/v2\/types\/post"}],"author":[{"embeddable":true,"href":"https:\/\/eltrabajo.cl\/portal\/wp-json\/wp\/v2\/users\/482"}],"replies":[{"embeddable":true,"href":"https:\/\/eltrabajo.cl\/portal\/wp-json\/wp\/v2\/comments?post=112540"}],"version-history":[{"count":0,"href":"https:\/\/eltrabajo.cl\/portal\/wp-json\/wp\/v2\/posts\/112540\/revisions"}],"wp:featuredmedia":[{"embeddable":true,"href":"https:\/\/eltrabajo.cl\/portal\/wp-json\/wp\/v2\/media\/112541"}],"wp:attachment":[{"href":"https:\/\/eltrabajo.cl\/portal\/wp-json\/wp\/v2\/media?parent=112540"}],"wp:term":[{"taxonomy":"category","embeddable":true,"href":"https:\/\/eltrabajo.cl\/portal\/wp-json\/wp\/v2\/categories?post=112540"},{"taxonomy":"post_tag","embeddable":true,"href":"https:\/\/eltrabajo.cl\/portal\/wp-json\/wp\/v2\/tags?post=112540"}],"curies":[{"name":"wp","href":"https:\/\/api.w.org\/{rel}","templated":true}]}}