{"id":112562,"date":"2022-01-20T07:45:01","date_gmt":"2022-01-20T10:45:01","guid":{"rendered":"https:\/\/eltrabajo.cl\/portal\/?p=112562"},"modified":"2022-01-19T23:40:16","modified_gmt":"2022-01-20T02:40:16","slug":"salio-al-balcon-y-descubrio-con-sorpresa-que-le-habian-robado-camioneta","status":"publish","type":"post","link":"https:\/\/eltrabajo.cl\/portal\/salio-al-balcon-y-descubrio-con-sorpresa-que-le-habian-robado-camioneta\/","title":{"rendered":"Sali\u00f3 al balc\u00f3n y descubri\u00f3 con sorpresa que le hab\u00edan robado camioneta"},"content":{"rendered":"<p style=\"text-align: left;\"><span style=\"color: #ff0000;\"><strong>Barrio Miraflores:<\/strong><\/span><\/p>\n<p style=\"text-align: justify;\">\u00ab<em>Anoche alrededor de las 01:20 a 01:30 horas, me robaron mi camioneta, marca K\u00eda Frontier a\u00f1o 2018, desde afuera de mi casa\u00bb.<\/em> As\u00ed comienza el relato de <strong>Oscar<\/strong>, vecino del Barrio Miraflores que denuncia el robo de su veh\u00edculo.<\/p>\n<p style=\"text-align: justify;\">&#8211; <strong>\u00bfC\u00f3mo fue todo esto?<\/strong><\/p>\n<p style=\"text-align: justify;\">&#8211; Mire, la verdad que llegu\u00e9 aproximadamente a las doce y media a la casa en otro veh\u00edculo y la camioneta la ten\u00eda afuerita paradita. Entr\u00e9 a mi casa a ducharme, tom\u00e9, consum\u00ed algo y me fui a acostar, pero en un descuido salgo al balc\u00f3n de mi casa, miro y resulta que mi camioneta, a las dos de la ma\u00f1ana, no estaba. Hice la denuncia al tiro y Carabineros, cuando lleg\u00f3 a mi domicilio, me dijo que mi camioneta, cinco para las dos de la ma\u00f1ana, hab\u00eda sido ubicada en el p\u00f3rtico de Chacabuco, iba pasando hacia Santiago, exactamente eso fue lo que me dijo Carabineros cuando lleg\u00f3 por ac\u00e1 despu\u00e9s que hice la denuncia.<\/p>\n<p style=\"text-align: justify;\">&#8211; <strong>\u00bfO sea se fue para Santiago?<\/strong><\/p>\n<p style=\"text-align: justify;\">&#8211; S\u00ed, la camioneta tiene que estar en Santiago obviamente si a esa hora de la madrugada iba pasando por el p\u00f3rtico de Chacabuco.<\/p>\n<p style=\"text-align: justify;\">&#8211; <strong>\u00bfCu\u00e1l es la patente de la camioneta?<\/strong><\/p>\n<p style=\"text-align: justify;\">&#8211; La placa es KB CF-61.<\/p>\n<p style=\"text-align: justify;\">&#8211; <strong>\u00bfCon esta informaci\u00f3n da por perdida la camioneta o tiene la esperanza de recuperarla?<\/strong><\/p>\n<p style=\"text-align: justify;\">&#8211; Mire la verdad de las cosas, por todo lo que est\u00e1 sucediendo hoy en d\u00eda, sinceramente yo estoy como dando por perdida la camioneta, por lo que sale en TV esa camioneta es muy cotizada para el robo, es muy encargada, entonces la camioneta tiene que estar desmantelada&#8230; la verdad tiene que estar desmantelada, desarmada. Dios quiera que no sea as\u00ed, pero siendo muy dr\u00e1stico la verdad la camioneta sinceramente la doy por perdida, Carabineros me dijo si no me avisaban antes de dos o tres horas despu\u00e9s es muy dif\u00edcil, pasando el peaje Chacabuco para all\u00e1 dicen que es muy dif\u00edcil la recuperaci\u00f3n de veh\u00edculos.<\/p>\n<p style=\"text-align: justify;\">&#8211; <strong>\u00bfC\u00f3mo cree usted que se la robaron, lo siguieron, c\u00f3mo debe haber sido?<\/strong><\/p>\n<p style=\"text-align: justify;\">&#8211; No, yo creo que estos tipos andan dando vueltas por las poblaciones y d\u00e1ndose cuenta donde est\u00e1n los veh\u00edculos que ellos andan buscando, que est\u00e1n expuestos para el robo. Yo creo que estaba \u2018dateada\u2019 la camioneta, lista para llegar y llev\u00e1rsela porque no quebraron vidrios, nada, nada, si forzaron las chapas, no son\u00f3 la alarma porque la camioneta est\u00e1 con alarma incluida con un cierre, no son\u00f3 nada, nada, de hecho yo tengo un detective que vive al lado, no sinti\u00f3 nada, nada y estamos hablando imag\u00ednate ni siquiera cuatro de la ma\u00f1ana, tiene que haber sido en el transcurso de la una un cuarto, sacaba la cuenta yo, porque para darle media hora al tipo que llegara a Chacabuco, al peaje, porque Carabineros me dijo que cinco para las dos de la ma\u00f1ana hab\u00eda pasado, entonces el tipo tiene que hab\u00e9rsela robado una veinte, una veinticinco de la madrugada.<\/p>\n<p style=\"text-align: justify;\">&#8211; <strong>Como usted da por perdida la camioneta, \u00bfqu\u00e9 le puede comentar a la comunidad, en qu\u00e9 tener cuidado, si se puede decir algo?<\/strong><\/p>\n<p style=\"text-align: justify;\">&#8211; Sinceramente de verdad decirles a los vecinos, a la comunidad, tener m\u00e1s contacto con los vecinos, estar alerta, la comunicaci\u00f3n entre los vecinos es muy importante para este tema; o sea ver alguien sospechoso, que no es de los sectores, dar aviso, el tema de los GPS, las c\u00e1maras, todo lo que nos pueda ayudar a cuidarnos entre s\u00ed, porque sinceramente la dotaci\u00f3n de la polic\u00eda, Carabineros&#8230; yo pienso que ellos est\u00e1n atados de manos con este tema de la delincuencia como est\u00e1 y como est\u00e1 el robo de veh\u00edculos aqu\u00ed, sobre todo en San Felipe, usted sabe que esta es una puerta giratoria, as\u00ed es el tema.<\/p>\n<p style=\"text-align: justify;\">&#8211; <strong>Don Oscar, repitamos el modelo por favor.<\/strong><\/p>\n<p style=\"text-align: justify;\">&#8211; Es una K\u00eda, modelo Frontier, 2.5, blanco invierno, a\u00f1o 2018.<\/p>\n<figure id=\"attachment_112563\" aria-describedby=\"caption-attachment-112563\" style=\"width: 700px\" class=\"wp-caption alignnone\"><img data-recalc-dims=\"1\" loading=\"lazy\" decoding=\"async\" class=\"size-full wp-image-112563\" src=\"https:\/\/i0.wp.com\/eltrabajo.cl\/portal\/wp-content\/uploads\/2022\/01\/Camioneta.jpg?resize=640%2C480&#038;ssl=1\" alt=\"Esta es la camioneta que le robaron a Oscar frente a su casa ubicada en el Barrio Miraflores.\" width=\"640\" height=\"480\" srcset=\"https:\/\/i0.wp.com\/eltrabajo.cl\/portal\/wp-content\/uploads\/2022\/01\/Camioneta.jpg?w=700&amp;ssl=1 700w, https:\/\/i0.wp.com\/eltrabajo.cl\/portal\/wp-content\/uploads\/2022\/01\/Camioneta.jpg?resize=300%2C225&amp;ssl=1 300w, https:\/\/i0.wp.com\/eltrabajo.cl\/portal\/wp-content\/uploads\/2022\/01\/Camioneta.jpg?resize=200%2C150&amp;ssl=1 200w, https:\/\/i0.wp.com\/eltrabajo.cl\/portal\/wp-content\/uploads\/2022\/01\/Camioneta.jpg?resize=696%2C522&amp;ssl=1 696w\" sizes=\"auto, (max-width: 640px) 100vw, 640px\" \/><figcaption id=\"caption-attachment-112563\" class=\"wp-caption-text\">Esta es la camioneta que le robaron a Oscar frente a su casa ubicada en el Barrio Miraflores.<\/figcaption><\/figure>\n","protected":false},"excerpt":{"rendered":"<p>Barrio Miraflores: \u00abAnoche alrededor de las 01:20 a 01:30 horas, me robaron mi camioneta, marca K\u00eda Frontier a\u00f1o 2018, desde afuera de mi casa\u00bb. As\u00ed comienza el relato de Oscar, vecino del&#8230;<\/p>\n","protected":false},"author":482,"featured_media":112563,"comment_status":"closed","ping_status":"open","sticky":false,"template":"","format":"standard","meta":{"advanced_seo_description":"","jetpack_seo_html_title":"","jetpack_seo_noindex":false,"_jetpack_memberships_contains_paid_content":false,"footnotes":""},"categories":[21],"tags":[],"class_list":["post-112562","post","type-post","status-publish","format-standard","has-post-thumbnail","hentry","category-policial"],"jetpack_featured_media_url":"https:\/\/i0.wp.com\/eltrabajo.cl\/portal\/wp-content\/uploads\/2022\/01\/Camioneta.jpg?fit=700%2C525&ssl=1","jetpack_sharing_enabled":true,"jetpack_likes_enabled":true,"jetpack-related-posts":[],"_links":{"self":[{"href":"https:\/\/eltrabajo.cl\/portal\/wp-json\/wp\/v2\/posts\/112562","targetHints":{"allow":["GET"]}}],"collection":[{"href":"https:\/\/eltrabajo.cl\/portal\/wp-json\/wp\/v2\/posts"}],"about":[{"href":"https:\/\/eltrabajo.cl\/portal\/wp-json\/wp\/v2\/types\/post"}],"author":[{"embeddable":true,"href":"https:\/\/eltrabajo.cl\/portal\/wp-json\/wp\/v2\/users\/482"}],"replies":[{"embeddable":true,"href":"https:\/\/eltrabajo.cl\/portal\/wp-json\/wp\/v2\/comments?post=112562"}],"version-history":[{"count":0,"href":"https:\/\/eltrabajo.cl\/portal\/wp-json\/wp\/v2\/posts\/112562\/revisions"}],"wp:featuredmedia":[{"embeddable":true,"href":"https:\/\/eltrabajo.cl\/portal\/wp-json\/wp\/v2\/media\/112563"}],"wp:attachment":[{"href":"https:\/\/eltrabajo.cl\/portal\/wp-json\/wp\/v2\/media?parent=112562"}],"wp:term":[{"taxonomy":"category","embeddable":true,"href":"https:\/\/eltrabajo.cl\/portal\/wp-json\/wp\/v2\/categories?post=112562"},{"taxonomy":"post_tag","embeddable":true,"href":"https:\/\/eltrabajo.cl\/portal\/wp-json\/wp\/v2\/tags?post=112562"}],"curies":[{"name":"wp","href":"https:\/\/api.w.org\/{rel}","templated":true}]}}