{"id":112573,"date":"2022-01-20T08:00:02","date_gmt":"2022-01-20T11:00:02","guid":{"rendered":"https:\/\/eltrabajo.cl\/portal\/?p=112573"},"modified":"2022-01-19T23:49:32","modified_gmt":"2022-01-20T02:49:32","slug":"fuego-destruye-completamente-entre-seis-a-ochos-viviendas-en-catemu","status":"publish","type":"post","link":"https:\/\/eltrabajo.cl\/portal\/fuego-destruye-completamente-entre-seis-a-ochos-viviendas-en-catemu\/","title":{"rendered":"Fuego destruye completamente entre seis a ochos viviendas en Catemu"},"content":{"rendered":"<p style=\"text-align: left;\"><span style=\"color: #ff0000;\"><strong>Tragedia en Cerro San Jos\u00e9:<\/strong><\/span><\/p>\n<p style=\"text-align: justify;\">Entre seis a ocho casas resultaron totalmente destruidas por la acci\u00f3n del fuego, en un incendio ocurrido ayer en la tarde en el sector del Cerro San Jos\u00e9, en Catemu. De todas maneras se descart\u00f3 que hubiera alguna v\u00edctima que lamentar.<\/p>\n<p style=\"text-align: justify;\">En conversaci\u00f3n con el alcalde de la comuna, el periodista <strong>Rodrigo D\u00edaz<\/strong> quien estaba en ese momento en el lugar del incendio, se\u00f1al\u00f3 que <em>\u00abpor lo menos se logr\u00f3 controlar lo m\u00e1s fuerte, ya no hay casas que est\u00e9n quem\u00e1ndose; nos queda un puro foco, se declar\u00f3 alerta roja con gran\u00a0 apoyo de Conaf, hay dos helic\u00f3pteros y cuatro aviones apoyando para poder apagar el incendio, va quedando una zona que todav\u00eda no hemos podido apagar, pero afortunadamente no tiene casas alrededor y est\u00e1 en la parte baja del cerro, donde estoy parado ahora mirando eso y ya de casas nada, as\u00ed es que dentro de todo en la tragedia por lo menos parece que est\u00e1 empezando a amainar\u00bb.<\/em><\/p>\n<p style=\"text-align: justify;\">&#8211; <strong>Alcalde, cuando son las 18:20 horas, \u00bfse tiene un n\u00famero de casas afectadas?<\/strong><\/p>\n<p style=\"text-align: justify;\">&#8211; S\u00ed, en principio yo pude subir, puedo dar cuenta de al menos seis a ocho casas, al menos, y pueden ser diez a doce, pero son seis que vi completamente destruidas.<\/p>\n<p style=\"text-align: justify;\">Reconoci\u00f3 el edil que en ese sector hay mucha construcci\u00f3n irregular, entonces no es f\u00e1cil ver donde termina una casa y empieza la otra, <em>\u00abpero seg\u00fan el catastro preliminar yo le dir\u00eda que estar\u00eda ah\u00ed entre seis a ocho y podr\u00eda subir el n\u00famero, un par m\u00e1s al menos\u00bb,<\/em> dijo.<\/p>\n<p style=\"text-align: justify;\">&#8211; <strong>\u00bfSe encontraron con la misma dificultad de acceso como en el incendio de la otra vez?<\/strong><\/p>\n<p style=\"text-align: justify;\">&#8211; La dificultad de acceso que hemos tenido desde el d\u00eda uno y eso es a largo, nosotros logramos con el Gobernador Regional nos van a apoyar con los recursos pero levantar el perfil del proyecto, no es r\u00e1pido, estamos trabajando en eso, pero tienen que pensar que hace menos de dos meses sufrimos el otro incendio, no tenemos la capacidad de dar la respuesta que esto tiene que tener, una calle de emergencia.<\/p>\n<p style=\"text-align: justify;\">&#8211; <strong>\u00bfSe descartan v\u00edctimas fatales, alcalde?<\/strong><\/p>\n<p style=\"text-align: justify;\">&#8211; S\u00ed, eso afortunadamente\u2026 afortunadamente estamos descartando v\u00edctimas fatales. Mira todo fue muy r\u00e1pido, bueno hay una persona detenida por la participaci\u00f3n que le podr\u00eda caber en la propagaci\u00f3n del fuego, en el inicio del fuego en el sector donde est\u00e1 identificado por Bomberos donde se habr\u00eda iniciado el incendio, pero eso ya lo tiene que determinar una investigaci\u00f3n posterior, nosotros por ahora estamos abocados a la emergencia, no nos queda de otra.<\/p>\n<p style=\"text-align: justify;\">&#8211; <strong>A prop\u00f3sito de esta detenci\u00f3n, \u00bfd\u00f3nde se inicia el fuego, en alg\u00fan pastizal?<\/strong><\/p>\n<p style=\"text-align: justify;\">&#8211; Se inicia en un ca\u00f1averal, zarzamora, borde del estero.<\/p>\n<p style=\"text-align: justify;\">Comenta que en esta ocasi\u00f3n el incendio no los pill\u00f3 tan desprevenidos, <em>\u00abporque en la Junta de Vecinos en un proyecto ten\u00edan ya dos motobombas, el municipio ten\u00eda una tercera, por lo tanto tuvimos agua\u2026 tuvimos mucha agua, el tema que fue muy r\u00e1pido, todo se propag\u00f3 en menos de media hora pr\u00e1cticamente el da\u00f1o se hizo en veinte minutos, no fue m\u00e1s en ese momento con mucho viento. Lleg\u00f3 toda el agua, estamos con un sobre stock de agua, llegaron camiones aljibes de las comunas vecinas, de las industrias, nosotros ten\u00edamos las motobombas canales que pasan por aqu\u00ed ven\u00edan con agua, por lo tanto pudimos reaccionar r\u00e1pido, pero esto fue mucho m\u00e1s r\u00e1pido, pero m\u00e1s r\u00e1pido fue el despliegue de Bomberos y Carabineros que alcanzaron a evacuar a toda la gente, y eso es lo que tiene hasta esta hora sin lamentar v\u00edctimas fatales y nos va quedando s\u00f3lo un foco de incendio, pero est\u00e1n atacando dos helic\u00f3pteros y cuatro aviones, yo creo que lo vamos a tener controlado de aqu\u00ed a un rato m\u00e1s\u00bb,<\/em> dec\u00eda el alcalde.<\/p>\n<p style=\"text-align: justify;\">Sobre el n\u00famero de personas evacuadas, damnificados, indic\u00f3 que en ese momento no ten\u00eda el n\u00famero: <em>\u00abNuestra directora de Dideco ya est\u00e1 coordinando, estamos reuniendo a toda la gente, coordinando los albergues principales para ello, estamos en contacto con el regional de Onemi que nos ha brindado todo su apoyo, est\u00e1n todos abajo al menos los tiene Dideco, est\u00e1 con ellos. Nosotros estamos ac\u00e1 todav\u00eda terminando\u00bb,<\/em> asever\u00f3 el edil.<\/p>\n<p style=\"text-align: justify;\">&#8211; <strong>\u00bfP\u00e9rdida total de las casas?<\/strong><\/p>\n<p style=\"text-align: justify;\">&#8211; S\u00ed, esto es p\u00e9rdida total, y el problema que tenemos ac\u00e1 es que una irregularidad total, esto es maicillo que con el agua se desarma como el az\u00facar, se deshace, entonces es dif\u00edcil poder estabilizar estos pisos.<\/p>\n<p style=\"text-align: justify;\">Reiterar que no hubo v\u00edctimas fatales que lamentar, solamente casas destruidas y una cantidad indeterminada de personas damnificadas.<\/p>\n<p style=\"text-align: justify;\">Se\u00f1alar que la entrevista con el alcalde de Catemu, el periodista Rodrigo D\u00edaz, se realiz\u00f3 alrededor de las 18:20 horas de ayer, mientras a\u00fan permanec\u00eda en el lugar a la espera que fuera totalmente controlado el siniestro.<\/p>\n<figure id=\"attachment_112575\" aria-describedby=\"caption-attachment-112575\" style=\"width: 699px\" class=\"wp-caption alignnone\"><img data-recalc-dims=\"1\" loading=\"lazy\" decoding=\"async\" class=\"size-full wp-image-112575\" src=\"https:\/\/i0.wp.com\/eltrabajo.cl\/portal\/wp-content\/uploads\/2022\/01\/incendio-CARABINEROS.jpg?resize=640%2C480&#038;ssl=1\" alt=\"Carabineros y Bomberos en el lugar de la emergencia.\" width=\"640\" height=\"480\" srcset=\"https:\/\/i0.wp.com\/eltrabajo.cl\/portal\/wp-content\/uploads\/2022\/01\/incendio-CARABINEROS.jpg?w=699&amp;ssl=1 699w, https:\/\/i0.wp.com\/eltrabajo.cl\/portal\/wp-content\/uploads\/2022\/01\/incendio-CARABINEROS.jpg?resize=300%2C225&amp;ssl=1 300w, https:\/\/i0.wp.com\/eltrabajo.cl\/portal\/wp-content\/uploads\/2022\/01\/incendio-CARABINEROS.jpg?resize=200%2C150&amp;ssl=1 200w, https:\/\/i0.wp.com\/eltrabajo.cl\/portal\/wp-content\/uploads\/2022\/01\/incendio-CARABINEROS.jpg?resize=696%2C522&amp;ssl=1 696w\" sizes=\"auto, (max-width: 640px) 100vw, 640px\" \/><figcaption id=\"caption-attachment-112575\" class=\"wp-caption-text\">Carabineros y Bomberos en el lugar de la emergencia.<\/figcaption><\/figure>\n<figure id=\"attachment_112576\" aria-describedby=\"caption-attachment-112576\" style=\"width: 700px\" class=\"wp-caption alignnone\"><img data-recalc-dims=\"1\" loading=\"lazy\" decoding=\"async\" class=\"size-full wp-image-112576\" src=\"https:\/\/i0.wp.com\/eltrabajo.cl\/portal\/wp-content\/uploads\/2022\/01\/INCENDIO.jpg?resize=640%2C942&#038;ssl=1\" alt=\"En esta imagen se puede apreciar las viviendas siendo consumidas por el fuego. (Foto Tvmas Llay Llay Catemu)\" width=\"640\" height=\"942\" srcset=\"https:\/\/i0.wp.com\/eltrabajo.cl\/portal\/wp-content\/uploads\/2022\/01\/INCENDIO.jpg?w=700&amp;ssl=1 700w, https:\/\/i0.wp.com\/eltrabajo.cl\/portal\/wp-content\/uploads\/2022\/01\/INCENDIO.jpg?resize=204%2C300&amp;ssl=1 204w, https:\/\/i0.wp.com\/eltrabajo.cl\/portal\/wp-content\/uploads\/2022\/01\/INCENDIO.jpg?resize=696%2C1024&amp;ssl=1 696w, https:\/\/i0.wp.com\/eltrabajo.cl\/portal\/wp-content\/uploads\/2022\/01\/INCENDIO.jpg?resize=102%2C150&amp;ssl=1 102w\" sizes=\"auto, (max-width: 640px) 100vw, 640px\" \/><figcaption id=\"caption-attachment-112576\" class=\"wp-caption-text\">En esta imagen se puede apreciar las viviendas siendo consumidas por el fuego. (Foto Tvmas Llay Llay Catemu)<\/figcaption><\/figure>\n","protected":false},"excerpt":{"rendered":"<p>Tragedia en Cerro San Jos\u00e9: Entre seis a ocho casas resultaron totalmente destruidas por la acci\u00f3n del fuego, en un incendio ocurrido ayer en la tarde en el sector del Cerro San&#8230;<\/p>\n","protected":false},"author":482,"featured_media":112574,"comment_status":"closed","ping_status":"open","sticky":false,"template":"","format":"standard","meta":{"advanced_seo_description":"","jetpack_seo_html_title":"","jetpack_seo_noindex":false,"_jetpack_memberships_contains_paid_content":false,"footnotes":""},"categories":[21],"tags":[],"class_list":["post-112573","post","type-post","status-publish","format-standard","has-post-thumbnail","hentry","category-policial"],"jetpack_featured_media_url":"https:\/\/i0.wp.com\/eltrabajo.cl\/portal\/wp-content\/uploads\/2022\/01\/INCENDIO-copia.jpg?fit=700%2C614&ssl=1","jetpack_sharing_enabled":true,"jetpack_likes_enabled":true,"jetpack-related-posts":[],"_links":{"self":[{"href":"https:\/\/eltrabajo.cl\/portal\/wp-json\/wp\/v2\/posts\/112573","targetHints":{"allow":["GET"]}}],"collection":[{"href":"https:\/\/eltrabajo.cl\/portal\/wp-json\/wp\/v2\/posts"}],"about":[{"href":"https:\/\/eltrabajo.cl\/portal\/wp-json\/wp\/v2\/types\/post"}],"author":[{"embeddable":true,"href":"https:\/\/eltrabajo.cl\/portal\/wp-json\/wp\/v2\/users\/482"}],"replies":[{"embeddable":true,"href":"https:\/\/eltrabajo.cl\/portal\/wp-json\/wp\/v2\/comments?post=112573"}],"version-history":[{"count":0,"href":"https:\/\/eltrabajo.cl\/portal\/wp-json\/wp\/v2\/posts\/112573\/revisions"}],"wp:featuredmedia":[{"embeddable":true,"href":"https:\/\/eltrabajo.cl\/portal\/wp-json\/wp\/v2\/media\/112574"}],"wp:attachment":[{"href":"https:\/\/eltrabajo.cl\/portal\/wp-json\/wp\/v2\/media?parent=112573"}],"wp:term":[{"taxonomy":"category","embeddable":true,"href":"https:\/\/eltrabajo.cl\/portal\/wp-json\/wp\/v2\/categories?post=112573"},{"taxonomy":"post_tag","embeddable":true,"href":"https:\/\/eltrabajo.cl\/portal\/wp-json\/wp\/v2\/tags?post=112573"}],"curies":[{"name":"wp","href":"https:\/\/api.w.org\/{rel}","templated":true}]}}