{"id":11258,"date":"2011-12-05T08:43:11","date_gmt":"2011-12-05T12:43:11","guid":{"rendered":"http:\/\/www.eltrabajo.cl\/portal\/?p=11258"},"modified":"2011-12-05T08:43:11","modified_gmt":"2011-12-05T12:43:11","slug":"hermana-de-ejecutado-politico-recibe-restos-de-joven-miembro-del-ejercito","status":"publish","type":"post","link":"https:\/\/eltrabajo.cl\/portal\/hermana-de-ejecutado-politico-recibe-restos-de-joven-miembro-del-ejercito\/","title":{"rendered":"Hermana de ejecutado pol\u00edtico recibe restos de joven miembro del Ej\u00e9rcito"},"content":{"rendered":"<figure id=\"attachment_11259\" aria-describedby=\"caption-attachment-11259\" style=\"width: 600px\" class=\"wp-caption alignnone\"><a href=\"http:\/\/www.eltrabajo.cl\/portal\/archives\/11258\/cuerpo-fusilado-2\" rel=\"attachment wp-att-11259\"><img data-recalc-dims=\"1\" loading=\"lazy\" decoding=\"async\" class=\"size-full wp-image-11259\" title=\"cuerpo fusilado (2)\" src=\"https:\/\/i0.wp.com\/www.eltrabajo.cl\/portal\/wp-content\/uploads\/2011\/12\/cuerpo-fusilado-2.jpg?resize=600%2C450\" alt=\"\" width=\"600\" height=\"450\" srcset=\"https:\/\/i0.wp.com\/eltrabajo.cl\/portal\/wp-content\/uploads\/2011\/12\/cuerpo-fusilado-2.jpg?w=600&amp;ssl=1 600w, https:\/\/i0.wp.com\/eltrabajo.cl\/portal\/wp-content\/uploads\/2011\/12\/cuerpo-fusilado-2.jpg?resize=200%2C150&amp;ssl=1 200w, https:\/\/i0.wp.com\/eltrabajo.cl\/portal\/wp-content\/uploads\/2011\/12\/cuerpo-fusilado-2.jpg?resize=300%2C225&amp;ssl=1 300w, https:\/\/i0.wp.com\/eltrabajo.cl\/portal\/wp-content\/uploads\/2011\/12\/cuerpo-fusilado-2.jpg?resize=150%2C112&amp;ssl=1 150w, https:\/\/i0.wp.com\/eltrabajo.cl\/portal\/wp-content\/uploads\/2011\/12\/cuerpo-fusilado-2.jpg?resize=400%2C300&amp;ssl=1 400w\" sizes=\"auto, (max-width: 600px) 100vw, 600px\" \/><\/a><figcaption id=\"caption-attachment-11259\" class=\"wp-caption-text\">Su hermana Irma (a la izquierda) luch\u00f3 hasta el \u00faltimo d\u00eda para encontrar los restos de su hermano. En el proceso estuvo acompa\u00f1ada de Brunilda.<\/figcaption><\/figure>\n<p>Finalmente el viernes reci\u00e9n pasado, Irma Garrido Mu\u00f1oz recibi\u00f3 los restos de su hermano Daniel Garrido Mu\u00f1oz.<\/p>\n<p>Tuvieron que pasar 38 a\u00f1os para que esta familia pudiera comenzar a cerrar una herida que se abri\u00f3 el d\u00eda que Daniel, un cabo del Ej\u00e9rcito de 23 a\u00f1os, que se desempe\u00f1aba en la ciudad de Calama, fuera detenido un 5 de octubre de 1973 y ejecutado el 19 de octubre de ese mismo a\u00f1o por la llamada Caravana de la Muerte.<\/p>\n<p>Irma, ese d\u00eda visiblemente afectada, dice sentirse un poco m\u00e1s tranquila, porque finalmente va a tener a su hermano cerca de su madre, quien muri\u00f3 esperando que el joven volviera a la casa.<\/p>\n<p>\u00abEstos a\u00f1os han sido horribles, ver sufrir a mi madre toda la vida esperando que su hijo llegara y en el momento que ella estaba agonizando y lo llamaba, mi hijo se puso una cosa militar y le habl\u00f3 y le dijo \u2018mamita\u2019, y ella le dijo \u2018lleg\u00f3 hijo\u2019, y muri\u00f3, porque \u00e9l tenia 23 a\u00f1os cuando lo mataron, sin militancia pol\u00edtica\u00bb.<\/p>\n<p>En todo este proceso Irma ha estado acompa\u00f1ada por Brunilda S\u00e1nchez, quien tambi\u00e9n recibi\u00f3 los restos de su hijo Roberto Ram\u00edrez S\u00e1nchez, y sigue esperando los de su marido, un ciudadano extranjero.<\/p>\n<p>Ha sido un proceso largo, se\u00f1ala Brunilda: \u00ab38 a\u00f1os de espera para recibir los cuerpos de nuestros compa\u00f1eros, totalmente masacrados en diferentes pedacitos cada uno, si no hubiese sido por el Instituto M\u00e9dico Legal que ha estado pendiente, a\u00f1os de a\u00f1os, para hacer verdad y justicia, no tendr\u00edamos ni siquiera esto, pero esto nos da una peque\u00f1a tranquilidad a la familia de estos deudos\u00bb.<\/p>\n<p>Brunilda tambi\u00e9n estaba en Calama cuando ejecutaron a Daniel Garrido, de hecho ella tambi\u00e9n fue prisionera en esa misma fecha.<\/p>\n<p>\u00abYo los vi salir a todos vivos, yo era prisionera en la c\u00e1rcel de Calama, pero sab\u00edamos quien era este compa\u00f1ero, este compa\u00f1ero era cabo del Ej\u00e9rcito, no tuvieron ni asco para ejecutar a un subalterno de ellos mismos, porque se neg\u00f3 seguramente a hacer lo que ellos estaban haciendo, por eso que lo ejecutaron\u00bb.<\/p>\n<p>Brunilda dice que en este proceso han identificado s\u00f3lo a 12 personas de las 26 que son en total, entre las que se encuentran su hijo y su marido.<\/p>\n<p>Con l\u00e1grimas en los ojos Brunilda dice que esos d\u00edas fueron extremadamente dif\u00edciles, por eso critica el acto que se realiz\u00f3 hace unos d\u00edas en Providencia para homenajear a Miguel Krashnoff.<\/p>\n<p>\u00abEl acto que se hizo en Providencia, para uno de los masacradores m\u00e1s grandes que ha habido en este pa\u00eds, que era un polaco, yo me pregunto una cosa, como si \u00e9l estaba prisionero en una c\u00e1rcel de Colina 2 sali\u00f3 y le pusieron los servicios del Estado a su servicio para que lo cuidaran, para hacerle un acto honor\u00edfico, eso no tiene nombre\u00bb.<\/p>\n<p>Agrega que la gente no puede seguir soportando ese tipo de situaciones, que es necesario reaccionar y \u00abexigir nada m\u00e1s y nada menos que justicia y verdad\u00bb.<\/p>\n<p>En tanto el s\u00e1bado reci\u00e9n pasado se realizaban los funerales de Garrido Mu\u00f1oz. Sus restos fueron velados en la casa de su hermana, en El Array\u00e1n, para luego de realizar una misa que se efectuar\u00eda en Catemu a las 16 horas, y finalmente sus restos ser\u00edan trasladados hasta el cementerio de la comuna para quedar junto a su madre.<\/p>\n","protected":false},"excerpt":{"rendered":"<p>Finalmente el viernes reci\u00e9n pasado, Irma Garrido Mu\u00f1oz recibi\u00f3 los restos de su hermano Daniel Garrido Mu\u00f1oz. Tuvieron que pasar 38 a\u00f1os para que esta familia pudiera comenzar a cerrar una herida&#8230;<\/p>\n","protected":false},"author":482,"featured_media":11259,"comment_status":"open","ping_status":"open","sticky":false,"template":"","format":"standard","meta":{"advanced_seo_description":"","jetpack_seo_html_title":"","jetpack_seo_noindex":false,"_jetpack_memberships_contains_paid_content":false,"footnotes":""},"categories":[15],"tags":[],"class_list":["post-11258","post","type-post","status-publish","format-standard","has-post-thumbnail","hentry","category-comunidad"],"jetpack_featured_media_url":"https:\/\/i0.wp.com\/eltrabajo.cl\/portal\/wp-content\/uploads\/2011\/12\/cuerpo-fusilado-2.jpg?fit=600%2C450&ssl=1","jetpack_sharing_enabled":true,"jetpack_likes_enabled":true,"jetpack-related-posts":[],"_links":{"self":[{"href":"https:\/\/eltrabajo.cl\/portal\/wp-json\/wp\/v2\/posts\/11258","targetHints":{"allow":["GET"]}}],"collection":[{"href":"https:\/\/eltrabajo.cl\/portal\/wp-json\/wp\/v2\/posts"}],"about":[{"href":"https:\/\/eltrabajo.cl\/portal\/wp-json\/wp\/v2\/types\/post"}],"author":[{"embeddable":true,"href":"https:\/\/eltrabajo.cl\/portal\/wp-json\/wp\/v2\/users\/482"}],"replies":[{"embeddable":true,"href":"https:\/\/eltrabajo.cl\/portal\/wp-json\/wp\/v2\/comments?post=11258"}],"version-history":[{"count":0,"href":"https:\/\/eltrabajo.cl\/portal\/wp-json\/wp\/v2\/posts\/11258\/revisions"}],"wp:featuredmedia":[{"embeddable":true,"href":"https:\/\/eltrabajo.cl\/portal\/wp-json\/wp\/v2\/media\/11259"}],"wp:attachment":[{"href":"https:\/\/eltrabajo.cl\/portal\/wp-json\/wp\/v2\/media?parent=11258"}],"wp:term":[{"taxonomy":"category","embeddable":true,"href":"https:\/\/eltrabajo.cl\/portal\/wp-json\/wp\/v2\/categories?post=11258"},{"taxonomy":"post_tag","embeddable":true,"href":"https:\/\/eltrabajo.cl\/portal\/wp-json\/wp\/v2\/tags?post=11258"}],"curies":[{"name":"wp","href":"https:\/\/api.w.org\/{rel}","templated":true}]}}