{"id":112582,"date":"2022-01-21T07:30:32","date_gmt":"2022-01-21T10:30:32","guid":{"rendered":"https:\/\/eltrabajo.cl\/portal\/?p=112582"},"modified":"2022-01-20T22:21:30","modified_gmt":"2022-01-21T01:21:30","slug":"fin-de-semana-de-fiesta-en-el-balompie-amateur-de-san-felipe","status":"publish","type":"post","link":"https:\/\/eltrabajo.cl\/portal\/fin-de-semana-de-fiesta-en-el-balompie-amateur-de-san-felipe\/","title":{"rendered":"Fin de semana de fiesta en el balompi\u00e9 amateur de San Felipe"},"content":{"rendered":"<p style=\"text-align: justify;\">Cuarenta y ocho horas a todo f\u00fatbol vivir\u00e1 la \u2018Tres Veces Heroica Ciudad\u2019, cuando en su principal coliseo deportivo (estadio Municipal) se juegue este s\u00e1bado la gran final del torneo femenino rel\u00e1mpago. A ese acontecimiento no menor se sumar\u00e1 el inicio del torneo \u2018Selim Amar Pozo\u2019, evento que reunir\u00e1 a todos los clubes que forman parte de la Asociaci\u00f3n de F\u00fatbol Amateur de San Felipe.<\/p>\n<p style=\"text-align: justify;\">Lo del s\u00e1bado es muy interesante ya que aparte de ser el duelo entre Ulises Vera y Alianza, que definir\u00e1 al monarca del campeonato femenino, se realizar\u00e1 una ceremonia de premiaci\u00f3n y clausura.<\/p>\n<p style=\"text-align: justify;\">De no haber ning\u00fan contratiempo de \u00faltima hora, el domingo marcar\u00e1 oficialmente el fin del receso en el balompi\u00e9 aficionado sanfelipe\u00f1o. Durante la jornada dominical se jugar\u00e1 la primera fecha del \u2018Amor a la Camiseta\u2019, certamen que esta vez tiene como premio central, la clasificaci\u00f3n a la Copa de Campeones de hombres.<\/p>\n<p style=\"text-align: justify;\"><strong>Programaciones<\/strong><\/p>\n<p style=\"text-align: justify;\">Final Mujeres<\/p>\n<p style=\"text-align: justify;\">S\u00e1bado 15 enero<\/p>\n<p style=\"text-align: justify;\">20:00 horas: Alianza Curim\u00f3n \u2013 Ulises Vera<\/p>\n<p style=\"text-align: justify;\">Torneo Selim Amar Pozo<\/p>\n<p style=\"text-align: justify;\">Domingo 16 enero<\/p>\n<p style=\"text-align: justify;\">Juventud Antoniana \u2013 Uni\u00f3n Sargento Aldea<\/p>\n<p style=\"text-align: justify;\">Juventud La Troya \u2013 Uni\u00f3n Delicias<\/p>\n<p style=\"text-align: justify;\">Libertad \u2013 Ulises Vera<\/p>\n<p style=\"text-align: justify;\">Manuel Rodr\u00edguez \u2013 Mario Inostroza<\/p>\n<p style=\"text-align: justify;\">Alberto Pentzke \u2013 Arturo Prat<\/p>\n<p style=\"text-align: justify;\">Libre: Alianza de Curim\u00f3n<\/p>\n<figure id=\"attachment_112583\" aria-describedby=\"caption-attachment-112583\" style=\"width: 700px\" class=\"wp-caption alignnone\"><img data-recalc-dims=\"1\" loading=\"lazy\" decoding=\"async\" class=\"size-full wp-image-112583\" src=\"https:\/\/i0.wp.com\/eltrabajo.cl\/portal\/wp-content\/uploads\/2022\/01\/alianza-1.jpg?resize=640%2C437&#038;ssl=1\" alt=\"Alianza quiere ser el campe\u00f3n del torneo rel\u00e1mpago.\" width=\"640\" height=\"437\" srcset=\"https:\/\/i0.wp.com\/eltrabajo.cl\/portal\/wp-content\/uploads\/2022\/01\/alianza-1.jpg?w=700&amp;ssl=1 700w, https:\/\/i0.wp.com\/eltrabajo.cl\/portal\/wp-content\/uploads\/2022\/01\/alianza-1.jpg?resize=300%2C205&amp;ssl=1 300w, https:\/\/i0.wp.com\/eltrabajo.cl\/portal\/wp-content\/uploads\/2022\/01\/alianza-1.jpg?resize=200%2C137&amp;ssl=1 200w, https:\/\/i0.wp.com\/eltrabajo.cl\/portal\/wp-content\/uploads\/2022\/01\/alianza-1.jpg?resize=218%2C150&amp;ssl=1 218w, https:\/\/i0.wp.com\/eltrabajo.cl\/portal\/wp-content\/uploads\/2022\/01\/alianza-1.jpg?resize=696%2C475&amp;ssl=1 696w\" sizes=\"auto, (max-width: 640px) 100vw, 640px\" \/><figcaption id=\"caption-attachment-112583\" class=\"wp-caption-text\">Alianza quiere ser el campe\u00f3n del torneo rel\u00e1mpago.<\/figcaption><\/figure>\n","protected":false},"excerpt":{"rendered":"<p>Cuarenta y ocho horas a todo f\u00fatbol vivir\u00e1 la \u2018Tres Veces Heroica Ciudad\u2019, cuando en su principal coliseo deportivo (estadio Municipal) se juegue este s\u00e1bado la gran final del torneo femenino rel\u00e1mpago&#8230;.<\/p>\n","protected":false},"author":482,"featured_media":112583,"comment_status":"closed","ping_status":"open","sticky":false,"template":"","format":"standard","meta":{"advanced_seo_description":"","jetpack_seo_html_title":"","jetpack_seo_noindex":false,"_jetpack_memberships_contains_paid_content":false,"footnotes":""},"categories":[19],"tags":[],"class_list":["post-112582","post","type-post","status-publish","format-standard","has-post-thumbnail","hentry","category-deportes"],"jetpack_featured_media_url":"https:\/\/i0.wp.com\/eltrabajo.cl\/portal\/wp-content\/uploads\/2022\/01\/alianza-1.jpg?fit=700%2C478&ssl=1","jetpack_sharing_enabled":true,"jetpack_likes_enabled":true,"jetpack-related-posts":[],"_links":{"self":[{"href":"https:\/\/eltrabajo.cl\/portal\/wp-json\/wp\/v2\/posts\/112582","targetHints":{"allow":["GET"]}}],"collection":[{"href":"https:\/\/eltrabajo.cl\/portal\/wp-json\/wp\/v2\/posts"}],"about":[{"href":"https:\/\/eltrabajo.cl\/portal\/wp-json\/wp\/v2\/types\/post"}],"author":[{"embeddable":true,"href":"https:\/\/eltrabajo.cl\/portal\/wp-json\/wp\/v2\/users\/482"}],"replies":[{"embeddable":true,"href":"https:\/\/eltrabajo.cl\/portal\/wp-json\/wp\/v2\/comments?post=112582"}],"version-history":[{"count":0,"href":"https:\/\/eltrabajo.cl\/portal\/wp-json\/wp\/v2\/posts\/112582\/revisions"}],"wp:featuredmedia":[{"embeddable":true,"href":"https:\/\/eltrabajo.cl\/portal\/wp-json\/wp\/v2\/media\/112583"}],"wp:attachment":[{"href":"https:\/\/eltrabajo.cl\/portal\/wp-json\/wp\/v2\/media?parent=112582"}],"wp:term":[{"taxonomy":"category","embeddable":true,"href":"https:\/\/eltrabajo.cl\/portal\/wp-json\/wp\/v2\/categories?post=112582"},{"taxonomy":"post_tag","embeddable":true,"href":"https:\/\/eltrabajo.cl\/portal\/wp-json\/wp\/v2\/tags?post=112582"}],"curies":[{"name":"wp","href":"https:\/\/api.w.org\/{rel}","templated":true}]}}