{"id":112585,"date":"2022-01-21T07:35:40","date_gmt":"2022-01-21T10:35:40","guid":{"rendered":"https:\/\/eltrabajo.cl\/portal\/?p=112585"},"modified":"2022-01-20T22:22:51","modified_gmt":"2022-01-21T01:22:51","slug":"cita-imperdible-con-los-primos-grimalt-esta-tarde-en-putaendo","status":"publish","type":"post","link":"https:\/\/eltrabajo.cl\/portal\/cita-imperdible-con-los-primos-grimalt-esta-tarde-en-putaendo\/","title":{"rendered":"Cita imperdible con los primos Grimalt esta tarde en Putaendo"},"content":{"rendered":"<p style=\"text-align: justify;\">Desde ya hace un buen tiempo que Putaendo dicta pautas en lo cultural y deportivo en el valle de Aconcagua. Esta vez, la hist\u00f3rica comuna se vestir\u00e1 de gala al programar una actividad de nivel internacional, con la realizaci\u00f3n de dos Cl\u00ednicas Deportivas en la disciplina del Voleibol Playa, que tendr\u00e1n como puntos sobresalientes la participaci\u00f3n de los primos <strong>Marco<\/strong> y <strong>Esteban Grimalt<\/strong>, adem\u00e1s de la mejor dupla femenina nacional que componen <strong>Chris Vorpahl<\/strong> y <strong>Francisca Rivas<\/strong>.<\/p>\n<p style=\"text-align: justify;\">La cita con los actuales campeones Panamericanos y figuras mundiales del v\u00f3ley playa, ser\u00e1 esta tarde en la cancha de arena dispuesta en el Parque Puente Cimbra, mientras que la cl\u00ednica a cargo de las campeonas nacionales ser\u00e1 el s\u00e1bado en el mismo lugar y horario.<\/p>\n<p style=\"text-align: justify;\">Los organizadores del evento apelar\u00e1n a la responsabilidad ciudadana para evitar contagios de Covid\u201319 entre los asistentes. En el per\u00edmetro de la cancha las cosas ser\u00e1n distintas porque se aplicar\u00e1 un estricto protocolo sanitario.<\/p>\n<figure id=\"attachment_112586\" aria-describedby=\"caption-attachment-112586\" style=\"width: 699px\" class=\"wp-caption alignnone\"><img data-recalc-dims=\"1\" loading=\"lazy\" decoding=\"async\" class=\"size-full wp-image-112586\" src=\"https:\/\/i0.wp.com\/eltrabajo.cl\/portal\/wp-content\/uploads\/2022\/01\/primos-grimalt.jpg?resize=640%2C442&#038;ssl=1\" alt=\"Esta tarde los primos Grimalt har\u00e1n una Cl\u00ednica Deportiva en Putaendo.\" width=\"640\" height=\"442\" srcset=\"https:\/\/i0.wp.com\/eltrabajo.cl\/portal\/wp-content\/uploads\/2022\/01\/primos-grimalt.jpg?w=699&amp;ssl=1 699w, https:\/\/i0.wp.com\/eltrabajo.cl\/portal\/wp-content\/uploads\/2022\/01\/primos-grimalt.jpg?resize=300%2C207&amp;ssl=1 300w, https:\/\/i0.wp.com\/eltrabajo.cl\/portal\/wp-content\/uploads\/2022\/01\/primos-grimalt.jpg?resize=200%2C138&amp;ssl=1 200w, https:\/\/i0.wp.com\/eltrabajo.cl\/portal\/wp-content\/uploads\/2022\/01\/primos-grimalt.jpg?resize=218%2C150&amp;ssl=1 218w, https:\/\/i0.wp.com\/eltrabajo.cl\/portal\/wp-content\/uploads\/2022\/01\/primos-grimalt.jpg?resize=696%2C481&amp;ssl=1 696w\" sizes=\"auto, (max-width: 640px) 100vw, 640px\" \/><figcaption id=\"caption-attachment-112586\" class=\"wp-caption-text\">Esta tarde los primos Grimalt har\u00e1n una Cl\u00ednica Deportiva en Putaendo.<\/figcaption><\/figure>\n","protected":false},"excerpt":{"rendered":"<p>Desde ya hace un buen tiempo que Putaendo dicta pautas en lo cultural y deportivo en el valle de Aconcagua. Esta vez, la hist\u00f3rica comuna se vestir\u00e1 de gala al programar una&#8230;<\/p>\n","protected":false},"author":482,"featured_media":112586,"comment_status":"closed","ping_status":"open","sticky":false,"template":"","format":"standard","meta":{"advanced_seo_description":"","jetpack_seo_html_title":"","jetpack_seo_noindex":false,"_jetpack_memberships_contains_paid_content":false,"footnotes":""},"categories":[19],"tags":[],"class_list":["post-112585","post","type-post","status-publish","format-standard","has-post-thumbnail","hentry","category-deportes"],"jetpack_featured_media_url":"https:\/\/i0.wp.com\/eltrabajo.cl\/portal\/wp-content\/uploads\/2022\/01\/primos-grimalt.jpg?fit=699%2C483&ssl=1","jetpack_sharing_enabled":true,"jetpack_likes_enabled":true,"jetpack-related-posts":[],"_links":{"self":[{"href":"https:\/\/eltrabajo.cl\/portal\/wp-json\/wp\/v2\/posts\/112585","targetHints":{"allow":["GET"]}}],"collection":[{"href":"https:\/\/eltrabajo.cl\/portal\/wp-json\/wp\/v2\/posts"}],"about":[{"href":"https:\/\/eltrabajo.cl\/portal\/wp-json\/wp\/v2\/types\/post"}],"author":[{"embeddable":true,"href":"https:\/\/eltrabajo.cl\/portal\/wp-json\/wp\/v2\/users\/482"}],"replies":[{"embeddable":true,"href":"https:\/\/eltrabajo.cl\/portal\/wp-json\/wp\/v2\/comments?post=112585"}],"version-history":[{"count":0,"href":"https:\/\/eltrabajo.cl\/portal\/wp-json\/wp\/v2\/posts\/112585\/revisions"}],"wp:featuredmedia":[{"embeddable":true,"href":"https:\/\/eltrabajo.cl\/portal\/wp-json\/wp\/v2\/media\/112586"}],"wp:attachment":[{"href":"https:\/\/eltrabajo.cl\/portal\/wp-json\/wp\/v2\/media?parent=112585"}],"wp:term":[{"taxonomy":"category","embeddable":true,"href":"https:\/\/eltrabajo.cl\/portal\/wp-json\/wp\/v2\/categories?post=112585"},{"taxonomy":"post_tag","embeddable":true,"href":"https:\/\/eltrabajo.cl\/portal\/wp-json\/wp\/v2\/tags?post=112585"}],"curies":[{"name":"wp","href":"https:\/\/api.w.org\/{rel}","templated":true}]}}