{"id":112600,"date":"2022-01-21T07:55:40","date_gmt":"2022-01-21T10:55:40","guid":{"rendered":"https:\/\/eltrabajo.cl\/portal\/?p=112600"},"modified":"2022-01-20T22:54:04","modified_gmt":"2022-01-21T01:54:04","slug":"carabineros-detuvo-a-autor-de-incendio-que-dejo-25-damnificados-en-catemu","status":"publish","type":"post","link":"https:\/\/eltrabajo.cl\/portal\/carabineros-detuvo-a-autor-de-incendio-que-dejo-25-damnificados-en-catemu\/","title":{"rendered":"Carabineros detuvo a autor de incendio que dej\u00f3 25 damnificados en Catemu"},"content":{"rendered":"<p style=\"text-align: left;\"><span style=\"color: #ff0000;\"><strong>Tragedia destruy\u00f3 seis viviendas:<\/strong><\/span><\/p>\n<ul style=\"text-align: left;\">\n<li><strong>La colilla de un cigarrillo de fabricaci\u00f3n artesanal lanzada al pasto seco ser\u00eda el elemento que provoc\u00f3 las llamas.-<\/strong><\/li>\n<\/ul>\n<p style=\"text-align: justify;\">Una verdadera tragedia fue la que se vivi\u00f3 el pasado d\u00eda mi\u00e9rcoles en horas de la tarde en la comuna de Catemu, cuando pasadas las 17:00 horas se decret\u00f3 un incendio estructural en el cerro San Jos\u00e9.<\/p>\n<p style=\"text-align: justify;\">Bomberos de todo el valle del Aconcagua, m\u00e1s personal de Conaf, Carabineros y vecinos del mismo sector trabajaron durante horas para extinguir las llamas que dejaron seis casas destruidas y 25 personas damnificadas.<\/p>\n<p style=\"text-align: justify;\">En este sentido, y ya pasada la emergencia en s\u00ed, el acalde <strong>Rodrigo D\u00edaz<\/strong> se\u00f1al\u00f3 que <em>\u00aba\u00fan estamos golpeados por la tragedia, nosotros como municipio estamos coordinando la ayuda y nuestra prioridad n\u00famero uno son los 25 damnificados que dej\u00f3 el incendio producto de las 6 casas que destruy\u00f3 completamente\u00bb. <\/em><\/p>\n<p style=\"text-align: justify;\">El edil adem\u00e1s agreg\u00f3 que <em>\u00abafortunadamente nos lleg\u00f3 el apoyo de la brigada de Conaf y el tremendo despliegue de bomberos de todas las comunas, Carabineros y los vecinos que hicieron una tremenda labor. Fue muy dram\u00e1tico, pero es de esos momentos cuando aparecen los h\u00e9roes an\u00f3nimos\u00bb.<\/em><\/p>\n<p style=\"text-align: justify;\">Respecto de las familias que resultaron damnificadas, D\u00edaz precis\u00f3 que <em>\u00abayer <\/em>(mi\u00e9rcoles)<em> habilitamos el albergue municipal que es la escuela Mar\u00eda Teresa del Canto, pero la gente opt\u00f3 por quedarse en casas de familiares y amigos, as\u00ed que no fue necesario. Hoy estamos trabajando para ofrecer ayuda y cosas concretas, hay gente que no tiene para vestirse o comprar el pan porque lo perdieron todo.<\/em><\/p>\n<p style=\"text-align: justify;\">\u00ab<em>Hay que analizar la reconstrucci\u00f3n, nuestros centros son ellos y tenemos planificados los caminos para responder a las necesidades de cada uno en particular\u00bb,<\/em> a\u00f1adi\u00f3 el edil.<\/p>\n<p style=\"text-align: justify;\">\n<p style=\"text-align: justify;\"><span style=\"color: #ff0000;\">DETENIDO AUTOR<\/span><\/p>\n<p style=\"text-align: justify;\">Por su parte desde Carabineros confirmaron la detenci\u00f3n del autor confeso de haber iniciado el incendio, identificado como <strong>Y.M.M.R.<\/strong> En este \u00e1mbito el subteniente <strong>Boris Gonz\u00e1lez<\/strong>, subcomisario (s) de la Tenencia de Carabineros de Llay Llay, indic\u00f3 que <em>\u00ablamentamos la tragedia que ocurri\u00f3 en el cerro San Jos\u00e9 de Catemu. Tuvimos un r\u00e1pido actuar con personal de bomberos de las comunas de Catemu y Llay Llay. Logramos la detenci\u00f3n de un individuo de 22 a\u00f1os, el cual es sindicado por los mismos vecinos y testigos como el autor del hecho, el que habr\u00eda lanzado una colilla a unos pastizales generando el primer foco del incendio. Una vez en el ret\u00e9n, \u00e9l junto a su madre se\u00f1al\u00f3 haber iniciado el fuego producto de un cigarrillo mal apagado.<\/em><\/p>\n<p style=\"text-align: justify;\">\u00ab<em>Dentro de los factores que nos se\u00f1alaban personal de bomberos y Conaf, es que la persona se estaba fumando un cigarrillo de fabricaci\u00f3n artesanal, el cual lanza esta colilla y producto de la vegetaci\u00f3n seca y con el viento, se produce el incendio\u00bb,<\/em> finaliz\u00f3 el subteniente Gonz\u00e1lez.<\/p>\n<figure id=\"attachment_112601\" aria-describedby=\"caption-attachment-112601\" style=\"width: 699px\" class=\"wp-caption alignnone\"><img data-recalc-dims=\"1\" loading=\"lazy\" decoding=\"async\" class=\"size-full wp-image-112601\" src=\"https:\/\/i0.wp.com\/eltrabajo.cl\/portal\/wp-content\/uploads\/2022\/01\/incendio-catemu.jpg?resize=640%2C481&#038;ssl=1\" alt=\"Seis casas destruidas y 25 personas damnificadas dej\u00f3 incendio en el cerro San Jos\u00e9 de Catemu.\" width=\"640\" height=\"481\" srcset=\"https:\/\/i0.wp.com\/eltrabajo.cl\/portal\/wp-content\/uploads\/2022\/01\/incendio-catemu.jpg?w=699&amp;ssl=1 699w, https:\/\/i0.wp.com\/eltrabajo.cl\/portal\/wp-content\/uploads\/2022\/01\/incendio-catemu.jpg?resize=300%2C225&amp;ssl=1 300w, https:\/\/i0.wp.com\/eltrabajo.cl\/portal\/wp-content\/uploads\/2022\/01\/incendio-catemu.jpg?resize=200%2C150&amp;ssl=1 200w, https:\/\/i0.wp.com\/eltrabajo.cl\/portal\/wp-content\/uploads\/2022\/01\/incendio-catemu.jpg?resize=696%2C523&amp;ssl=1 696w\" sizes=\"auto, (max-width: 640px) 100vw, 640px\" \/><figcaption id=\"caption-attachment-112601\" class=\"wp-caption-text\">Seis casas destruidas y 25 personas damnificadas dej\u00f3 incendio en el cerro San Jos\u00e9 de Catemu.<\/figcaption><\/figure>\n","protected":false},"excerpt":{"rendered":"<p>Tragedia destruy\u00f3 seis viviendas: La colilla de un cigarrillo de fabricaci\u00f3n artesanal lanzada al pasto seco ser\u00eda el elemento que provoc\u00f3 las llamas.- Una verdadera tragedia fue la que se vivi\u00f3 el&#8230;<\/p>\n","protected":false},"author":482,"featured_media":112601,"comment_status":"closed","ping_status":"open","sticky":false,"template":"","format":"standard","meta":{"advanced_seo_description":"","jetpack_seo_html_title":"","jetpack_seo_noindex":false,"_jetpack_memberships_contains_paid_content":false,"footnotes":""},"categories":[21],"tags":[],"class_list":["post-112600","post","type-post","status-publish","format-standard","has-post-thumbnail","hentry","category-policial"],"jetpack_featured_media_url":"https:\/\/i0.wp.com\/eltrabajo.cl\/portal\/wp-content\/uploads\/2022\/01\/incendio-catemu.jpg?fit=699%2C525&ssl=1","jetpack_sharing_enabled":true,"jetpack_likes_enabled":true,"jetpack-related-posts":[],"_links":{"self":[{"href":"https:\/\/eltrabajo.cl\/portal\/wp-json\/wp\/v2\/posts\/112600","targetHints":{"allow":["GET"]}}],"collection":[{"href":"https:\/\/eltrabajo.cl\/portal\/wp-json\/wp\/v2\/posts"}],"about":[{"href":"https:\/\/eltrabajo.cl\/portal\/wp-json\/wp\/v2\/types\/post"}],"author":[{"embeddable":true,"href":"https:\/\/eltrabajo.cl\/portal\/wp-json\/wp\/v2\/users\/482"}],"replies":[{"embeddable":true,"href":"https:\/\/eltrabajo.cl\/portal\/wp-json\/wp\/v2\/comments?post=112600"}],"version-history":[{"count":0,"href":"https:\/\/eltrabajo.cl\/portal\/wp-json\/wp\/v2\/posts\/112600\/revisions"}],"wp:featuredmedia":[{"embeddable":true,"href":"https:\/\/eltrabajo.cl\/portal\/wp-json\/wp\/v2\/media\/112601"}],"wp:attachment":[{"href":"https:\/\/eltrabajo.cl\/portal\/wp-json\/wp\/v2\/media?parent=112600"}],"wp:term":[{"taxonomy":"category","embeddable":true,"href":"https:\/\/eltrabajo.cl\/portal\/wp-json\/wp\/v2\/categories?post=112600"},{"taxonomy":"post_tag","embeddable":true,"href":"https:\/\/eltrabajo.cl\/portal\/wp-json\/wp\/v2\/tags?post=112600"}],"curies":[{"name":"wp","href":"https:\/\/api.w.org\/{rel}","templated":true}]}}