{"id":112616,"date":"2022-01-24T07:50:13","date_gmt":"2022-01-24T10:50:13","guid":{"rendered":"https:\/\/eltrabajo.cl\/portal\/?p=112616"},"modified":"2022-01-23T23:08:09","modified_gmt":"2022-01-24T02:08:09","slug":"usando-tecnica-del-pinchazo-roban-mas-de-5-millones-a-contratista-agricola","status":"publish","type":"post","link":"https:\/\/eltrabajo.cl\/portal\/usando-tecnica-del-pinchazo-roban-mas-de-5-millones-a-contratista-agricola\/","title":{"rendered":"Usando t\u00e9cnica del \u2018Pinchazo\u2019 roban m\u00e1s de $5 millones a contratista agr\u00edcola"},"content":{"rendered":"<p style=\"text-align: justify;\">Carabineros de la Secci\u00f3n de Investigaci\u00f3n Policial (SIP) de San Felipe, detuvo\u00a0 a un sujeto acusado de haber efectuado un robo, junto a otros antisociales, bajo el m\u00e9todo del \u2018Pinchazo\u2019. El hecho ocurri\u00f3 este viernes pasado el medio d\u00eda, luego que la v\u00edctima, un contratista agr\u00edcola de Bucalemu, saliera del Banco Scotiabank, ubicado en calle Prat.<\/p>\n<p style=\"text-align: justify;\">Desde Carabineros se\u00f1alaron que ante informaci\u00f3n entregada por la Central de Comunicaciones Aconcagua, donde indicaban que en el sector c\u00e9ntrico de San Felipe, una testigo hab\u00eda visto a una persona que pinch\u00f3 un neum\u00e1tico a un furg\u00f3n, posteriormente hab\u00edan salido dos veh\u00edculos tras \u00e9l ya que llevaba gran cantidad de dinero, siendo uno de ellos un K\u00eda Cerato color gris placa Patente LC-KY 73.<\/p>\n<p style=\"text-align: justify;\">Con los antecedentes entregados por la testigo, personal de la secci\u00f3n SIP y de servicio en la poblaci\u00f3n de la Segunda Comisar\u00eda de San Felipe, comenzaron a realizar patrullajes por el sector para dar con el paradero tanto de la v\u00edctima como de los veh\u00edculos.<\/p>\n<p style=\"text-align: justify;\">En ese instante ingresa al nivel 133 una denuncia por robo de dinero en la intersecci\u00f3n de O\u00b4Higgins con Toromazote bajo la modalidad del \u2018Pinchazo\u2019.<\/p>\n<p style=\"text-align: justify;\">Debido a lo anterior se ampliaron los patrullajes, siendo avistado el veh\u00edculo por personal SIP en el sector de Tres Esquinas, procediendo a efectuar un seguimiento, dando alcance de \u00e9ste en Villa Los Casta\u00f1os.<\/p>\n<p style=\"text-align: justify;\">Se procedi\u00f3 a la detenci\u00f3n de su conductor, el cual m\u00e1s tarde es reconocido por la v\u00edctima. Como as\u00ed mismo en el interior del m\u00f3vil incautado, permanec\u00edan el banano color azul donde portaba el dinero m\u00e1s una bolsa con medicamentos que la v\u00edctima hab\u00eda comprado en la farmacia antes del robo; <em>\u00ablamentablemente en este hecho no se logr\u00f3 recuperar el dinero sustra\u00eddo a la v\u00edctima, sin embargo la persona qued\u00f3 detenida. Conforme a instrucciones del fiscal de turno, quien dispuso que el imputado pasara a control de detenci\u00f3n por el delito de receptaci\u00f3n y el veh\u00edculo fuera incautado enviado a los corrales municipales,<\/em> dijo el mayor <strong>Christian Ram\u00edrez Gald\u00e1mez<\/strong>.<\/p>\n<p style=\"text-align: justify;\">De todas maneras el oficial destac\u00f3 el profesionalismo, <em>\u00abla efectividad del personal de Carabineros en su actuar, puesto que a pesar que no se pudo recuperar el dinero sustra\u00eddo, s\u00ed se pudo detener una persona y ponerla a disposici\u00f3n de los tribunales correspondientes\u00bb,<\/em> dice el mayor Ram\u00edrez Gald\u00e1mez.<\/p>\n<p style=\"text-align: justify;\">El dinero sustra\u00eddo, seg\u00fan informaci\u00f3n recabada por este medio, estar\u00eda destinado al pago de temporeros.<\/p>\n<p style=\"text-align: justify;\">El imputado fue identificado con las iniciales <strong>R.A.U.R.<\/strong>, de 42 a\u00f1os, domiciliado en la comuna de Santiago, quien qued\u00f3 en libertad formalizado por receptaci\u00f3n, con arraigo nacional.<\/p>\n<figure id=\"attachment_112618\" aria-describedby=\"caption-attachment-112618\" style=\"width: 698px\" class=\"wp-caption alignnone\"><img data-recalc-dims=\"1\" loading=\"lazy\" decoding=\"async\" class=\"size-full wp-image-112618\" src=\"https:\/\/i0.wp.com\/eltrabajo.cl\/portal\/wp-content\/uploads\/2022\/01\/Pinchazo-Imputado.jpg?resize=640%2C425&#038;ssl=1\" alt=\"El imputado saliendo del cuartel de Carabineros.\" width=\"640\" height=\"425\" srcset=\"https:\/\/i0.wp.com\/eltrabajo.cl\/portal\/wp-content\/uploads\/2022\/01\/Pinchazo-Imputado.jpg?w=698&amp;ssl=1 698w, https:\/\/i0.wp.com\/eltrabajo.cl\/portal\/wp-content\/uploads\/2022\/01\/Pinchazo-Imputado.jpg?resize=300%2C199&amp;ssl=1 300w, https:\/\/i0.wp.com\/eltrabajo.cl\/portal\/wp-content\/uploads\/2022\/01\/Pinchazo-Imputado.jpg?resize=200%2C133&amp;ssl=1 200w, https:\/\/i0.wp.com\/eltrabajo.cl\/portal\/wp-content\/uploads\/2022\/01\/Pinchazo-Imputado.jpg?resize=696%2C463&amp;ssl=1 696w\" sizes=\"auto, (max-width: 640px) 100vw, 640px\" \/><figcaption id=\"caption-attachment-112618\" class=\"wp-caption-text\">El imputado saliendo del cuartel de Carabineros.<\/figcaption><\/figure>\n<figure id=\"attachment_112617\" aria-describedby=\"caption-attachment-112617\" style=\"width: 700px\" class=\"wp-caption alignnone\"><img data-recalc-dims=\"1\" loading=\"lazy\" decoding=\"async\" class=\"size-full wp-image-112617\" src=\"https:\/\/i0.wp.com\/eltrabajo.cl\/portal\/wp-content\/uploads\/2022\/01\/Pinchazo-Detencion.jpg?resize=640%2C423&#038;ssl=1\" alt=\"Ac\u00e1 personal de Carabineros en Villa Los Casta\u00f1os, durante la detenci\u00f3n.\" width=\"640\" height=\"423\" srcset=\"https:\/\/i0.wp.com\/eltrabajo.cl\/portal\/wp-content\/uploads\/2022\/01\/Pinchazo-Detencion.jpg?w=700&amp;ssl=1 700w, https:\/\/i0.wp.com\/eltrabajo.cl\/portal\/wp-content\/uploads\/2022\/01\/Pinchazo-Detencion.jpg?resize=300%2C198&amp;ssl=1 300w, https:\/\/i0.wp.com\/eltrabajo.cl\/portal\/wp-content\/uploads\/2022\/01\/Pinchazo-Detencion.jpg?resize=200%2C132&amp;ssl=1 200w, https:\/\/i0.wp.com\/eltrabajo.cl\/portal\/wp-content\/uploads\/2022\/01\/Pinchazo-Detencion.jpg?resize=696%2C460&amp;ssl=1 696w\" sizes=\"auto, (max-width: 640px) 100vw, 640px\" \/><figcaption id=\"caption-attachment-112617\" class=\"wp-caption-text\">Ac\u00e1 personal de Carabineros en Villa Los Casta\u00f1os, durante la detenci\u00f3n.<\/figcaption><\/figure>\n","protected":false},"excerpt":{"rendered":"<p>Carabineros de la Secci\u00f3n de Investigaci\u00f3n Policial (SIP) de San Felipe, detuvo\u00a0 a un sujeto acusado de haber efectuado un robo, junto a otros antisociales, bajo el m\u00e9todo del \u2018Pinchazo\u2019. El hecho&#8230;<\/p>\n","protected":false},"author":482,"featured_media":112617,"comment_status":"closed","ping_status":"open","sticky":false,"template":"","format":"standard","meta":{"advanced_seo_description":"","jetpack_seo_html_title":"","jetpack_seo_noindex":false,"_jetpack_memberships_contains_paid_content":false,"footnotes":""},"categories":[21],"tags":[],"class_list":["post-112616","post","type-post","status-publish","format-standard","has-post-thumbnail","hentry","category-policial"],"jetpack_featured_media_url":"https:\/\/i0.wp.com\/eltrabajo.cl\/portal\/wp-content\/uploads\/2022\/01\/Pinchazo-Detencion.jpg?fit=700%2C463&ssl=1","jetpack_sharing_enabled":true,"jetpack_likes_enabled":true,"jetpack-related-posts":[],"_links":{"self":[{"href":"https:\/\/eltrabajo.cl\/portal\/wp-json\/wp\/v2\/posts\/112616","targetHints":{"allow":["GET"]}}],"collection":[{"href":"https:\/\/eltrabajo.cl\/portal\/wp-json\/wp\/v2\/posts"}],"about":[{"href":"https:\/\/eltrabajo.cl\/portal\/wp-json\/wp\/v2\/types\/post"}],"author":[{"embeddable":true,"href":"https:\/\/eltrabajo.cl\/portal\/wp-json\/wp\/v2\/users\/482"}],"replies":[{"embeddable":true,"href":"https:\/\/eltrabajo.cl\/portal\/wp-json\/wp\/v2\/comments?post=112616"}],"version-history":[{"count":0,"href":"https:\/\/eltrabajo.cl\/portal\/wp-json\/wp\/v2\/posts\/112616\/revisions"}],"wp:featuredmedia":[{"embeddable":true,"href":"https:\/\/eltrabajo.cl\/portal\/wp-json\/wp\/v2\/media\/112617"}],"wp:attachment":[{"href":"https:\/\/eltrabajo.cl\/portal\/wp-json\/wp\/v2\/media?parent=112616"}],"wp:term":[{"taxonomy":"category","embeddable":true,"href":"https:\/\/eltrabajo.cl\/portal\/wp-json\/wp\/v2\/categories?post=112616"},{"taxonomy":"post_tag","embeddable":true,"href":"https:\/\/eltrabajo.cl\/portal\/wp-json\/wp\/v2\/tags?post=112616"}],"curies":[{"name":"wp","href":"https:\/\/api.w.org\/{rel}","templated":true}]}}