{"id":112620,"date":"2022-01-24T07:55:29","date_gmt":"2022-01-24T10:55:29","guid":{"rendered":"https:\/\/eltrabajo.cl\/portal\/?p=112620"},"modified":"2022-01-23T23:10:23","modified_gmt":"2022-01-24T02:10:23","slug":"tres-casas-afectadas-dejo-incendio-intencional-en-calle-dardignac","status":"publish","type":"post","link":"https:\/\/eltrabajo.cl\/portal\/tres-casas-afectadas-dejo-incendio-intencional-en-calle-dardignac\/","title":{"rendered":"Tres casas afectadas dej\u00f3 incendio intencional en calle Dardignac"},"content":{"rendered":"<ul style=\"text-align: justify;\">\n<li style=\"text-align: left;\"><strong>Seg\u00fan indicaron testigos del hecho, un grupo de al menos cuatro individuos lanzaron elementos al interior de una vivienda sin habitantes, lo que provoc\u00f3 el incendio.-<\/strong><\/li>\n<\/ul>\n<p style=\"text-align: justify;\">Cerca de la media noche del pasado d\u00eda s\u00e1bado, la tranquilidad de los vecinos y vecinas de calle Dardignac al llegar a Las Heras, se vio abruptamente interrumpida debido a un incendio estructural en una vivienda abandonada o sin habitantes.<\/p>\n<p style=\"text-align: justify;\">Seg\u00fan indicaron testigos del hecho, un grupo de al menos cuatro individuos lanzaron elementos al interior de la vivienda, los que provocaron el fuego que r\u00e1pidamente se propag\u00f3 por esta misma, afectando adem\u00e1s a otras dos casas. Los sujetos luego huyeron por calle Dardignac al norte, incluso uno de ellos en una \u2018bicimoto\u2019.<\/p>\n<p style=\"text-align: justify;\">R\u00e1pidamente se dio la alerta de incendio y personal de Bomberos de nuestra ciudad lleg\u00f3 hasta el sitio de la emergencia, comenzando un trabajo que se prolong\u00f3 por m\u00e1s de dos horas para poder controlar y extinguir el fuego que avanz\u00f3 muy velozmente, sobre todo por los entre trechos de las viviendas.<\/p>\n<p style=\"text-align: justify;\">En este sentido el comandante del Cuerpo de Bomberos de nuestra ciudad, <strong>Juan Carlos Herrera Lillo<\/strong>, se\u00f1al\u00f3 que <em>\u00abveinte para las doce la noche se registra un incendio estructural en el sector de calle Dardignac al llegar con calle Las Heras, en una casa que estaba abandonada. El incendio comienza a propagarse a otras dos viviendas por el entre techo. Se despacharon al lugar cinco compa\u00f1\u00edas para poder trabajar por m\u00e1s de dos horas porque el fuego estaba concentrado en todo lo que es la parte techumbre\u00bb.<\/em><\/p>\n<p style=\"text-align: justify;\">El comandante Herrera adem\u00e1s detall\u00f3 que lo complicado del combate de este incendio se debi\u00f3 a que <em>\u00abson casas antiguas que no tienen corta fuego, en la parte de la estructura tiene barro y ca\u00f1a y por ende se hace mucho m\u00e1s dif\u00edcil; la verdad es que se pudo controlar pasadas las dos de la ma\u00f1ana. El origen y la causa del fuego a\u00fan es materia de investigaci\u00f3n\u00bb. <\/em><\/p>\n<p style=\"text-align: justify;\">Respecto de la intencionalidad del incendio basado en lo que relataban los testigos, Herrera precis\u00f3 que <em>\u00abes muy probable porque la casa creo que no ten\u00eda sistema el\u00e9ctrico, y la verdad es que seg\u00fan antecedentes que nosotros tenemos, es que hace algunos d\u00edas atr\u00e1s hab\u00edan ingresado a esa vivienda, y una vecina nos se\u00f1alaba que hace unos d\u00edas estaban sufriendo unos da\u00f1os y ella tambi\u00e9n sufri\u00f3 roturas de puerta y robos en su casa\u00bb.<\/em><\/p>\n<p style=\"text-align: justify;\">Finalmente, y respecto de las otras viviendas afectadas que s\u00ed ten\u00edan personas en su interior, el comandante Herrera sostuvo que <em>\u00aben las otras dos casas hab\u00eda gente, en una de ellas hab\u00eda una persona durmiendo. Tuvimos que evacuarlas afortunadamente sin problemas, pero lamentablemente la estructura tiene da\u00f1os considerables sobre todo en la techumbre y los cielos de las viviendas\u00bb. <\/em><\/p>\n<figure id=\"attachment_112622\" aria-describedby=\"caption-attachment-112622\" style=\"width: 699px\" class=\"wp-caption alignnone\"><img data-recalc-dims=\"1\" loading=\"lazy\" decoding=\"async\" class=\"size-full wp-image-112622\" src=\"https:\/\/i0.wp.com\/eltrabajo.cl\/portal\/wp-content\/uploads\/2022\/01\/Fuego-4.jpg?resize=640%2C481&#038;ssl=1\" alt=\"As\u00ed se ve\u00eda la casa al momento de mayor intensidad del fuego. \" width=\"640\" height=\"481\" srcset=\"https:\/\/i0.wp.com\/eltrabajo.cl\/portal\/wp-content\/uploads\/2022\/01\/Fuego-4.jpg?w=699&amp;ssl=1 699w, https:\/\/i0.wp.com\/eltrabajo.cl\/portal\/wp-content\/uploads\/2022\/01\/Fuego-4.jpg?resize=300%2C225&amp;ssl=1 300w, https:\/\/i0.wp.com\/eltrabajo.cl\/portal\/wp-content\/uploads\/2022\/01\/Fuego-4.jpg?resize=200%2C150&amp;ssl=1 200w, https:\/\/i0.wp.com\/eltrabajo.cl\/portal\/wp-content\/uploads\/2022\/01\/Fuego-4.jpg?resize=696%2C523&amp;ssl=1 696w\" sizes=\"auto, (max-width: 640px) 100vw, 640px\" \/><figcaption id=\"caption-attachment-112622\" class=\"wp-caption-text\">As\u00ed se ve\u00eda la casa al momento de mayor intensidad del fuego.<\/figcaption><\/figure>\n<figure id=\"attachment_112621\" aria-describedby=\"caption-attachment-112621\" style=\"width: 700px\" class=\"wp-caption alignnone\"><img data-recalc-dims=\"1\" loading=\"lazy\" decoding=\"async\" class=\"size-full wp-image-112621\" src=\"https:\/\/i0.wp.com\/eltrabajo.cl\/portal\/wp-content\/uploads\/2022\/01\/Fuego-3.jpg?resize=640%2C561&#038;ssl=1\" alt=\"Una inmensa columna de humo eman\u00f3 desde la vivienda incendiada. \" width=\"640\" height=\"561\" srcset=\"https:\/\/i0.wp.com\/eltrabajo.cl\/portal\/wp-content\/uploads\/2022\/01\/Fuego-3.jpg?w=700&amp;ssl=1 700w, https:\/\/i0.wp.com\/eltrabajo.cl\/portal\/wp-content\/uploads\/2022\/01\/Fuego-3.jpg?resize=300%2C263&amp;ssl=1 300w, https:\/\/i0.wp.com\/eltrabajo.cl\/portal\/wp-content\/uploads\/2022\/01\/Fuego-3.jpg?resize=171%2C150&amp;ssl=1 171w, https:\/\/i0.wp.com\/eltrabajo.cl\/portal\/wp-content\/uploads\/2022\/01\/Fuego-3.jpg?resize=696%2C610&amp;ssl=1 696w\" sizes=\"auto, (max-width: 640px) 100vw, 640px\" \/><figcaption id=\"caption-attachment-112621\" class=\"wp-caption-text\">Una inmensa columna de humo eman\u00f3 desde la vivienda incendiada.<\/figcaption><\/figure>\n","protected":false},"excerpt":{"rendered":"<p>Seg\u00fan indicaron testigos del hecho, un grupo de al menos cuatro individuos lanzaron elementos al interior de una vivienda sin habitantes, lo que provoc\u00f3 el incendio.- Cerca de la media noche del&#8230;<\/p>\n","protected":false},"author":482,"featured_media":112622,"comment_status":"closed","ping_status":"open","sticky":false,"template":"","format":"standard","meta":{"advanced_seo_description":"","jetpack_seo_html_title":"","jetpack_seo_noindex":false,"_jetpack_memberships_contains_paid_content":false,"footnotes":""},"categories":[21],"tags":[],"class_list":["post-112620","post","type-post","status-publish","format-standard","has-post-thumbnail","hentry","category-policial"],"jetpack_featured_media_url":"https:\/\/i0.wp.com\/eltrabajo.cl\/portal\/wp-content\/uploads\/2022\/01\/Fuego-4.jpg?fit=699%2C525&ssl=1","jetpack_sharing_enabled":true,"jetpack_likes_enabled":true,"jetpack-related-posts":[],"_links":{"self":[{"href":"https:\/\/eltrabajo.cl\/portal\/wp-json\/wp\/v2\/posts\/112620","targetHints":{"allow":["GET"]}}],"collection":[{"href":"https:\/\/eltrabajo.cl\/portal\/wp-json\/wp\/v2\/posts"}],"about":[{"href":"https:\/\/eltrabajo.cl\/portal\/wp-json\/wp\/v2\/types\/post"}],"author":[{"embeddable":true,"href":"https:\/\/eltrabajo.cl\/portal\/wp-json\/wp\/v2\/users\/482"}],"replies":[{"embeddable":true,"href":"https:\/\/eltrabajo.cl\/portal\/wp-json\/wp\/v2\/comments?post=112620"}],"version-history":[{"count":0,"href":"https:\/\/eltrabajo.cl\/portal\/wp-json\/wp\/v2\/posts\/112620\/revisions"}],"wp:featuredmedia":[{"embeddable":true,"href":"https:\/\/eltrabajo.cl\/portal\/wp-json\/wp\/v2\/media\/112622"}],"wp:attachment":[{"href":"https:\/\/eltrabajo.cl\/portal\/wp-json\/wp\/v2\/media?parent=112620"}],"wp:term":[{"taxonomy":"category","embeddable":true,"href":"https:\/\/eltrabajo.cl\/portal\/wp-json\/wp\/v2\/categories?post=112620"},{"taxonomy":"post_tag","embeddable":true,"href":"https:\/\/eltrabajo.cl\/portal\/wp-json\/wp\/v2\/tags?post=112620"}],"curies":[{"name":"wp","href":"https:\/\/api.w.org\/{rel}","templated":true}]}}