{"id":112624,"date":"2022-01-24T08:00:41","date_gmt":"2022-01-24T11:00:41","guid":{"rendered":"https:\/\/eltrabajo.cl\/portal\/?p=112624"},"modified":"2022-01-23T23:12:42","modified_gmt":"2022-01-24T02:12:42","slug":"conductora-embarazada-casi-dio-a-luz-tras-ser-chocada-por-un-costado","status":"publish","type":"post","link":"https:\/\/eltrabajo.cl\/portal\/conductora-embarazada-casi-dio-a-luz-tras-ser-chocada-por-un-costado\/","title":{"rendered":"Conductora embarazada casi dio a luz tras ser chocada por un costado"},"content":{"rendered":"<p style=\"text-align: left;\"><span style=\"color: #ff0000;\"><strong>Inusual accidente ocurri\u00f3 frente a la Plaza de Armas:<\/strong><\/span><\/p>\n<p style=\"text-align: justify;\">Lo que se esperar\u00eda que fuera una simple colisi\u00f3n lateral entre dos veh\u00edculos menores en calle Merced, frente al cuartel general del Cuerpo de Bomberos de San Felipe, se convirti\u00f3 en una cr\u00edtica situaci\u00f3n que llev\u00f3 a una conductora\u00a0 embarazada (la que fue colisionada lateralmente) a entrar en complicaciones de Parto, ya que tras el choque y como ella conduc\u00eda, el beb\u00e9 en su vientre impact\u00f3 con el volante, comenzando la mujer a sentir las contracciones en el mismo lugar.<\/p>\n<p style=\"text-align: justify;\">El accidente se registr\u00f3 la tarde de este s\u00e1bado y al lugar del percance acudi\u00f3 la unidad R-3 de Bomberos, Carabineros y una ambulancia del SAMU. Durante varios minutos los param\u00e9dicos tanto de Bomberos como del SAMU, se encargaron de estabilizar a la mujer lesionada, pues el peligro que su fuente se reventara era la constante, lo que al final del d\u00eda no ocurri\u00f3. La conductora fue trasladada a Maternidad del Hospital San Camilo.<\/p>\n<p style=\"text-align: justify;\">Seg\u00fan una versi\u00f3n de testigos que a\u00fan no ha sido confirmada por Carabineros, el veh\u00edculo chocado transitaba por Merced, y fue colisionado de costado por otro auto que estaba estacionado en la Plaza e intentaba salir.<\/p>\n<p style=\"text-align: justify;\"><strong>Roberto Gonz\u00e1lez Short<\/strong><\/p>\n<figure id=\"attachment_112625\" aria-describedby=\"caption-attachment-112625\" style=\"width: 699px\" class=\"wp-caption alignnone\"><img data-recalc-dims=\"1\" loading=\"lazy\" decoding=\"async\" class=\"size-full wp-image-112625\" src=\"https:\/\/i0.wp.com\/eltrabajo.cl\/portal\/wp-content\/uploads\/2022\/01\/Embarazada1.jpg?resize=640%2C434&#038;ssl=1\" alt=\"EN EL LUGAR.- Los param\u00e9dicos de Bomberos crearon una limitada zona de intimidad para poder estabilizar a la conductora embarazada.\" width=\"640\" height=\"434\" srcset=\"https:\/\/i0.wp.com\/eltrabajo.cl\/portal\/wp-content\/uploads\/2022\/01\/Embarazada1.jpg?w=699&amp;ssl=1 699w, https:\/\/i0.wp.com\/eltrabajo.cl\/portal\/wp-content\/uploads\/2022\/01\/Embarazada1.jpg?resize=300%2C203&amp;ssl=1 300w, https:\/\/i0.wp.com\/eltrabajo.cl\/portal\/wp-content\/uploads\/2022\/01\/Embarazada1.jpg?resize=200%2C136&amp;ssl=1 200w, https:\/\/i0.wp.com\/eltrabajo.cl\/portal\/wp-content\/uploads\/2022\/01\/Embarazada1.jpg?resize=696%2C472&amp;ssl=1 696w\" sizes=\"auto, (max-width: 640px) 100vw, 640px\" \/><figcaption id=\"caption-attachment-112625\" class=\"wp-caption-text\">EN EL LUGAR.- Los param\u00e9dicos de Bomberos crearon una limitada zona de intimidad para poder estabilizar a la conductora embarazada.<\/figcaption><\/figure>\n<figure id=\"attachment_112626\" aria-describedby=\"caption-attachment-112626\" style=\"width: 698px\" class=\"wp-caption alignnone\"><img data-recalc-dims=\"1\" loading=\"lazy\" decoding=\"async\" class=\"size-full wp-image-112626\" src=\"https:\/\/i0.wp.com\/eltrabajo.cl\/portal\/wp-content\/uploads\/2022\/01\/Embarazada3.jpg?resize=640%2C425&#038;ssl=1\" alt=\"SIEMPRE BOMBEROS.- Mientras llegaba la ambulancia al lugar del accidente los param\u00e9dicos de la unidad R-3 de Bomberos se encargaron de la situaci\u00f3n.\" width=\"640\" height=\"425\" srcset=\"https:\/\/i0.wp.com\/eltrabajo.cl\/portal\/wp-content\/uploads\/2022\/01\/Embarazada3.jpg?w=698&amp;ssl=1 698w, https:\/\/i0.wp.com\/eltrabajo.cl\/portal\/wp-content\/uploads\/2022\/01\/Embarazada3.jpg?resize=300%2C199&amp;ssl=1 300w, https:\/\/i0.wp.com\/eltrabajo.cl\/portal\/wp-content\/uploads\/2022\/01\/Embarazada3.jpg?resize=200%2C133&amp;ssl=1 200w, https:\/\/i0.wp.com\/eltrabajo.cl\/portal\/wp-content\/uploads\/2022\/01\/Embarazada3.jpg?resize=696%2C462&amp;ssl=1 696w\" sizes=\"auto, (max-width: 640px) 100vw, 640px\" \/><figcaption id=\"caption-attachment-112626\" class=\"wp-caption-text\">SIEMPRE BOMBEROS.- Mientras llegaba la ambulancia al lugar del accidente los param\u00e9dicos de la unidad R-3 de Bomberos se encargaron de la situaci\u00f3n.<\/figcaption><\/figure>\n","protected":false},"excerpt":{"rendered":"<p>Inusual accidente ocurri\u00f3 frente a la Plaza de Armas: Lo que se esperar\u00eda que fuera una simple colisi\u00f3n lateral entre dos veh\u00edculos menores en calle Merced, frente al cuartel general del Cuerpo&#8230;<\/p>\n","protected":false},"author":482,"featured_media":112625,"comment_status":"closed","ping_status":"open","sticky":false,"template":"","format":"standard","meta":{"advanced_seo_description":"","jetpack_seo_html_title":"","jetpack_seo_noindex":false,"_jetpack_memberships_contains_paid_content":false,"footnotes":""},"categories":[21],"tags":[],"class_list":["post-112624","post","type-post","status-publish","format-standard","has-post-thumbnail","hentry","category-policial"],"jetpack_featured_media_url":"https:\/\/i0.wp.com\/eltrabajo.cl\/portal\/wp-content\/uploads\/2022\/01\/Embarazada1.jpg?fit=699%2C474&ssl=1","jetpack_sharing_enabled":true,"jetpack_likes_enabled":true,"jetpack-related-posts":[],"_links":{"self":[{"href":"https:\/\/eltrabajo.cl\/portal\/wp-json\/wp\/v2\/posts\/112624","targetHints":{"allow":["GET"]}}],"collection":[{"href":"https:\/\/eltrabajo.cl\/portal\/wp-json\/wp\/v2\/posts"}],"about":[{"href":"https:\/\/eltrabajo.cl\/portal\/wp-json\/wp\/v2\/types\/post"}],"author":[{"embeddable":true,"href":"https:\/\/eltrabajo.cl\/portal\/wp-json\/wp\/v2\/users\/482"}],"replies":[{"embeddable":true,"href":"https:\/\/eltrabajo.cl\/portal\/wp-json\/wp\/v2\/comments?post=112624"}],"version-history":[{"count":0,"href":"https:\/\/eltrabajo.cl\/portal\/wp-json\/wp\/v2\/posts\/112624\/revisions"}],"wp:featuredmedia":[{"embeddable":true,"href":"https:\/\/eltrabajo.cl\/portal\/wp-json\/wp\/v2\/media\/112625"}],"wp:attachment":[{"href":"https:\/\/eltrabajo.cl\/portal\/wp-json\/wp\/v2\/media?parent=112624"}],"wp:term":[{"taxonomy":"category","embeddable":true,"href":"https:\/\/eltrabajo.cl\/portal\/wp-json\/wp\/v2\/categories?post=112624"},{"taxonomy":"post_tag","embeddable":true,"href":"https:\/\/eltrabajo.cl\/portal\/wp-json\/wp\/v2\/tags?post=112624"}],"curies":[{"name":"wp","href":"https:\/\/api.w.org\/{rel}","templated":true}]}}