{"id":112640,"date":"2022-01-25T07:50:43","date_gmt":"2022-01-25T10:50:43","guid":{"rendered":"https:\/\/eltrabajo.cl\/portal\/?p=112640"},"modified":"2022-01-24T23:30:26","modified_gmt":"2022-01-25T02:30:26","slug":"cinco-armas-de-fuego-decomiso-el-os7-en-la-poblacion-pedro-aguirre-cerda","status":"publish","type":"post","link":"https:\/\/eltrabajo.cl\/portal\/cinco-armas-de-fuego-decomiso-el-os7-en-la-poblacion-pedro-aguirre-cerda\/","title":{"rendered":"Cinco armas de fuego decomis\u00f3 el OS7 en la poblaci\u00f3n Pedro Aguirre Cerda"},"content":{"rendered":"<ul style=\"text-align: justify;\">\n<li style=\"text-align: left;\"><strong>Operativo adem\u00e1s logr\u00f3 sacar de circulaci\u00f3n diferentes tipos de drogas.-<\/strong><\/li>\n<\/ul>\n<p style=\"text-align: justify;\">Un importante operativo llev\u00f3 a cabo personal de la secci\u00f3n OS7 de Carabineros de Aconcagua en la poblaci\u00f3n Pedro Aguirre Cerda de nuestra ciudad de San Felipe. Equipos de esta unidad policial lograron incautar cinco armas de fuego adem\u00e1s de marihuana y pasta base de coca\u00edna.<\/p>\n<p style=\"text-align: justify;\">Fue el teniente coronel y prefecto (s) de Carabineros de Aconcagua, <strong>Claudio Saavedra<\/strong>, quien al referirse al caso manifest\u00f3: <em>\u00abQueremos dar a conocer esta investigaci\u00f3n realizada por el OS7 de Aconcagua en coordinaci\u00f3n con el Ministerio P\u00fablico. Por informaci\u00f3n recopilada a trav\u00e9s de los m\u00e9todos de inteligencia antidroga, se pudo establecer que una persona comercializaba esta droga, la cual fue fiscalizada en el sector de la cancha de tenis en primera instancia, y seguido a ello se realiza una diligencia de registro de inmueble en la poblaci\u00f3n Corvi (Pedro Aguirre Cerda), donde se incautaron cinco armas de fuegos artesanales, donde dos eran artesanales y otras tres de fantas\u00eda, pero todas ellas adaptadas para el disparo\u00bb.<\/em><\/p>\n<p style=\"text-align: justify;\">Saavedra adem\u00e1s detall\u00f3 que a ra\u00edz de este operativo se logr\u00f3 <em>\u00abla incautaci\u00f3n de 200 gramos de marihuana y pasta base de coca\u00edna que ten\u00eda en el momento.<\/em><\/p>\n<p style=\"text-align: justify;\">\u00ab<em>Lo relevante de esto es sin duda sacar de circulaci\u00f3n a personas que se dedican al comercio il\u00edcito de este tipo de sustancias, y la incautaci\u00f3n de armas de fuego que generan bastante impacto en la comunidad\u00bb,<\/em> agreg\u00f3.<\/p>\n<p style=\"text-align: justify;\">Trabajo de la secci\u00f3n de OS7 de Carabineros que permiti\u00f3 sacar de circulaci\u00f3n una cantidad importante de armamento que estaba en poder de una persona. En este \u00e1mbito el prefecto (s) indic\u00f3 que <em>\u00abCarabineros est\u00e1 haciendo un trabajo de inteligencia bastante focalizado, estamos poniendo a disposici\u00f3n todos nuestros recursos y medios para tener diligencias exitosas, m\u00e1s que la cantidad de droga que est\u00e1 siendo distribuida, tenemos una cantidad importante de armas de fuego que estamos sacando de circulaci\u00f3n\u00bb.<\/em><\/p>\n<p style=\"text-align: justify;\">El detenido, que pasar\u00e1 a control de detenci\u00f3n, es de San Felipe y tiene antecedentes penales por hurto y maltrato de obra a carabineros de servicio.<\/p>\n<figure id=\"attachment_112641\" aria-describedby=\"caption-attachment-112641\" style=\"width: 699px\" class=\"wp-caption alignnone\"><img data-recalc-dims=\"1\" loading=\"lazy\" decoding=\"async\" class=\"size-full wp-image-112641\" src=\"https:\/\/i0.wp.com\/eltrabajo.cl\/portal\/wp-content\/uploads\/2022\/01\/armas.jpg?resize=640%2C481&#038;ssl=1\" alt=\"Cinco armas de fuego m\u00e1s marihuana y pasta base de coca\u00edna decomis\u00f3 el OS7 de Carabineros a un hombre en la poblaci\u00f3n Pedro Aguirre Cerda.\" width=\"640\" height=\"481\" srcset=\"https:\/\/i0.wp.com\/eltrabajo.cl\/portal\/wp-content\/uploads\/2022\/01\/armas.jpg?w=699&amp;ssl=1 699w, https:\/\/i0.wp.com\/eltrabajo.cl\/portal\/wp-content\/uploads\/2022\/01\/armas.jpg?resize=300%2C225&amp;ssl=1 300w, https:\/\/i0.wp.com\/eltrabajo.cl\/portal\/wp-content\/uploads\/2022\/01\/armas.jpg?resize=200%2C150&amp;ssl=1 200w, https:\/\/i0.wp.com\/eltrabajo.cl\/portal\/wp-content\/uploads\/2022\/01\/armas.jpg?resize=696%2C523&amp;ssl=1 696w\" sizes=\"auto, (max-width: 640px) 100vw, 640px\" \/><figcaption id=\"caption-attachment-112641\" class=\"wp-caption-text\">Cinco armas de fuego m\u00e1s marihuana y pasta base de coca\u00edna decomis\u00f3 el OS7 de Carabineros a un hombre en la poblaci\u00f3n Pedro Aguirre Cerda.<\/figcaption><\/figure>\n","protected":false},"excerpt":{"rendered":"<p>Operativo adem\u00e1s logr\u00f3 sacar de circulaci\u00f3n diferentes tipos de drogas.- Un importante operativo llev\u00f3 a cabo personal de la secci\u00f3n OS7 de Carabineros de Aconcagua en la poblaci\u00f3n Pedro Aguirre Cerda de&#8230;<\/p>\n","protected":false},"author":482,"featured_media":112641,"comment_status":"closed","ping_status":"open","sticky":false,"template":"","format":"standard","meta":{"advanced_seo_description":"","jetpack_seo_html_title":"","jetpack_seo_noindex":false,"_jetpack_memberships_contains_paid_content":false,"footnotes":""},"categories":[21],"tags":[],"class_list":["post-112640","post","type-post","status-publish","format-standard","has-post-thumbnail","hentry","category-policial"],"jetpack_featured_media_url":"https:\/\/i0.wp.com\/eltrabajo.cl\/portal\/wp-content\/uploads\/2022\/01\/armas.jpg?fit=699%2C525&ssl=1","jetpack_sharing_enabled":true,"jetpack_likes_enabled":true,"jetpack-related-posts":[],"_links":{"self":[{"href":"https:\/\/eltrabajo.cl\/portal\/wp-json\/wp\/v2\/posts\/112640","targetHints":{"allow":["GET"]}}],"collection":[{"href":"https:\/\/eltrabajo.cl\/portal\/wp-json\/wp\/v2\/posts"}],"about":[{"href":"https:\/\/eltrabajo.cl\/portal\/wp-json\/wp\/v2\/types\/post"}],"author":[{"embeddable":true,"href":"https:\/\/eltrabajo.cl\/portal\/wp-json\/wp\/v2\/users\/482"}],"replies":[{"embeddable":true,"href":"https:\/\/eltrabajo.cl\/portal\/wp-json\/wp\/v2\/comments?post=112640"}],"version-history":[{"count":0,"href":"https:\/\/eltrabajo.cl\/portal\/wp-json\/wp\/v2\/posts\/112640\/revisions"}],"wp:featuredmedia":[{"embeddable":true,"href":"https:\/\/eltrabajo.cl\/portal\/wp-json\/wp\/v2\/media\/112641"}],"wp:attachment":[{"href":"https:\/\/eltrabajo.cl\/portal\/wp-json\/wp\/v2\/media?parent=112640"}],"wp:term":[{"taxonomy":"category","embeddable":true,"href":"https:\/\/eltrabajo.cl\/portal\/wp-json\/wp\/v2\/categories?post=112640"},{"taxonomy":"post_tag","embeddable":true,"href":"https:\/\/eltrabajo.cl\/portal\/wp-json\/wp\/v2\/tags?post=112640"}],"curies":[{"name":"wp","href":"https:\/\/api.w.org\/{rel}","templated":true}]}}