{"id":11266,"date":"2011-12-05T08:49:13","date_gmt":"2011-12-05T12:49:13","guid":{"rendered":"http:\/\/www.eltrabajo.cl\/portal\/?p=11266"},"modified":"2011-12-05T08:49:13","modified_gmt":"2011-12-05T12:49:13","slug":"apoderados-denuncian-humillacion-y-discriminacion-en-licenciatura-de-cuartos-medios","status":"publish","type":"post","link":"https:\/\/eltrabajo.cl\/portal\/apoderados-denuncian-humillacion-y-discriminacion-en-licenciatura-de-cuartos-medios\/","title":{"rendered":"Apoderados denuncian humillaci\u00f3n y discriminaci\u00f3n en licenciatura de cuartos medios"},"content":{"rendered":"<figure id=\"attachment_11267\" aria-describedby=\"caption-attachment-11267\" style=\"width: 600px\" class=\"wp-caption alignnone\"><a href=\"http:\/\/www.eltrabajo.cl\/portal\/archives\/11266\/titulos1-2\" rel=\"attachment wp-att-11267\"><img data-recalc-dims=\"1\" loading=\"lazy\" decoding=\"async\" class=\"size-full wp-image-11267\" title=\"Titulos1\" src=\"https:\/\/i0.wp.com\/www.eltrabajo.cl\/portal\/wp-content\/uploads\/2011\/12\/Titulos1.jpg?resize=600%2C322\" alt=\"\" width=\"600\" height=\"322\" srcset=\"https:\/\/i0.wp.com\/eltrabajo.cl\/portal\/wp-content\/uploads\/2011\/12\/Titulos1.jpg?w=600&amp;ssl=1 600w, https:\/\/i0.wp.com\/eltrabajo.cl\/portal\/wp-content\/uploads\/2011\/12\/Titulos1.jpg?resize=200%2C107&amp;ssl=1 200w, https:\/\/i0.wp.com\/eltrabajo.cl\/portal\/wp-content\/uploads\/2011\/12\/Titulos1.jpg?resize=300%2C161&amp;ssl=1 300w, https:\/\/i0.wp.com\/eltrabajo.cl\/portal\/wp-content\/uploads\/2011\/12\/Titulos1.jpg?resize=150%2C80&amp;ssl=1 150w, https:\/\/i0.wp.com\/eltrabajo.cl\/portal\/wp-content\/uploads\/2011\/12\/Titulos1.jpg?resize=400%2C214&amp;ssl=1 400w\" sizes=\"auto, (max-width: 600px) 100vw, 600px\" \/><\/a><figcaption id=\"caption-attachment-11267\" class=\"wp-caption-text\">Apoderados y estudiantes del Liceo Alonso de Ercilla visitaron DIARIO EL TRABAJO para protestar contra ese centro educativo y su directora. Al menos una de ellas s\u00ed hab\u00eda pagado todas sus cuotas, pero igualmente su hija recibi\u00f3 un papel en blanco en lugar de su licencia.<\/figcaption><\/figure>\n<ul>\n<li><strong>Por deudas impagas entregan hoja en blanco a algunos alumnos licenciados del establecimiento. No obstante, en al menos un caso, pudimos comprobar que la alumna afectada ten\u00eda sus deudas pagadas cuatro d\u00edas antes de la ceremonia.<\/strong><\/li>\n<\/ul>\n<p>En una desconcertante pol\u00e9mica se han enfrascado la Directora del Colegio Alonso de Ercilla, Eliana Silva, y m\u00e1s de 35 apoderados de ese centro educativo tras el singular final en el que los alumnos de los cuartos medios concurrieron al acto de licenciatura, pero al final solo recibieron una hoja de papel en blanco.<\/p>\n<p>Seg\u00fan los padres de los j\u00f3venes estudiantes, la directora del liceo, Eliana Silva, argument\u00f3 que dicha medida obedec\u00eda al retraso que algunos apoderados sosten\u00edan para con la instituci\u00f3n en materia de pago de mensualidades de los graduandos.<\/p>\n<p><strong>TAMBI\u00c9N A LOS QUE S\u00cd PAGARON<\/strong><\/p>\n<p>No obstante la pol\u00e9mica medida, DIARIO EL TRABAJO pudo confirmar que al menos en un caso en que s\u00ed hab\u00edan pagado la totalidad de sus estudios al centro estudiantil, la alumna igualmente recibi\u00f3 un papel en blanco, en un trato que los apoderados califican de burlesco y discriminatorio ante todos los asistentes a la ceremonia.<\/p>\n<p>\u00abYo realic\u00e9 mis pagos a tiempo, pagu\u00e9 la totalidad de todo el a\u00f1o lectivo de 354.170 pesos, a\u00fan as\u00ed, a mi hija la humillaron en p\u00fablico. Solo se vive una vez esta experiencia y sin explicaci\u00f3n alguna se le neg\u00f3 a mi hija lo que por derecho y esfuerzo a ella le pertenece\u00bb, coment\u00f3 Priscilla Silva, apoderada de una de las ni\u00f1as mientras mostraba su boleta de pago total hecho a nombre de Sociedad Educacional Alonso de Ercilla LTDA.<\/p>\n<p>Por su parte Hugo Zamora, otro de los apoderados indignados, se\u00f1al\u00f3 que \u00abes una humillaci\u00f3n que esta se\u00f1ora hace a los alumnos y a nosotros tambi\u00e9n, ella no est\u00e1 facultada por la Ley a cometer estos atropellos, ella se arriesga a una demanda por dos millones de pesos, yo solo debo tres meses de los estudios de mi hijo Nicol\u00e1s. La se\u00f1ora Eliana est\u00e1 acostumbrada a humillar a los apoderados y tambi\u00e9n a los alumnos\u00bb, detall\u00f3 Hugo Zamora, padre de uno de los alumnos afectados.<\/p>\n<p><strong>EL PROBLEMA<\/strong><\/p>\n<p>Esta es una situaci\u00f3n que todos los a\u00f1os se repite en diferentes centros educativos del pa\u00eds y, por ende, tambi\u00e9n de San Felipe. Los due\u00f1os o administradores de colegios y escuelas pierden millones de pesos una vez que los alumnos con mensualidades pendientes, egresan de cuarto medio, ya que ning\u00fan padre regresa a cancelar lo adeudado. Se ha dado el caso, en m\u00e1s de un colegio y en innumerables ocasiones, en que los sostenedores simplemente niegan el ingreso a la licenciatura a los alumnos con deudas.<\/p>\n<p>Aunque ya nada podr\u00e1 devolverles a los graduados el tan esperado momento de titularse, las licencias les fueron entregadas el mismo viernes en la tarde, seg\u00fan se\u00f1al\u00f3 uno de los apoderados.<\/p>\n<p>Diario El Trabajo intent\u00f3 hablar con la Directora Silva Machuca, quien lamentablemente tras varios intentos de conocer su opini\u00f3n sobre este caso, prefiri\u00f3 guardar silencio.<\/p>\n","protected":false},"excerpt":{"rendered":"<p>Por deudas impagas entregan hoja en blanco a algunos alumnos licenciados del establecimiento. No obstante, en al menos un caso, pudimos comprobar que la alumna afectada ten\u00eda sus deudas pagadas cuatro d\u00edas&#8230;<\/p>\n","protected":false},"author":482,"featured_media":11267,"comment_status":"open","ping_status":"open","sticky":false,"template":"","format":"standard","meta":{"advanced_seo_description":"","jetpack_seo_html_title":"","jetpack_seo_noindex":false,"_jetpack_memberships_contains_paid_content":false,"footnotes":""},"categories":[15],"tags":[],"class_list":["post-11266","post","type-post","status-publish","format-standard","has-post-thumbnail","hentry","category-comunidad"],"jetpack_featured_media_url":"https:\/\/i0.wp.com\/eltrabajo.cl\/portal\/wp-content\/uploads\/2011\/12\/Titulos1.jpg?fit=600%2C322&ssl=1","jetpack_sharing_enabled":true,"jetpack_likes_enabled":true,"jetpack-related-posts":[],"_links":{"self":[{"href":"https:\/\/eltrabajo.cl\/portal\/wp-json\/wp\/v2\/posts\/11266","targetHints":{"allow":["GET"]}}],"collection":[{"href":"https:\/\/eltrabajo.cl\/portal\/wp-json\/wp\/v2\/posts"}],"about":[{"href":"https:\/\/eltrabajo.cl\/portal\/wp-json\/wp\/v2\/types\/post"}],"author":[{"embeddable":true,"href":"https:\/\/eltrabajo.cl\/portal\/wp-json\/wp\/v2\/users\/482"}],"replies":[{"embeddable":true,"href":"https:\/\/eltrabajo.cl\/portal\/wp-json\/wp\/v2\/comments?post=11266"}],"version-history":[{"count":0,"href":"https:\/\/eltrabajo.cl\/portal\/wp-json\/wp\/v2\/posts\/11266\/revisions"}],"wp:featuredmedia":[{"embeddable":true,"href":"https:\/\/eltrabajo.cl\/portal\/wp-json\/wp\/v2\/media\/11267"}],"wp:attachment":[{"href":"https:\/\/eltrabajo.cl\/portal\/wp-json\/wp\/v2\/media?parent=11266"}],"wp:term":[{"taxonomy":"category","embeddable":true,"href":"https:\/\/eltrabajo.cl\/portal\/wp-json\/wp\/v2\/categories?post=11266"},{"taxonomy":"post_tag","embeddable":true,"href":"https:\/\/eltrabajo.cl\/portal\/wp-json\/wp\/v2\/tags?post=11266"}],"curies":[{"name":"wp","href":"https:\/\/api.w.org\/{rel}","templated":true}]}}