{"id":112674,"date":"2022-01-26T07:50:27","date_gmt":"2022-01-26T10:50:27","guid":{"rendered":"https:\/\/eltrabajo.cl\/portal\/?p=112674"},"modified":"2022-01-25T23:44:21","modified_gmt":"2022-01-26T02:44:21","slug":"detienen-por-decimoseptima-vez-a-sujeto-por-robo-de-accesorios-de-vehiculos","status":"publish","type":"post","link":"https:\/\/eltrabajo.cl\/portal\/detienen-por-decimoseptima-vez-a-sujeto-por-robo-de-accesorios-de-vehiculos\/","title":{"rendered":"Detienen por decimos\u00e9ptima vez a sujeto por robo de accesorios de veh\u00edculos"},"content":{"rendered":"<ul style=\"text-align: justify;\">\n<li style=\"text-align: left;\"><strong>Delincuente ya hab\u00eda sido aprendido por Carabineros hace tan s\u00f3lo unas semanas tras robar en un auto estacionado en calle Carlos Condell.-<\/strong><\/li>\n<\/ul>\n<p style=\"text-align: justify;\">Carabineros de San Felipe detuvo por decimos\u00e9ptima vez a un delincuente por robo de accesorio de veh\u00edculos, el \u00faltimo hecho ocurrido en calle Salinas, entre Chacabuco y Carlos Condell.<\/p>\n<p style=\"text-align: justify;\">Fue el mayor de Carabineros, <strong>Cristian Ram\u00edrez<\/strong>, quien indic\u00f3 que <em>\u00abpersonal de Carabineros recibi\u00f3 un comunicado radial de la Central de Comunicaciones <\/em>(Cenco),<em> en el cual se\u00f1alaban que una persona, conforme se\u00f1alaban testigos, hab\u00eda cometido un delito de robo de accesorio de veh\u00edculo, esto habr\u00eda sucedido en calle Salinas entre Chacabuco y Carlos Condell\u00bb.<\/em><\/p>\n<p style=\"text-align: justify;\">En este sentido el mayor Ram\u00edrez adem\u00e1s detall\u00f3 que <em>\u00abel testigo entreg\u00f3 informaci\u00f3n de las caracter\u00edsticas f\u00edsicas y la ropa del individuo, personal de carabineros se traslad\u00f3 de manera inmediata al lugar y realiz\u00f3 controles preventivos dando el paradero de la persona que reun\u00eda las caracter\u00edsticas similares. <\/em><\/p>\n<p style=\"text-align: justify;\">\u00ab<em>Una vez que se realizaron las diligencias fue identificada por la v\u00edctima en este caso. Se trata de una persona de sexo masculino, de 28 a\u00f1os, conocido delincuente de la comuna\u00bb,<\/em> a\u00f1adi\u00f3.<\/p>\n<p style=\"text-align: justify;\">En este \u00e1mbito el comisario de Carabineros de nuestra ciudad sostuvo que <em>\u00abde hecho, seg\u00fan registro de carabineros, mantiene 17 detenciones a la fecha por el mismo delito, es decir, robo de accesorios a veh\u00edculos. Conforme a los hechos y por orden del fiscal de turno, va a pasar nuevamente a control de detenci\u00f3n\u00bb.<\/em><\/p>\n<p style=\"text-align: justify;\">Finalmente el mayor Ram\u00edrez dijo que <em>\u00abcomo instituci\u00f3n estamos muy contentos por el trabajo desarrollado, agradecemos tambi\u00e9n el oportuno comunicado de parte del testigo y la capacidad de retener las caracter\u00edsticas de esta persona para lograr su detenci\u00f3n\u00bb. <\/em><\/p>\n<figure id=\"attachment_112675\" aria-describedby=\"caption-attachment-112675\" style=\"width: 700px\" class=\"wp-caption alignnone\"><img data-recalc-dims=\"1\" loading=\"lazy\" decoding=\"async\" class=\"size-full wp-image-112675\" src=\"https:\/\/i0.wp.com\/eltrabajo.cl\/portal\/wp-content\/uploads\/2022\/01\/robo-accesorios.jpg?resize=640%2C444&#038;ssl=1\" alt=\"En calle Salinas fue detenido nuevamente delincuente tras robar especies desde un veh\u00edculo.\" width=\"640\" height=\"444\" srcset=\"https:\/\/i0.wp.com\/eltrabajo.cl\/portal\/wp-content\/uploads\/2022\/01\/robo-accesorios.jpg?w=700&amp;ssl=1 700w, https:\/\/i0.wp.com\/eltrabajo.cl\/portal\/wp-content\/uploads\/2022\/01\/robo-accesorios.jpg?resize=300%2C208&amp;ssl=1 300w, https:\/\/i0.wp.com\/eltrabajo.cl\/portal\/wp-content\/uploads\/2022\/01\/robo-accesorios.jpg?resize=200%2C139&amp;ssl=1 200w, https:\/\/i0.wp.com\/eltrabajo.cl\/portal\/wp-content\/uploads\/2022\/01\/robo-accesorios.jpg?resize=218%2C150&amp;ssl=1 218w, https:\/\/i0.wp.com\/eltrabajo.cl\/portal\/wp-content\/uploads\/2022\/01\/robo-accesorios.jpg?resize=696%2C483&amp;ssl=1 696w\" sizes=\"auto, (max-width: 640px) 100vw, 640px\" \/><figcaption id=\"caption-attachment-112675\" class=\"wp-caption-text\">En calle Salinas fue detenido nuevamente delincuente tras robar especies desde un veh\u00edculo.<\/figcaption><\/figure>\n","protected":false},"excerpt":{"rendered":"<p>Delincuente ya hab\u00eda sido aprendido por Carabineros hace tan s\u00f3lo unas semanas tras robar en un auto estacionado en calle Carlos Condell.- Carabineros de San Felipe detuvo por decimos\u00e9ptima vez a un&#8230;<\/p>\n","protected":false},"author":482,"featured_media":112675,"comment_status":"closed","ping_status":"open","sticky":false,"template":"","format":"standard","meta":{"advanced_seo_description":"","jetpack_seo_html_title":"","jetpack_seo_noindex":false,"_jetpack_memberships_contains_paid_content":false,"footnotes":""},"categories":[21],"tags":[],"class_list":["post-112674","post","type-post","status-publish","format-standard","has-post-thumbnail","hentry","category-policial"],"jetpack_featured_media_url":"https:\/\/i0.wp.com\/eltrabajo.cl\/portal\/wp-content\/uploads\/2022\/01\/robo-accesorios.jpg?fit=700%2C486&ssl=1","jetpack_sharing_enabled":true,"jetpack_likes_enabled":true,"jetpack-related-posts":[],"_links":{"self":[{"href":"https:\/\/eltrabajo.cl\/portal\/wp-json\/wp\/v2\/posts\/112674","targetHints":{"allow":["GET"]}}],"collection":[{"href":"https:\/\/eltrabajo.cl\/portal\/wp-json\/wp\/v2\/posts"}],"about":[{"href":"https:\/\/eltrabajo.cl\/portal\/wp-json\/wp\/v2\/types\/post"}],"author":[{"embeddable":true,"href":"https:\/\/eltrabajo.cl\/portal\/wp-json\/wp\/v2\/users\/482"}],"replies":[{"embeddable":true,"href":"https:\/\/eltrabajo.cl\/portal\/wp-json\/wp\/v2\/comments?post=112674"}],"version-history":[{"count":0,"href":"https:\/\/eltrabajo.cl\/portal\/wp-json\/wp\/v2\/posts\/112674\/revisions"}],"wp:featuredmedia":[{"embeddable":true,"href":"https:\/\/eltrabajo.cl\/portal\/wp-json\/wp\/v2\/media\/112675"}],"wp:attachment":[{"href":"https:\/\/eltrabajo.cl\/portal\/wp-json\/wp\/v2\/media?parent=112674"}],"wp:term":[{"taxonomy":"category","embeddable":true,"href":"https:\/\/eltrabajo.cl\/portal\/wp-json\/wp\/v2\/categories?post=112674"},{"taxonomy":"post_tag","embeddable":true,"href":"https:\/\/eltrabajo.cl\/portal\/wp-json\/wp\/v2\/tags?post=112674"}],"curies":[{"name":"wp","href":"https:\/\/api.w.org\/{rel}","templated":true}]}}