{"id":112696,"date":"2022-01-27T07:35:52","date_gmt":"2022-01-27T10:35:52","guid":{"rendered":"https:\/\/eltrabajo.cl\/portal\/?p=112696"},"modified":"2022-01-26T21:51:16","modified_gmt":"2022-01-27T00:51:16","slug":"suspenden-hasta-nuevo-aviso-el-selim-amar-pozo-por-amor-a-la-camiseta","status":"publish","type":"post","link":"https:\/\/eltrabajo.cl\/portal\/suspenden-hasta-nuevo-aviso-el-selim-amar-pozo-por-amor-a-la-camiseta\/","title":{"rendered":"Suspenden hasta nuevo aviso el \u2018Selim Amar Pozo, Por Amor a la Camiseta\u2019"},"content":{"rendered":"<p style=\"text-align: left;\"><span style=\"color: #ff0000;\"><strong>Covid volvi\u00f3 a ganar al f\u00fatbol<\/strong><\/span><\/p>\n<p style=\"text-align: justify;\">El gran aumento de contagios de la variante \u00d3micron que por estos d\u00edas est\u00e1 experimentado el pa\u00eds, fue determinante para que la Asociaci\u00f3n de F\u00fatbol Amateur de San Felipe decidiera suspender hasta nuevo aviso el torneo \u2018Selim Amar Pozo, Por Amor a la Camiseta\u2019, evento que deber\u00eda comenzar a jugarse este domingo.<\/p>\n<p style=\"text-align: justify;\">En el balompi\u00e9 aficionado sanfelipe\u00f1o prefirieron tomarse las cosas con calma y privilegiar la salud de jugadores, dirigentes, t\u00e9cnicos e hinchas. El aplazamiento de la competencia de verano que tiene como objetivo central dar con los equipos sanfelipe\u00f1os que clasificar\u00e1n a la pr\u00f3xima edici\u00f3n de la Copa de Campeones, ser\u00e1 indefinido, aunque en la interna de la Asociaci\u00f3n conf\u00edan en que en el corto plazo la situaci\u00f3n sanitaria del pa\u00eds variar\u00e1 de manera positiva, y con ello el bal\u00f3n podr\u00e1 volver a rodar en las distintas canchas de la \u2018Ciudad Fuerte y Feliz\u2019. <em>\u00abEn la \u00faltima reuni\u00f3n qued\u00f3 muy claro la posici\u00f3n de cada club, y esa no es otra que poner la salud por delante de todo; tenemos claro que hay muchas ganas por jugar, pero hay que ser responsables, por lo que no partiremos con el torneo hasta que esto est\u00e9 controlado y los contagios vayan a la baja, adem\u00e1s que pueden venir m\u00e1s retrocesos de fases, y la verdad no queremos poner en receso un campeonato que est\u00e9 en marcha, as\u00ed que lo mejor ser\u00e1 esperar\u00bb,<\/em> declar\u00f3 el presidente del ente rector del f\u00fatbol aficionado local, <strong>Ra\u00fal Reinoso<\/strong>.<\/p>\n<figure id=\"attachment_112697\" aria-describedby=\"caption-attachment-112697\" style=\"width: 698px\" class=\"wp-caption alignnone\"><img data-recalc-dims=\"1\" loading=\"lazy\" decoding=\"async\" class=\"size-full wp-image-112697\" src=\"https:\/\/i0.wp.com\/eltrabajo.cl\/portal\/wp-content\/uploads\/2022\/01\/futbol-amateur.jpg?resize=640%2C431&#038;ssl=1\" alt=\"LINDOS RECUERDOS.- El inicio del \u2018Amor a la Camiseta\u2019 deber\u00e1 seguir esperando.\" width=\"640\" height=\"431\" srcset=\"https:\/\/i0.wp.com\/eltrabajo.cl\/portal\/wp-content\/uploads\/2022\/01\/futbol-amateur.jpg?w=698&amp;ssl=1 698w, https:\/\/i0.wp.com\/eltrabajo.cl\/portal\/wp-content\/uploads\/2022\/01\/futbol-amateur.jpg?resize=300%2C202&amp;ssl=1 300w, https:\/\/i0.wp.com\/eltrabajo.cl\/portal\/wp-content\/uploads\/2022\/01\/futbol-amateur.jpg?resize=200%2C135&amp;ssl=1 200w, https:\/\/i0.wp.com\/eltrabajo.cl\/portal\/wp-content\/uploads\/2022\/01\/futbol-amateur.jpg?resize=696%2C469&amp;ssl=1 696w\" sizes=\"auto, (max-width: 640px) 100vw, 640px\" \/><figcaption id=\"caption-attachment-112697\" class=\"wp-caption-text\">LINDOS RECUERDOS.- El inicio del \u2018Amor a la Camiseta\u2019 deber\u00e1 seguir esperando.<\/figcaption><\/figure>\n","protected":false},"excerpt":{"rendered":"<p>Covid volvi\u00f3 a ganar al f\u00fatbol El gran aumento de contagios de la variante \u00d3micron que por estos d\u00edas est\u00e1 experimentado el pa\u00eds, fue determinante para que la Asociaci\u00f3n de F\u00fatbol Amateur&#8230;<\/p>\n","protected":false},"author":482,"featured_media":112697,"comment_status":"closed","ping_status":"open","sticky":false,"template":"","format":"standard","meta":{"advanced_seo_description":"","jetpack_seo_html_title":"","jetpack_seo_noindex":false,"_jetpack_memberships_contains_paid_content":false,"footnotes":""},"categories":[19],"tags":[],"class_list":["post-112696","post","type-post","status-publish","format-standard","has-post-thumbnail","hentry","category-deportes"],"jetpack_featured_media_url":"https:\/\/i0.wp.com\/eltrabajo.cl\/portal\/wp-content\/uploads\/2022\/01\/futbol-amateur.jpg?fit=698%2C470&ssl=1","jetpack_sharing_enabled":true,"jetpack_likes_enabled":true,"jetpack-related-posts":[],"_links":{"self":[{"href":"https:\/\/eltrabajo.cl\/portal\/wp-json\/wp\/v2\/posts\/112696","targetHints":{"allow":["GET"]}}],"collection":[{"href":"https:\/\/eltrabajo.cl\/portal\/wp-json\/wp\/v2\/posts"}],"about":[{"href":"https:\/\/eltrabajo.cl\/portal\/wp-json\/wp\/v2\/types\/post"}],"author":[{"embeddable":true,"href":"https:\/\/eltrabajo.cl\/portal\/wp-json\/wp\/v2\/users\/482"}],"replies":[{"embeddable":true,"href":"https:\/\/eltrabajo.cl\/portal\/wp-json\/wp\/v2\/comments?post=112696"}],"version-history":[{"count":0,"href":"https:\/\/eltrabajo.cl\/portal\/wp-json\/wp\/v2\/posts\/112696\/revisions"}],"wp:featuredmedia":[{"embeddable":true,"href":"https:\/\/eltrabajo.cl\/portal\/wp-json\/wp\/v2\/media\/112697"}],"wp:attachment":[{"href":"https:\/\/eltrabajo.cl\/portal\/wp-json\/wp\/v2\/media?parent=112696"}],"wp:term":[{"taxonomy":"category","embeddable":true,"href":"https:\/\/eltrabajo.cl\/portal\/wp-json\/wp\/v2\/categories?post=112696"},{"taxonomy":"post_tag","embeddable":true,"href":"https:\/\/eltrabajo.cl\/portal\/wp-json\/wp\/v2\/tags?post=112696"}],"curies":[{"name":"wp","href":"https:\/\/api.w.org\/{rel}","templated":true}]}}