{"id":112750,"date":"2022-01-31T07:35:40","date_gmt":"2022-01-31T10:35:40","guid":{"rendered":"https:\/\/eltrabajo.cl\/portal\/?p=112750"},"modified":"2022-01-30T23:55:27","modified_gmt":"2022-01-31T02:55:27","slug":"en-marzo-empezara-el-apertura-de-la-asociacion-alejandro-rivadeneira","status":"publish","type":"post","link":"https:\/\/eltrabajo.cl\/portal\/en-marzo-empezara-el-apertura-de-la-asociacion-alejandro-rivadeneira\/","title":{"rendered":"En marzo empezar\u00e1 el Apertura de la Asociaci\u00f3n Alejandro Rivadeneira"},"content":{"rendered":"<p style=\"text-align: justify;\">La puesta en marcha de la edici\u00f3n 2022 de la \u2018Copa Juan Arancibia\u2019 y otros eventos cesteros, abri\u00f3 una ventana para que la Asociaci\u00f3n de B\u00e1squetbol Alejandro Rivadeneira pudiera aplazar, probablemente hasta el mes de marzo, el inicio del torneo de Apertura, evento que en un principio estaba proyectado para el mes de febrero.<\/p>\n<p style=\"text-align: justify;\">Punto importante y determinante para que en las altas esfera del b\u00e1squet aconcag\u00fcino decidieran no largar con su competencia, fue tambi\u00e9n el alza de contagios por Covid 19, que por estos d\u00edas rompe records a nivel local y nacional; <em>\u00abes mejor esperar un rato y darnos el tiempo que sea necesario para que bajen los contagios y todo lo sanitario vuelva a estar controlado\u00bb,<\/em> dijo a <strong>El Trabajo Deportivo<\/strong>\u00a0 el presidente del ente rector de los cestos locales, <strong>Juan Carlos Acu\u00f1a<\/strong>.<\/p>\n<p style=\"text-align: justify;\">El actual miembro del directorio de la Federaci\u00f3n de B\u00e1squetbol de Chile (Febachile) apunt\u00f3 adem\u00e1s que <em>\u00abde no pasar nada extraordinario partiremos en marzo, ya que esperaremos que culminen los torneos de clubes, cosa que suceder\u00e1 en ese mes, adem\u00e1s que para esa fecha los contagios deber\u00edan ir a la baja\u00bb.<\/em><\/p>\n<figure id=\"attachment_112751\" aria-describedby=\"caption-attachment-112751\" style=\"width: 698px\" class=\"wp-caption alignnone\"><img data-recalc-dims=\"1\" loading=\"lazy\" decoding=\"async\" class=\"size-full wp-image-112751\" src=\"https:\/\/i0.wp.com\/eltrabajo.cl\/portal\/wp-content\/uploads\/2022\/01\/Lazen.jpg?resize=640%2C359&#038;ssl=1\" alt=\"Para marzo se aplaz\u00f3 el inicio del campeonato de Apertura de la Asociaci\u00f3n local. En la imagen uno de los animadores del \u00faltimo tiempo, el Lazen de Llay Llay.\" width=\"640\" height=\"359\" srcset=\"https:\/\/i0.wp.com\/eltrabajo.cl\/portal\/wp-content\/uploads\/2022\/01\/Lazen.jpg?w=698&amp;ssl=1 698w, https:\/\/i0.wp.com\/eltrabajo.cl\/portal\/wp-content\/uploads\/2022\/01\/Lazen.jpg?resize=300%2C168&amp;ssl=1 300w, https:\/\/i0.wp.com\/eltrabajo.cl\/portal\/wp-content\/uploads\/2022\/01\/Lazen.jpg?resize=200%2C112&amp;ssl=1 200w, https:\/\/i0.wp.com\/eltrabajo.cl\/portal\/wp-content\/uploads\/2022\/01\/Lazen.jpg?resize=696%2C391&amp;ssl=1 696w\" sizes=\"auto, (max-width: 640px) 100vw, 640px\" \/><figcaption id=\"caption-attachment-112751\" class=\"wp-caption-text\">Para marzo se aplaz\u00f3 el inicio del campeonato de Apertura de la Asociaci\u00f3n local. En la imagen uno de los animadores del \u00faltimo tiempo, el Lazen de Llay Llay.<\/figcaption><\/figure>\n","protected":false},"excerpt":{"rendered":"<p>La puesta en marcha de la edici\u00f3n 2022 de la \u2018Copa Juan Arancibia\u2019 y otros eventos cesteros, abri\u00f3 una ventana para que la Asociaci\u00f3n de B\u00e1squetbol Alejandro Rivadeneira pudiera aplazar, probablemente hasta&#8230;<\/p>\n","protected":false},"author":482,"featured_media":112751,"comment_status":"closed","ping_status":"open","sticky":false,"template":"","format":"standard","meta":{"advanced_seo_description":"","jetpack_seo_html_title":"","jetpack_seo_noindex":false,"_jetpack_memberships_contains_paid_content":false,"footnotes":""},"categories":[19],"tags":[],"class_list":["post-112750","post","type-post","status-publish","format-standard","has-post-thumbnail","hentry","category-deportes"],"jetpack_featured_media_url":"https:\/\/i0.wp.com\/eltrabajo.cl\/portal\/wp-content\/uploads\/2022\/01\/Lazen.jpg?fit=698%2C392&ssl=1","jetpack_sharing_enabled":true,"jetpack_likes_enabled":true,"jetpack-related-posts":[],"_links":{"self":[{"href":"https:\/\/eltrabajo.cl\/portal\/wp-json\/wp\/v2\/posts\/112750","targetHints":{"allow":["GET"]}}],"collection":[{"href":"https:\/\/eltrabajo.cl\/portal\/wp-json\/wp\/v2\/posts"}],"about":[{"href":"https:\/\/eltrabajo.cl\/portal\/wp-json\/wp\/v2\/types\/post"}],"author":[{"embeddable":true,"href":"https:\/\/eltrabajo.cl\/portal\/wp-json\/wp\/v2\/users\/482"}],"replies":[{"embeddable":true,"href":"https:\/\/eltrabajo.cl\/portal\/wp-json\/wp\/v2\/comments?post=112750"}],"version-history":[{"count":0,"href":"https:\/\/eltrabajo.cl\/portal\/wp-json\/wp\/v2\/posts\/112750\/revisions"}],"wp:featuredmedia":[{"embeddable":true,"href":"https:\/\/eltrabajo.cl\/portal\/wp-json\/wp\/v2\/media\/112751"}],"wp:attachment":[{"href":"https:\/\/eltrabajo.cl\/portal\/wp-json\/wp\/v2\/media?parent=112750"}],"wp:term":[{"taxonomy":"category","embeddable":true,"href":"https:\/\/eltrabajo.cl\/portal\/wp-json\/wp\/v2\/categories?post=112750"},{"taxonomy":"post_tag","embeddable":true,"href":"https:\/\/eltrabajo.cl\/portal\/wp-json\/wp\/v2\/tags?post=112750"}],"curies":[{"name":"wp","href":"https:\/\/api.w.org\/{rel}","templated":true}]}}