{"id":11280,"date":"2011-12-05T09:03:09","date_gmt":"2011-12-05T13:03:09","guid":{"rendered":"http:\/\/www.eltrabajo.cl\/portal\/?p=11280"},"modified":"2011-12-05T09:03:09","modified_gmt":"2011-12-05T13:03:09","slug":"con-mas-de-72-millones-sanfelipenos-superaron-la-meta-en-teleton-2011","status":"publish","type":"post","link":"https:\/\/eltrabajo.cl\/portal\/con-mas-de-72-millones-sanfelipenos-superaron-la-meta-en-teleton-2011\/","title":{"rendered":"Con m\u00e1s de 72 millones, sanfelipe\u00f1os superaron la meta en Telet\u00f3n 2011"},"content":{"rendered":"<figure id=\"attachment_11281\" aria-describedby=\"caption-attachment-11281\" style=\"width: 600px\" class=\"wp-caption alignnone\"><a href=\"http:\/\/www.eltrabajo.cl\/portal\/archives\/11280\/banco2\" rel=\"attachment wp-att-11281\"><img data-recalc-dims=\"1\" loading=\"lazy\" decoding=\"async\" class=\"size-full wp-image-11281\" title=\"Banco2\" src=\"https:\/\/i0.wp.com\/www.eltrabajo.cl\/portal\/wp-content\/uploads\/2011\/12\/Banco2.jpg?resize=600%2C392\" alt=\"\" width=\"600\" height=\"392\" srcset=\"https:\/\/i0.wp.com\/eltrabajo.cl\/portal\/wp-content\/uploads\/2011\/12\/Banco2.jpg?w=600&amp;ssl=1 600w, https:\/\/i0.wp.com\/eltrabajo.cl\/portal\/wp-content\/uploads\/2011\/12\/Banco2.jpg?resize=200%2C130&amp;ssl=1 200w, https:\/\/i0.wp.com\/eltrabajo.cl\/portal\/wp-content\/uploads\/2011\/12\/Banco2.jpg?resize=300%2C196&amp;ssl=1 300w, https:\/\/i0.wp.com\/eltrabajo.cl\/portal\/wp-content\/uploads\/2011\/12\/Banco2.jpg?resize=150%2C98&amp;ssl=1 150w, https:\/\/i0.wp.com\/eltrabajo.cl\/portal\/wp-content\/uploads\/2011\/12\/Banco2.jpg?resize=400%2C261&amp;ssl=1 400w\" sizes=\"auto, (max-width: 600px) 100vw, 600px\" \/><\/a><figcaption id=\"caption-attachment-11281\" class=\"wp-caption-text\">Miles de sanfelipe\u00f1os acudieron masivamente a depositar sus donativos para la Telet\u00f3n 2011, el monto reportado por el Banco de Chile es de $58.795.584 y representa solo la parte correspondiente a San Felipe.<\/figcaption><\/figure>\n<ul>\n<li><strong>Miles de sanfelipe\u00f1os fueron movidos a salir de sus casas y donar en esta Telet\u00f3n N\u00b033. Su amor por los m\u00e1s necesitados marcaron la diferencia y una avalancha de artistas locales y regionales hicieron tambi\u00e9n su aporte al participar por horas sin cobrar un solo peso.<\/strong><\/li>\n<\/ul>\n<p>Roberto Gonz\u00e1lez Short &#8211; rgonzalez@eltrabajo.cl<\/p>\n<p>No solo los sanfelipe\u00f1os lograron cumplir con la meta provincial, todo Chile dijo \u201cSi podemos\u201d y lo dem\u00e1s es historia en esta Telet\u00f3n que esperaba cumplir con el tope de $18.890.559.347. San Felipe ten\u00eda que superar los $ 61.600.705, con esa cifra en la mente, la Municipalidad de San Felipe, Banco Chile, Fundaci\u00f3n Telet\u00f3n y decenas de agrupaciones provinciales se dieron a la tarea de tocar puertas y animar a los sanfelipe\u00f1os y as\u00ed cumplir con lo pactado.<\/p>\n<p>As\u00ed pues, DIARIO EL TRABAJO pudo registrar de forma Exclusiva el momento en que Juan Carlos Camacho, funcionario del Banco Chile coloc\u00f3 el documento en la pizarra con el \u00faltimo reporte oficial a las 00:54 minutos de este domingo con el monto de $72.031.924 pesos recolectados solo en la ciudad de San Felipe.<\/p>\n<p>El municipio sanfelipe\u00f1o deleg\u00f3 a Fernando Toledo el coordinar las m\u00faltiples actividades art\u00edsticas y culturales en la ciudad, por su parte, el Productor de los conciertos, Rodrigo Dixon, report\u00f3 a DIARIO EL TRABAJO la participaci\u00f3n de diferentes agrupaciones musicales que lograron gustar y sorprender en tarima.<\/p>\n<p>\u00abHubo una nutrida participaci\u00f3n de artistas locales y regionales, fueron ofrecidos para el p\u00fablico g\u00e9neros como el Rock, Jazz, Balada, Ranchera y Hip Hop entre otras propuestas que se realizaron en diferentes comunas de la provincia\u00bb, coment\u00f3 Dixon a nuestro medio.<\/p>\n<p>Grupos de ni\u00f1os de diferentes centros educativos tambi\u00e9n se las ingeniaron para organizarse y contribuir con la versi\u00f3n 33 de la Telet\u00f3n en Chile.<\/p>\n<p>La Telet\u00f3n\u00a0que naci\u00f3 el 8 de diciembre de 1978, fue la primera realizada en Sudam\u00e9rica y la primera tambi\u00e9n a nivel nacional. Para todos los chilenos fue una novedad pues se transmiti\u00f3 desde el Teatro Casino Las Vegas y recaud\u00f3 $84 millones de pesos (2,5 millones de d\u00f3lares de la \u00e9poca).<\/p>\n","protected":false},"excerpt":{"rendered":"<p>Miles de sanfelipe\u00f1os fueron movidos a salir de sus casas y donar en esta Telet\u00f3n N\u00b033. Su amor por los m\u00e1s necesitados marcaron la diferencia y una avalancha de artistas locales y&#8230;<\/p>\n","protected":false},"author":482,"featured_media":11281,"comment_status":"open","ping_status":"open","sticky":false,"template":"","format":"standard","meta":{"advanced_seo_description":"","jetpack_seo_html_title":"","jetpack_seo_noindex":false,"_jetpack_memberships_contains_paid_content":false,"footnotes":""},"categories":[15],"tags":[],"class_list":["post-11280","post","type-post","status-publish","format-standard","has-post-thumbnail","hentry","category-comunidad"],"jetpack_featured_media_url":"https:\/\/i0.wp.com\/eltrabajo.cl\/portal\/wp-content\/uploads\/2011\/12\/Banco2.jpg?fit=600%2C392&ssl=1","jetpack_sharing_enabled":true,"jetpack_likes_enabled":true,"jetpack-related-posts":[],"_links":{"self":[{"href":"https:\/\/eltrabajo.cl\/portal\/wp-json\/wp\/v2\/posts\/11280","targetHints":{"allow":["GET"]}}],"collection":[{"href":"https:\/\/eltrabajo.cl\/portal\/wp-json\/wp\/v2\/posts"}],"about":[{"href":"https:\/\/eltrabajo.cl\/portal\/wp-json\/wp\/v2\/types\/post"}],"author":[{"embeddable":true,"href":"https:\/\/eltrabajo.cl\/portal\/wp-json\/wp\/v2\/users\/482"}],"replies":[{"embeddable":true,"href":"https:\/\/eltrabajo.cl\/portal\/wp-json\/wp\/v2\/comments?post=11280"}],"version-history":[{"count":0,"href":"https:\/\/eltrabajo.cl\/portal\/wp-json\/wp\/v2\/posts\/11280\/revisions"}],"wp:featuredmedia":[{"embeddable":true,"href":"https:\/\/eltrabajo.cl\/portal\/wp-json\/wp\/v2\/media\/11281"}],"wp:attachment":[{"href":"https:\/\/eltrabajo.cl\/portal\/wp-json\/wp\/v2\/media?parent=11280"}],"wp:term":[{"taxonomy":"category","embeddable":true,"href":"https:\/\/eltrabajo.cl\/portal\/wp-json\/wp\/v2\/categories?post=11280"},{"taxonomy":"post_tag","embeddable":true,"href":"https:\/\/eltrabajo.cl\/portal\/wp-json\/wp\/v2\/tags?post=11280"}],"curies":[{"name":"wp","href":"https:\/\/api.w.org\/{rel}","templated":true}]}}