{"id":113729,"date":"2022-04-06T07:35:59","date_gmt":"2022-04-06T11:35:59","guid":{"rendered":"https:\/\/eltrabajo.cl\/portal\/?p=113729"},"modified":"2022-04-06T00:55:48","modified_gmt":"2022-04-06T04:55:48","slug":"actividades-para-toda-edad-tendran-las-bibliotecas-de-san-felipe-y-curimon","status":"publish","type":"post","link":"https:\/\/eltrabajo.cl\/portal\/actividades-para-toda-edad-tendran-las-bibliotecas-de-san-felipe-y-curimon\/","title":{"rendered":"Actividades para toda edad tendr\u00e1n las bibliotecas de San Felipe y Curim\u00f3n"},"content":{"rendered":"<p style=\"text-align: left;\"><span style=\"color: #ff0000;\"><strong>Conmemorando el Mes del Libro:<\/strong><\/span><\/p>\n<ul style=\"text-align: left;\">\n<li><strong> Durante abril destacan la Liberaci\u00f3n de Libros, concursos, realizaci\u00f3n de Obras de Teatro, y las visitas guiadas destinadas a Establecimientos Educacionales, Organizaciones Comunitarias y Deportivas y Juntas de Vecinos.-<\/strong><\/li>\n<\/ul>\n<p style=\"text-align: justify;\">El cuidado y la conservaci\u00f3n del Medio Ambiente ser\u00e1 la tem\u00e1tica fundamental en torno a la cual girar\u00e1 la celebraci\u00f3n del Mes del Libro en las bibliotecas municipales de San Felipe y Curim\u00f3n, donde se tiene preparada una amplia gama de actividades con motivo de la conmemoraci\u00f3n del D\u00eda Internacional del Libro y del Derecho de Autor, el pr\u00f3ximo 23 de abril.<\/p>\n<p style=\"text-align: justify;\">Seg\u00fan manifest\u00f3 <strong>Macarena Blanca Tapia<\/strong>, encargada de la Biblioteca P\u00fablica Municipal de San Felipe, la elecci\u00f3n de esta tem\u00e1tica se genera desde el Plan Nacional de la Lectura, y para cumplir con una de las tareas fundamentales de la protecci\u00f3n del medioambiente, afirm\u00f3 que tanto la Unidad de San Felipe como la de Curim\u00f3n cuentan con una variada oferta de t\u00edtulos para todas las edades de diferentes contenidos, como lo son: el agua, efecto invernadero, cambio clim\u00e1tico, entre otras.<\/p>\n<p style=\"text-align: justify;\">\u00ab<em>Fomentar la lectura es el principal objetivo de las bibliotecas p\u00fablicas del pa\u00eds, y este a\u00f1o es un bonito motivo hacerlo a trav\u00e9s de esta tem\u00e1tica. Y para eso tendremos varias instancias para ni\u00f1os j\u00f3venes y adultos, comenzamos este 2 de abril conmemorando el d\u00eda internacional del libro infantil y juvenil, donde participaron nuestros socios lectores entre siete y 12 a\u00f1os\u00bb,<\/em> detall\u00f3 la profesional.<\/p>\n<p style=\"text-align: justify;\">Macarena Blanca asegur\u00f3 que el hito m\u00e1s importante del mes se desarrollar\u00e1 el s\u00e1bado 23 de abril, fecha en la que se realizar\u00e1n dos actividades importantes a las que est\u00e1n invitadas a participar toda la familia sanfelipe\u00f1a. La primera de ellas ser\u00e1 a las 12 horas, en calle 5 de Abril, donde se presentar\u00e1 la Obra de Teatro <strong>\u2018El Viaje de El Principito\u2019<\/strong>, de la compa\u00f1\u00eda sanfelipe\u00f1a <strong>Mediterr\u00e1neo<\/strong>, trabajo que se replicar\u00e1 en Curim\u00f3n a partir de las 15 horas en el Centro Comunitario, calle Santiago Bueras #895.<\/p>\n<p style=\"text-align: justify;\">De forma paralela, en la Biblioteca P\u00fablica de San Felipe se estar\u00e1 desarrollando entre las 11 y las 16 horas, la <strong>\u2018Liberaci\u00f3n de Libros\u2019<\/strong>, que seg\u00fan Blanca es <em>\u00abuna actividad muy esperada por los sanfelipe\u00f1os, es la s\u00e9ptima vez que la traemos a la comuna y donde cada persona puede llevar un libro en muy buen estado y cambiarlo por otro, es una buena instancia para que otra persona pueda tener ese libro en sus manos y disfrutarlo\u00bb,<\/em> afirm\u00f3, agregando que, en este trueque no se reciben enciclopedias, diccionarios, ni libros de colecciones que ven\u00edan junto con revistas o peri\u00f3dicos.<\/p>\n<p style=\"text-align: justify;\">A\u00f1adi\u00f3 que, para este s\u00e1bado 9 de abril, a las 11 de la ma\u00f1ana est\u00e1 programado el lanzamiento de la saga juvenil denominada <strong>\u2018Hijos del Universo\u2019<\/strong>, del escritor <strong>Marcos Y\u00e1\u00f1ez<\/strong>. Mientras que, para la \u00faltima semana del mes est\u00e1 programada la exposici\u00f3n de libros visuales <strong>\u00a0\u2018Imaginarios\u2019<\/strong>.<\/p>\n<p style=\"text-align: justify;\">Adem\u00e1s, la profesional inform\u00f3 que durante el mes se est\u00e1n programando visitas guiadas para organizaciones comunitarias y deportivas, Juntas de Vecinos y Establecimientos Educacionales, las cuales pueden agendarse al tel\u00e9fono 342-519043. Mismo contacto que se debe utilizar para formar parte de los clubes de lectura, en los cuales un grupo de aproximadamente diez personas se re\u00fane a leer un mismo t\u00edtulo y comparten la experiencia al mes siguiente.<\/p>\n<p style=\"text-align: justify;\">La directora de Desarrollo Comunitario, <strong>Mar\u00eda Teresa Urbina Hern\u00e1ndez<\/strong>, asegur\u00f3 que la idea de desarrollar varias actividades es fomentar la lectura entre ni\u00f1os, ni\u00f1as, j\u00f3venes y adultos, por lo mismo, invit\u00f3 a la familia a participar de los <em>podcast<\/em> que se estar\u00e1n realizando y tambi\u00e9n de un concurso de poes\u00eda cuyas bases se publicar\u00e1n pr\u00f3ximamente.<\/p>\n<p style=\"text-align: justify;\">\u00ab<em>Ambas bibliotecas, tanto la de Curim\u00f3n como la de San Felipe, han sido remodeladas, son espacios muy amigables, familiares, porque consideramos desde los m\u00e1s peque\u00f1os hasta adultos mayores, as\u00ed que por eso los invitamos a participar, tenemos planificadas visitas guiadas para los colegios y como plan piloto abriremos ambos espacios los d\u00edas s\u00e1bado, entendiendo que de lunes a viernes a la familia se le complica acceder por el trabajo o estudios, as\u00ed que veremos el grado de adherencia para determinar si extendemos el tiempo de atenci\u00f3n\u00bb,<\/em> concluy\u00f3 la Dideco.<\/p>\n<figure id=\"attachment_113730\" aria-describedby=\"caption-attachment-113730\" style=\"width: 698px\" class=\"wp-caption alignnone\"><img data-recalc-dims=\"1\" loading=\"lazy\" decoding=\"async\" class=\"size-full wp-image-113730\" src=\"https:\/\/i0.wp.com\/eltrabajo.cl\/portal\/wp-content\/uploads\/2022\/04\/macarena-blanca.jpg?resize=640%2C414&#038;ssl=1\" alt=\"Macarena Blanca Tapia, encargada de la Biblioteca P\u00fablica Municipal de San Felipe.\" width=\"640\" height=\"414\" srcset=\"https:\/\/i0.wp.com\/eltrabajo.cl\/portal\/wp-content\/uploads\/2022\/04\/macarena-blanca.jpg?w=698&amp;ssl=1 698w, https:\/\/i0.wp.com\/eltrabajo.cl\/portal\/wp-content\/uploads\/2022\/04\/macarena-blanca.jpg?resize=300%2C194&amp;ssl=1 300w, https:\/\/i0.wp.com\/eltrabajo.cl\/portal\/wp-content\/uploads\/2022\/04\/macarena-blanca.jpg?resize=200%2C129&amp;ssl=1 200w, https:\/\/i0.wp.com\/eltrabajo.cl\/portal\/wp-content\/uploads\/2022\/04\/macarena-blanca.jpg?resize=696%2C450&amp;ssl=1 696w\" sizes=\"auto, (max-width: 640px) 100vw, 640px\" \/><figcaption id=\"caption-attachment-113730\" class=\"wp-caption-text\">Macarena Blanca Tapia, encargada de la Biblioteca P\u00fablica Municipal de San Felipe.<\/figcaption><\/figure>\n","protected":false},"excerpt":{"rendered":"<p>Conmemorando el Mes del Libro: Durante abril destacan la Liberaci\u00f3n de Libros, concursos, realizaci\u00f3n de Obras de Teatro, y las visitas guiadas destinadas a Establecimientos Educacionales, Organizaciones Comunitarias y Deportivas y Juntas&#8230;<\/p>\n","protected":false},"author":482,"featured_media":113730,"comment_status":"closed","ping_status":"open","sticky":false,"template":"","format":"standard","meta":{"advanced_seo_description":"","jetpack_seo_html_title":"","jetpack_seo_noindex":false,"_jetpack_memberships_contains_paid_content":false,"footnotes":""},"categories":[1,103],"tags":[],"class_list":["post-113729","post","type-post","status-publish","format-standard","has-post-thumbnail","hentry","category-cronica","category-cronica-2"],"jetpack_featured_media_url":"https:\/\/i0.wp.com\/eltrabajo.cl\/portal\/wp-content\/uploads\/2022\/04\/macarena-blanca.jpg?fit=698%2C451&ssl=1","jetpack_sharing_enabled":true,"jetpack_likes_enabled":true,"jetpack-related-posts":[],"_links":{"self":[{"href":"https:\/\/eltrabajo.cl\/portal\/wp-json\/wp\/v2\/posts\/113729","targetHints":{"allow":["GET"]}}],"collection":[{"href":"https:\/\/eltrabajo.cl\/portal\/wp-json\/wp\/v2\/posts"}],"about":[{"href":"https:\/\/eltrabajo.cl\/portal\/wp-json\/wp\/v2\/types\/post"}],"author":[{"embeddable":true,"href":"https:\/\/eltrabajo.cl\/portal\/wp-json\/wp\/v2\/users\/482"}],"replies":[{"embeddable":true,"href":"https:\/\/eltrabajo.cl\/portal\/wp-json\/wp\/v2\/comments?post=113729"}],"version-history":[{"count":0,"href":"https:\/\/eltrabajo.cl\/portal\/wp-json\/wp\/v2\/posts\/113729\/revisions"}],"wp:featuredmedia":[{"embeddable":true,"href":"https:\/\/eltrabajo.cl\/portal\/wp-json\/wp\/v2\/media\/113730"}],"wp:attachment":[{"href":"https:\/\/eltrabajo.cl\/portal\/wp-json\/wp\/v2\/media?parent=113729"}],"wp:term":[{"taxonomy":"category","embeddable":true,"href":"https:\/\/eltrabajo.cl\/portal\/wp-json\/wp\/v2\/categories?post=113729"},{"taxonomy":"post_tag","embeddable":true,"href":"https:\/\/eltrabajo.cl\/portal\/wp-json\/wp\/v2\/tags?post=113729"}],"curies":[{"name":"wp","href":"https:\/\/api.w.org\/{rel}","templated":true}]}}