{"id":114179,"date":"2022-04-29T07:40:08","date_gmt":"2022-04-29T11:40:08","guid":{"rendered":"https:\/\/eltrabajo.cl\/portal\/?p=114179"},"modified":"2022-04-28T22:01:30","modified_gmt":"2022-04-29T02:01:30","slug":"sip-de-san-felipe-detiene-al-pate-lija-acusado-de-robos-con-intimidacion","status":"publish","type":"post","link":"https:\/\/eltrabajo.cl\/portal\/sip-de-san-felipe-detiene-al-pate-lija-acusado-de-robos-con-intimidacion\/","title":{"rendered":"SIP de San Felipe detiene al \u2018Pate Lija\u2019 acusado de robos con intimidaci\u00f3n"},"content":{"rendered":"<p style=\"text-align: justify;\">Personal de la SIP de Carabineros de San Felipe detuvo este d\u00eda mi\u00e9rcoles en la tarde en la comuna de Llay Llay, a un sujeto muy conocido en el \u00e1mbito delictual. Se trata de \u2018El Pate Lija\u2019, acusado de robo con intimidaci\u00f3n.<\/p>\n<p style=\"text-align: justify;\">La informaci\u00f3n fue entregada por el mayor y comisario de San Felipe, <strong>Cristian Ram\u00edrez Gald\u00e1mez<\/strong>, quien se\u00f1al\u00f3 que <em>\u00abtras diversas diligencias investigativas realizadas por la Secci\u00f3n de Investigaci\u00f3n Policial de la Segunda Comisar\u00eda de San Felipe, espec\u00edficamente en noviembre del a\u00f1o pasado se logr\u00f3 acreditar los delitos de robo con intimidaci\u00f3n, dos casos, a una persona mayor de edad con amplio prontuario policial, m\u00e1s conocido como \u2018El Pate Lija\u2019, quien es oriundo de la comuna de Llay Llay, para el cual se solicit\u00f3 la orden de detenci\u00f3n en su contra, siendo otorgada el 25 del actual, ante lo cual y a ra\u00edz de las diligencias efectuadas por personal especializado, se logr\u00f3 la detenci\u00f3n de esta persona que se concret\u00f3 en horas de la tarde del d\u00eda de ayer\u00bb<\/em> (mi\u00e9rcoles), dice.<\/p>\n<p style=\"text-align: justify;\">Recalc\u00f3 el mayor Ram\u00edrez Gald\u00e1mez que esta detenci\u00f3n demuestra el profesionalismo desarrollado por personal de la Secci\u00f3n de Investigaci\u00f3n Policial, <em>\u00abpuesto que para lograr estos resultados se tiene que hacer un trabajo profesional exhaustivo, lo cual obviamente da luz del trabajo profesional que se est\u00e1 desarrollando\u00bb,<\/em> se\u00f1ala.<\/p>\n<p style=\"text-align: justify;\">Tambi\u00e9n agradece a las personas que colaboraron en toda esta materia de la investigaci\u00f3n y <em>\u00abtambi\u00e9n transmitirle a los vecinos que eran v\u00edctimas en este caso de este antisocial, la tranquilidad que el trabajo de Carabineros se est\u00e1 desarrollando en forma correcta\u00bb,<\/em> finaliz\u00f3.<\/p>\n<p style=\"text-align: justify;\">Hizo hincapi\u00e9 que por parte del Ministerio P\u00fablico se est\u00e1 solicitando una pena alta producto de la comisi\u00f3n de estos il\u00edcitos.<\/p>\n<p style=\"text-align: justify;\">La detenci\u00f3n del sujeto se llev\u00f3 a cabo en Poblaci\u00f3n Las Palmas de Llay Llay por parte de la SIP.<\/p>\n<p style=\"text-align: justify;\">Decir que una vez finalizado el control de detenci\u00f3n del imputado, de iniciales <strong>Y.O.P.M.<\/strong>, de 25 a\u00f1os de edad, qued\u00f3 en prisi\u00f3n preventiva por ser considerado un peligro para la sociedad, determin\u00e1ndose un plazo de 90 d\u00edas para el cierre de la investigaci\u00f3n.<\/p>\n<figure id=\"attachment_114180\" aria-describedby=\"caption-attachment-114180\" style=\"width: 698px\" class=\"wp-caption alignnone\"><img data-recalc-dims=\"1\" loading=\"lazy\" decoding=\"async\" class=\"size-full wp-image-114180\" src=\"https:\/\/i0.wp.com\/eltrabajo.cl\/portal\/wp-content\/uploads\/2022\/04\/Imputado.jpg?resize=640%2C447&#038;ssl=1\" alt=\"El imputado, ampliamente conocido como \u2018El Pate Lija\u2019, siendo subido al carro policial en Llay Llay.\" width=\"640\" height=\"447\" srcset=\"https:\/\/i0.wp.com\/eltrabajo.cl\/portal\/wp-content\/uploads\/2022\/04\/Imputado.jpg?w=698&amp;ssl=1 698w, https:\/\/i0.wp.com\/eltrabajo.cl\/portal\/wp-content\/uploads\/2022\/04\/Imputado.jpg?resize=300%2C210&amp;ssl=1 300w, https:\/\/i0.wp.com\/eltrabajo.cl\/portal\/wp-content\/uploads\/2022\/04\/Imputado.jpg?resize=200%2C140&amp;ssl=1 200w, https:\/\/i0.wp.com\/eltrabajo.cl\/portal\/wp-content\/uploads\/2022\/04\/Imputado.jpg?resize=696%2C487&amp;ssl=1 696w\" sizes=\"auto, (max-width: 640px) 100vw, 640px\" \/><figcaption id=\"caption-attachment-114180\" class=\"wp-caption-text\">El imputado, ampliamente conocido como \u2018El Pate Lija\u2019, siendo subido al carro policial en Llay Llay.<\/figcaption><\/figure>\n","protected":false},"excerpt":{"rendered":"<p>Personal de la SIP de Carabineros de San Felipe detuvo este d\u00eda mi\u00e9rcoles en la tarde en la comuna de Llay Llay, a un sujeto muy conocido en el \u00e1mbito delictual. Se&#8230;<\/p>\n","protected":false},"author":482,"featured_media":114180,"comment_status":"closed","ping_status":"open","sticky":false,"template":"","format":"standard","meta":{"advanced_seo_description":"","jetpack_seo_html_title":"","jetpack_seo_noindex":false,"_jetpack_memberships_contains_paid_content":false,"footnotes":""},"categories":[21],"tags":[],"class_list":["post-114179","post","type-post","status-publish","format-standard","has-post-thumbnail","hentry","category-policial"],"jetpack_featured_media_url":"https:\/\/i0.wp.com\/eltrabajo.cl\/portal\/wp-content\/uploads\/2022\/04\/Imputado.jpg?fit=698%2C488&ssl=1","jetpack_sharing_enabled":true,"jetpack_likes_enabled":true,"jetpack-related-posts":[],"_links":{"self":[{"href":"https:\/\/eltrabajo.cl\/portal\/wp-json\/wp\/v2\/posts\/114179","targetHints":{"allow":["GET"]}}],"collection":[{"href":"https:\/\/eltrabajo.cl\/portal\/wp-json\/wp\/v2\/posts"}],"about":[{"href":"https:\/\/eltrabajo.cl\/portal\/wp-json\/wp\/v2\/types\/post"}],"author":[{"embeddable":true,"href":"https:\/\/eltrabajo.cl\/portal\/wp-json\/wp\/v2\/users\/482"}],"replies":[{"embeddable":true,"href":"https:\/\/eltrabajo.cl\/portal\/wp-json\/wp\/v2\/comments?post=114179"}],"version-history":[{"count":0,"href":"https:\/\/eltrabajo.cl\/portal\/wp-json\/wp\/v2\/posts\/114179\/revisions"}],"wp:featuredmedia":[{"embeddable":true,"href":"https:\/\/eltrabajo.cl\/portal\/wp-json\/wp\/v2\/media\/114180"}],"wp:attachment":[{"href":"https:\/\/eltrabajo.cl\/portal\/wp-json\/wp\/v2\/media?parent=114179"}],"wp:term":[{"taxonomy":"category","embeddable":true,"href":"https:\/\/eltrabajo.cl\/portal\/wp-json\/wp\/v2\/categories?post=114179"},{"taxonomy":"post_tag","embeddable":true,"href":"https:\/\/eltrabajo.cl\/portal\/wp-json\/wp\/v2\/tags?post=114179"}],"curies":[{"name":"wp","href":"https:\/\/api.w.org\/{rel}","templated":true}]}}