{"id":114208,"date":"2022-05-02T07:50:30","date_gmt":"2022-05-02T11:50:30","guid":{"rendered":"https:\/\/eltrabajo.cl\/portal\/?p=114208"},"modified":"2022-05-01T21:10:35","modified_gmt":"2022-05-02T01:10:35","slug":"bomberos-controlo-rapidamente-incendio-provocado-por-quema-de-basura","status":"publish","type":"post","link":"https:\/\/eltrabajo.cl\/portal\/bomberos-controlo-rapidamente-incendio-provocado-por-quema-de-basura\/","title":{"rendered":"Bomberos control\u00f3 r\u00e1pidamente incendio provocado por quema de basura"},"content":{"rendered":"<ul style=\"text-align: justify;\">\n<li style=\"text-align: left;\"><strong> Emergencia se produjo luego que hombre comenzara a incinerar gran cantidad de ropa en calle Salinas con Uno Norte.- <\/strong><\/li>\n<\/ul>\n<p style=\"text-align: justify;\">Voluntarios del Cuerpo de Bomberos de San Felipe concurrieron a un llamado estructural en calle Salinas con Uno Norte. La emergencia se produjo durante la ma\u00f1ana del pasado d\u00eda viernes, cuando un hombre comenz\u00f3 a quemar gran cantidad de ropa que ten\u00eda en su vivienda.<\/p>\n<p style=\"text-align: justify;\">Fueron los propios vecinos quienes alertaron a personal de bomberos, quienes llegaron r\u00e1pidamente al lugar de la emergencia, percat\u00e1ndose que un hombre se encontraba realizando una quema de ropa en una vivienda ubicada al lado de un taller mec\u00e1nico.<\/p>\n<p style=\"text-align: justify;\">El comandante del Cuerpo de Bomberos de San Felipe, <strong>Juan Carlos Herrera Lillo<\/strong>, se\u00f1al\u00f3 que <em>\u00abse trat\u00f3 de una persona que tiene acumulaci\u00f3n de basura y estaba quemando gran cantidad de ropa, por eso los vecinos llamaron porque \u00e9l tampoco ten\u00eda agua, por eso llamaron a bomberos porque no pod\u00eda controlar el incendio que provoc\u00f3\u00bb. <\/em><\/p>\n<p style=\"text-align: justify;\">Afortunadamente la emergencia no pas\u00f3 a mayores debido a la oportuna acci\u00f3n de bomberos quienes lograron controlar r\u00e1pidamente la emergencia.<\/p>\n<figure id=\"attachment_114209\" aria-describedby=\"caption-attachment-114209\" style=\"width: 698px\" class=\"wp-caption alignnone\"><img data-recalc-dims=\"1\" loading=\"lazy\" decoding=\"async\" class=\"size-full wp-image-114209\" src=\"https:\/\/i0.wp.com\/eltrabajo.cl\/portal\/wp-content\/uploads\/2022\/05\/amago-incendio.jpg?resize=640%2C360&#038;ssl=1\" alt=\"Bomberos logr\u00f3 controlar r\u00e1pidamente incendio en calle Salinas con Uno Norte.\" width=\"640\" height=\"360\" srcset=\"https:\/\/i0.wp.com\/eltrabajo.cl\/portal\/wp-content\/uploads\/2022\/05\/amago-incendio.jpg?w=698&amp;ssl=1 698w, https:\/\/i0.wp.com\/eltrabajo.cl\/portal\/wp-content\/uploads\/2022\/05\/amago-incendio.jpg?resize=300%2C169&amp;ssl=1 300w, https:\/\/i0.wp.com\/eltrabajo.cl\/portal\/wp-content\/uploads\/2022\/05\/amago-incendio.jpg?resize=200%2C113&amp;ssl=1 200w, https:\/\/i0.wp.com\/eltrabajo.cl\/portal\/wp-content\/uploads\/2022\/05\/amago-incendio.jpg?resize=696%2C392&amp;ssl=1 696w\" sizes=\"auto, (max-width: 640px) 100vw, 640px\" \/><figcaption id=\"caption-attachment-114209\" class=\"wp-caption-text\">Bomberos logr\u00f3 controlar r\u00e1pidamente incendio en calle Salinas con Uno Norte.<\/figcaption><\/figure>\n","protected":false},"excerpt":{"rendered":"<p>Emergencia se produjo luego que hombre comenzara a incinerar gran cantidad de ropa en calle Salinas con Uno Norte.- Voluntarios del Cuerpo de Bomberos de San Felipe concurrieron a un llamado estructural&#8230;<\/p>\n","protected":false},"author":482,"featured_media":114209,"comment_status":"closed","ping_status":"open","sticky":false,"template":"","format":"standard","meta":{"advanced_seo_description":"","jetpack_seo_html_title":"","jetpack_seo_noindex":false,"_jetpack_memberships_contains_paid_content":false,"footnotes":""},"categories":[21],"tags":[],"class_list":["post-114208","post","type-post","status-publish","format-standard","has-post-thumbnail","hentry","category-policial"],"jetpack_featured_media_url":"https:\/\/i0.wp.com\/eltrabajo.cl\/portal\/wp-content\/uploads\/2022\/05\/amago-incendio.jpg?fit=698%2C393&ssl=1","jetpack_sharing_enabled":true,"jetpack_likes_enabled":true,"jetpack-related-posts":[],"_links":{"self":[{"href":"https:\/\/eltrabajo.cl\/portal\/wp-json\/wp\/v2\/posts\/114208","targetHints":{"allow":["GET"]}}],"collection":[{"href":"https:\/\/eltrabajo.cl\/portal\/wp-json\/wp\/v2\/posts"}],"about":[{"href":"https:\/\/eltrabajo.cl\/portal\/wp-json\/wp\/v2\/types\/post"}],"author":[{"embeddable":true,"href":"https:\/\/eltrabajo.cl\/portal\/wp-json\/wp\/v2\/users\/482"}],"replies":[{"embeddable":true,"href":"https:\/\/eltrabajo.cl\/portal\/wp-json\/wp\/v2\/comments?post=114208"}],"version-history":[{"count":0,"href":"https:\/\/eltrabajo.cl\/portal\/wp-json\/wp\/v2\/posts\/114208\/revisions"}],"wp:featuredmedia":[{"embeddable":true,"href":"https:\/\/eltrabajo.cl\/portal\/wp-json\/wp\/v2\/media\/114209"}],"wp:attachment":[{"href":"https:\/\/eltrabajo.cl\/portal\/wp-json\/wp\/v2\/media?parent=114208"}],"wp:term":[{"taxonomy":"category","embeddable":true,"href":"https:\/\/eltrabajo.cl\/portal\/wp-json\/wp\/v2\/categories?post=114208"},{"taxonomy":"post_tag","embeddable":true,"href":"https:\/\/eltrabajo.cl\/portal\/wp-json\/wp\/v2\/tags?post=114208"}],"curies":[{"name":"wp","href":"https:\/\/api.w.org\/{rel}","templated":true}]}}