{"id":114354,"date":"2022-05-09T07:45:37","date_gmt":"2022-05-09T11:45:37","guid":{"rendered":"https:\/\/eltrabajo.cl\/portal\/?p=114354"},"modified":"2022-05-08T22:54:45","modified_gmt":"2022-05-09T02:54:45","slug":"detienen-a-sujetos-que-intentaron-asaltar-servicentro-copec-de-tocornal","status":"publish","type":"post","link":"https:\/\/eltrabajo.cl\/portal\/detienen-a-sujetos-que-intentaron-asaltar-servicentro-copec-de-tocornal\/","title":{"rendered":"Detienen a sujetos que intentaron asaltar servicentro Copec de Tocornal"},"content":{"rendered":"<p style=\"text-align: left;\"><span style=\"color: #ff0000;\"><strong>Carabineros de San Felipe:<\/strong><\/span><\/p>\n<ul style=\"text-align: left;\">\n<li><strong>Detenidos portaban especies robadas en supermercado de Los Andes.-<\/strong><\/li>\n<\/ul>\n<p style=\"text-align: justify;\">En un r\u00e1pido accionar de Carabineros de San Felipe, coordinados con personal de otros destacamentos de la Prefectura de Aconcagua, se pudo detener a cuatro sujetos que movilizados en un veh\u00edculo intentaron asaltar el servicentro Copec de Tocornal, usando para ello el factor sorpresa, seg\u00fan inform\u00f3 Carabineros. De todas maneras no lograron su objetivo, siendo posteriormente aprehendidos y encontrando dentro del veh\u00edculo especies robadas en un supermercado de Los Andes.<\/p>\n<p style=\"text-align: justify;\">Este procedimiento fue informado por el comisario de Carabineros de San Felipe, mayor <strong>Cristian Ram\u00edrez Gald\u00e1mez<\/strong>, recordando que estas detenciones se produjeron el d\u00eda jueves en la ma\u00f1ana.<\/p>\n<p style=\"text-align: justify;\">\u00ab<em>Durante la ma\u00f1ana de este jueves fuimos alertados que en la Copec de Tocornal de ac\u00e1 de la comuna de San Felipe, unas personas que se desplazaban en un veh\u00edculo particular Chevrolet Sail color gris. Decretamos r\u00e1pidamente el cierre perimetral y empezamos a buscar a estos antisociales. Obviamente se coordin\u00f3 con todos los destacamentos de la comuna y de la prefectura de Aconcagua espec\u00edficamente para lograr dicho cometido. Es as\u00ed que el personal de la comuna de Los Andes, dentro de sus patrullajes logra divisar este veh\u00edculo, le efect\u00faan la fiscalizaci\u00f3n, en el cual se encuentran cuatro ocupantes con antecedentes policiales oriundos de la comuna de Los Andes, uno con una orden vigente. En el control al veh\u00edculo de igual forma se encontraron especies, las cuales hab\u00edan sido sustra\u00eddas en el Supermercado Jumbo de Los Andes. Se dio cuenta al Ministerio P\u00fablico\u00bb,<\/em> dice el oficial.<\/p>\n<p style=\"text-align: justify;\">&#8211; <strong>\u00bfEn la Copec ellos robaron algo o no?<\/strong><\/p>\n<p style=\"text-align: justify;\">&#8211; No, no alcanzaron a robar, no lograron su cometido, d\u00e1ndose a la fuga del lugar, siendo r\u00e1pidamente detenidos por Carabineros conforme a todas las coordinaciones que se hacen. Estamos conformes\u00a0 con el trabajo desarrollado, las coordinaciones que est\u00e1n dando efecto obviamente para tranquilidad de nuestros vecinos.<\/p>\n<p style=\"text-align: justify;\">&#8211; <strong>\u00bfAmenazaron a los bomberos del servicentro, qu\u00e9 pas\u00f3 que, no alcanzaron a cometer el delito?<\/strong><\/p>\n<p style=\"text-align: justify;\">&#8211; Ellos ocuparon el factor sorpresa para tratar de cometer el delito. No ocuparon ning\u00fan medio de intimidaci\u00f3n en este caso para cometer el il\u00edcito.<\/p>\n<figure id=\"attachment_114355\" aria-describedby=\"caption-attachment-114355\" style=\"width: 698px\" class=\"wp-caption alignnone\"><img data-recalc-dims=\"1\" loading=\"lazy\" decoding=\"async\" class=\"size-full wp-image-114355\" src=\"https:\/\/i0.wp.com\/eltrabajo.cl\/portal\/wp-content\/uploads\/2022\/05\/Cristian-Ramirez-Galdamez.jpg?resize=640%2C410&#038;ssl=1\" alt=\"Mayor Cristian Ram\u00edrez Gald\u00e1mez, comisario de San Felipe.\" width=\"640\" height=\"410\" srcset=\"https:\/\/i0.wp.com\/eltrabajo.cl\/portal\/wp-content\/uploads\/2022\/05\/Cristian-Ramirez-Galdamez.jpg?w=698&amp;ssl=1 698w, https:\/\/i0.wp.com\/eltrabajo.cl\/portal\/wp-content\/uploads\/2022\/05\/Cristian-Ramirez-Galdamez.jpg?resize=300%2C192&amp;ssl=1 300w, https:\/\/i0.wp.com\/eltrabajo.cl\/portal\/wp-content\/uploads\/2022\/05\/Cristian-Ramirez-Galdamez.jpg?resize=200%2C128&amp;ssl=1 200w, https:\/\/i0.wp.com\/eltrabajo.cl\/portal\/wp-content\/uploads\/2022\/05\/Cristian-Ramirez-Galdamez.jpg?resize=696%2C446&amp;ssl=1 696w\" sizes=\"auto, (max-width: 640px) 100vw, 640px\" \/><figcaption id=\"caption-attachment-114355\" class=\"wp-caption-text\">Mayor Cristian Ram\u00edrez Gald\u00e1mez, comisario de San Felipe.<\/figcaption><\/figure>\n","protected":false},"excerpt":{"rendered":"<p>Carabineros de San Felipe: Detenidos portaban especies robadas en supermercado de Los Andes.- En un r\u00e1pido accionar de Carabineros de San Felipe, coordinados con personal de otros destacamentos de la Prefectura de&#8230;<\/p>\n","protected":false},"author":482,"featured_media":114355,"comment_status":"closed","ping_status":"open","sticky":false,"template":"","format":"standard","meta":{"advanced_seo_description":"","jetpack_seo_html_title":"","jetpack_seo_noindex":false,"_jetpack_memberships_contains_paid_content":false,"footnotes":""},"categories":[21],"tags":[],"class_list":["post-114354","post","type-post","status-publish","format-standard","has-post-thumbnail","hentry","category-policial"],"jetpack_featured_media_url":"https:\/\/i0.wp.com\/eltrabajo.cl\/portal\/wp-content\/uploads\/2022\/05\/Cristian-Ramirez-Galdamez.jpg?fit=698%2C447&ssl=1","jetpack_sharing_enabled":true,"jetpack_likes_enabled":true,"jetpack-related-posts":[],"_links":{"self":[{"href":"https:\/\/eltrabajo.cl\/portal\/wp-json\/wp\/v2\/posts\/114354","targetHints":{"allow":["GET"]}}],"collection":[{"href":"https:\/\/eltrabajo.cl\/portal\/wp-json\/wp\/v2\/posts"}],"about":[{"href":"https:\/\/eltrabajo.cl\/portal\/wp-json\/wp\/v2\/types\/post"}],"author":[{"embeddable":true,"href":"https:\/\/eltrabajo.cl\/portal\/wp-json\/wp\/v2\/users\/482"}],"replies":[{"embeddable":true,"href":"https:\/\/eltrabajo.cl\/portal\/wp-json\/wp\/v2\/comments?post=114354"}],"version-history":[{"count":0,"href":"https:\/\/eltrabajo.cl\/portal\/wp-json\/wp\/v2\/posts\/114354\/revisions"}],"wp:featuredmedia":[{"embeddable":true,"href":"https:\/\/eltrabajo.cl\/portal\/wp-json\/wp\/v2\/media\/114355"}],"wp:attachment":[{"href":"https:\/\/eltrabajo.cl\/portal\/wp-json\/wp\/v2\/media?parent=114354"}],"wp:term":[{"taxonomy":"category","embeddable":true,"href":"https:\/\/eltrabajo.cl\/portal\/wp-json\/wp\/v2\/categories?post=114354"},{"taxonomy":"post_tag","embeddable":true,"href":"https:\/\/eltrabajo.cl\/portal\/wp-json\/wp\/v2\/tags?post=114354"}],"curies":[{"name":"wp","href":"https:\/\/api.w.org\/{rel}","templated":true}]}}