{"id":114387,"date":"2022-05-10T07:50:38","date_gmt":"2022-05-10T11:50:38","guid":{"rendered":"https:\/\/eltrabajo.cl\/portal\/?p=114387"},"modified":"2022-05-09T23:06:15","modified_gmt":"2022-05-10T03:06:15","slug":"nuevamente-ingresan-a-robar-a-locales-comerciales-de-calle-traslavina","status":"publish","type":"post","link":"https:\/\/eltrabajo.cl\/portal\/nuevamente-ingresan-a-robar-a-locales-comerciales-de-calle-traslavina\/","title":{"rendered":"Nuevamente ingresan a robar a locales comerciales de calle Traslavi\u00f1a"},"content":{"rendered":"<ul style=\"text-align: justify;\">\n<li style=\"text-align: left;\"><strong>Dos delincuentes entraron a dos establecimientos durante la madrugada de ayer.-<\/strong><\/li>\n<\/ul>\n<p style=\"text-align: justify;\">Dos nuevos robos en calle Traslavi\u00f1a quedaron al descubierto la ma\u00f1ana de ayer lunes, cuando los propietarios de sendos y vecinos locales comerciales se percataron, gracias a las c\u00e1maras de seguridad y alarmas, que dos delincuentes hab\u00edan ingresado hasta sus respectivos establecimientos para robar.<\/p>\n<p style=\"text-align: justify;\">En espec\u00edfico los propietarios de los locales <strong>\u2018Device\u2019<\/strong> y <strong>\u2018Only You\u2019<\/strong>, este \u00faltimo que ya hab\u00eda sido v\u00edctima de la delincuencia hace unas semanas, vieron como dos sujetos ingresaron por la parte trasera de los establecimientos y accedieron a los locales para llevarse lo que pudieron.<\/p>\n<p style=\"text-align: justify;\">Uno de los propietarios, que por motivos de seguridad pidi\u00f3 la reserva de su nombre, se\u00f1al\u00f3 a <strong>Diario El Trabajo<\/strong> que <em>\u00abac\u00e1 en nuestro local se metieron por la parte de atr\u00e1s, abriendo la ventana del ba\u00f1o. Ac\u00e1 solamente ingres\u00f3 un sujeto y estuvo revisando la caja donde siempre guardamos la plata, se llev\u00f3 ropa y eso fue todo. Gracias a Dios no se llev\u00f3 plata, aunque a\u00fan no tenemos un aval\u00fao de lo que se llev\u00f3, tampoco hubo mucho desorden, no rompi\u00f3 nada, ser\u00eda un poquito lo bueno por as\u00ed decirlo. Es complicado hacer el monto de plata que se llevaron, pero no fue en plata en efectivo que es lo que m\u00e1s duele para el bolsillo\u00bb.<\/em><\/p>\n<p style=\"text-align: justify;\">En este sentido, el hombre adem\u00e1s detall\u00f3 que <em>\u00abes dif\u00edcil saber c\u00f3mo entraron porque los techos son s\u00faper altos, nosotros estamos viendo y no sabemos por d\u00f3nde ingresaron, quiz\u00e1s por los techos saltaron, pero despu\u00e9s no sabemos por d\u00f3nde bajaron\u00bb.<\/em><\/p>\n<p style=\"text-align: justify;\">Delincuentes que adem\u00e1s tuvieron tiempo de estar tranquilamente al interior de los locales comerciales, y es que seg\u00fan coment\u00f3 la v\u00edctima, <em>\u00abestuvieron cerca de 20 minutos, s\u00faper calmados, hasta que son\u00f3 la alarma de la tienda de al lado y ah\u00ed yo creo que se asustaron y arrancaron con las cosas de ambos locales\u00bb. <\/em><\/p>\n<p style=\"text-align: justify;\">Robo que qued\u00f3 registrado en las c\u00e1maras de seguridad de los locales, en donde se puede ver claramente el actuar de los delincuentes. <em>\u00abLo que nosotros pudimos grabar con nuestras c\u00e1maras, ac\u00e1 se meti\u00f3 solamente un tipo y la tienda de al lado se meti\u00f3 otro, no s\u00e9 si eran m\u00e1s que hayan estado esperando afuera, no lo s\u00e9, pero en las c\u00e1maras se ve que eran dos tipos\u00bb,<\/em> agreg\u00f3.<\/p>\n<p style=\"text-align: justify;\">\u00a0Actuar de los delincuentes que lamentablemente no es la primera vez que afecta a comerciantes de calle Traslavi\u00f1a, y es que sumados a estos dos recintos, hace semanas delincuentes robaron en una peluquer\u00eda y a \u2018La Casa del Celular\u2019, todos ubicados en la misma calle.<\/p>\n<p style=\"text-align: justify;\">En este \u00e1mbito, y respecto de qu\u00e9 medidas han podido adoptar como comerciantes, la v\u00edctima de este \u00faltimo robo indic\u00f3 que <em>\u00abcomo comunidad estamos viendo el tema, ya los due\u00f1os no nos podemos hacer m\u00e1s cargo, tenemos que seguir invirtiendo en seguridad porque es la \u00fanica soluci\u00f3n que podemos ver a corto plazo\u00bb.<\/em><\/p>\n<figure id=\"attachment_114388\" aria-describedby=\"caption-attachment-114388\" style=\"width: 700px\" class=\"wp-caption alignnone\"><img data-recalc-dims=\"1\" loading=\"lazy\" decoding=\"async\" class=\"size-full wp-image-114388\" src=\"https:\/\/i0.wp.com\/eltrabajo.cl\/portal\/wp-content\/uploads\/2022\/05\/robo-traslavina-1.jpg?resize=640%2C480&#038;ssl=1\" alt=\"Dos locales comerciales de calle Traslavi\u00f1a fueron v\u00edctimas de la delincuencia.\" width=\"640\" height=\"480\" srcset=\"https:\/\/i0.wp.com\/eltrabajo.cl\/portal\/wp-content\/uploads\/2022\/05\/robo-traslavina-1.jpg?w=700&amp;ssl=1 700w, https:\/\/i0.wp.com\/eltrabajo.cl\/portal\/wp-content\/uploads\/2022\/05\/robo-traslavina-1.jpg?resize=300%2C225&amp;ssl=1 300w, https:\/\/i0.wp.com\/eltrabajo.cl\/portal\/wp-content\/uploads\/2022\/05\/robo-traslavina-1.jpg?resize=200%2C150&amp;ssl=1 200w, https:\/\/i0.wp.com\/eltrabajo.cl\/portal\/wp-content\/uploads\/2022\/05\/robo-traslavina-1.jpg?resize=696%2C522&amp;ssl=1 696w\" sizes=\"auto, (max-width: 640px) 100vw, 640px\" \/><figcaption id=\"caption-attachment-114388\" class=\"wp-caption-text\">Dos locales comerciales de calle Traslavi\u00f1a fueron v\u00edctimas de la delincuencia.<\/figcaption><\/figure>\n<figure id=\"attachment_114389\" aria-describedby=\"caption-attachment-114389\" style=\"width: 699px\" class=\"wp-caption alignnone\"><img data-recalc-dims=\"1\" loading=\"lazy\" decoding=\"async\" class=\"size-full wp-image-114389\" src=\"https:\/\/i0.wp.com\/eltrabajo.cl\/portal\/wp-content\/uploads\/2022\/05\/robo-traslavina-2.jpg?resize=640%2C346&#038;ssl=1\" alt=\"Este es uno de los delincuentes que ingres\u00f3 a robar a un local en calle Traslavi\u00f1a.\" width=\"640\" height=\"346\" srcset=\"https:\/\/i0.wp.com\/eltrabajo.cl\/portal\/wp-content\/uploads\/2022\/05\/robo-traslavina-2.jpg?w=699&amp;ssl=1 699w, https:\/\/i0.wp.com\/eltrabajo.cl\/portal\/wp-content\/uploads\/2022\/05\/robo-traslavina-2.jpg?resize=300%2C162&amp;ssl=1 300w, https:\/\/i0.wp.com\/eltrabajo.cl\/portal\/wp-content\/uploads\/2022\/05\/robo-traslavina-2.jpg?resize=200%2C108&amp;ssl=1 200w, https:\/\/i0.wp.com\/eltrabajo.cl\/portal\/wp-content\/uploads\/2022\/05\/robo-traslavina-2.jpg?resize=696%2C376&amp;ssl=1 696w\" sizes=\"auto, (max-width: 640px) 100vw, 640px\" \/><figcaption id=\"caption-attachment-114389\" class=\"wp-caption-text\">Este es uno de los delincuentes que ingres\u00f3 a robar a un local en calle Traslavi\u00f1a.<\/figcaption><\/figure>\n","protected":false},"excerpt":{"rendered":"<p>Dos delincuentes entraron a dos establecimientos durante la madrugada de ayer.- Dos nuevos robos en calle Traslavi\u00f1a quedaron al descubierto la ma\u00f1ana de ayer lunes, cuando los propietarios de sendos y vecinos&#8230;<\/p>\n","protected":false},"author":482,"featured_media":114389,"comment_status":"closed","ping_status":"open","sticky":false,"template":"","format":"standard","meta":{"advanced_seo_description":"","jetpack_seo_html_title":"","jetpack_seo_noindex":false,"_jetpack_memberships_contains_paid_content":false,"footnotes":""},"categories":[21],"tags":[],"class_list":["post-114387","post","type-post","status-publish","format-standard","has-post-thumbnail","hentry","category-policial"],"jetpack_featured_media_url":"https:\/\/i0.wp.com\/eltrabajo.cl\/portal\/wp-content\/uploads\/2022\/05\/robo-traslavina-2.jpg?fit=699%2C378&ssl=1","jetpack_sharing_enabled":true,"jetpack_likes_enabled":true,"jetpack-related-posts":[],"_links":{"self":[{"href":"https:\/\/eltrabajo.cl\/portal\/wp-json\/wp\/v2\/posts\/114387","targetHints":{"allow":["GET"]}}],"collection":[{"href":"https:\/\/eltrabajo.cl\/portal\/wp-json\/wp\/v2\/posts"}],"about":[{"href":"https:\/\/eltrabajo.cl\/portal\/wp-json\/wp\/v2\/types\/post"}],"author":[{"embeddable":true,"href":"https:\/\/eltrabajo.cl\/portal\/wp-json\/wp\/v2\/users\/482"}],"replies":[{"embeddable":true,"href":"https:\/\/eltrabajo.cl\/portal\/wp-json\/wp\/v2\/comments?post=114387"}],"version-history":[{"count":0,"href":"https:\/\/eltrabajo.cl\/portal\/wp-json\/wp\/v2\/posts\/114387\/revisions"}],"wp:featuredmedia":[{"embeddable":true,"href":"https:\/\/eltrabajo.cl\/portal\/wp-json\/wp\/v2\/media\/114389"}],"wp:attachment":[{"href":"https:\/\/eltrabajo.cl\/portal\/wp-json\/wp\/v2\/media?parent=114387"}],"wp:term":[{"taxonomy":"category","embeddable":true,"href":"https:\/\/eltrabajo.cl\/portal\/wp-json\/wp\/v2\/categories?post=114387"},{"taxonomy":"post_tag","embeddable":true,"href":"https:\/\/eltrabajo.cl\/portal\/wp-json\/wp\/v2\/tags?post=114387"}],"curies":[{"name":"wp","href":"https:\/\/api.w.org\/{rel}","templated":true}]}}