{"id":114394,"date":"2022-05-10T08:00:33","date_gmt":"2022-05-10T12:00:33","guid":{"rendered":"https:\/\/eltrabajo.cl\/portal\/?p=114394"},"modified":"2022-05-09T23:12:04","modified_gmt":"2022-05-10T03:12:04","slug":"desconocido-salva-a-mujer-de-ser-asaltada-en-poblacion-santa-brigida","status":"publish","type":"post","link":"https:\/\/eltrabajo.cl\/portal\/desconocido-salva-a-mujer-de-ser-asaltada-en-poblacion-santa-brigida\/","title":{"rendered":"Desconocido salva a mujer de ser asaltada en Poblaci\u00f3n Santa Br\u00edgida"},"content":{"rendered":"<p style=\"text-align: left;\"><span style=\"color: #ff0000;\"><strong>Increp\u00f3 a dos delincuentes en pleno atraco:<\/strong><\/span><\/p>\n<p style=\"text-align: justify;\">\u00a1D\u00e9jenla! fue la palabra dicha por un vecino que salv\u00f3 a una mujer de ser asaltada por dos delincuentes que la abordaron cuando caminaba ayer en la ma\u00f1ana por una de las calles de la poblaci\u00f3n Santa Br\u00edgida, despu\u00e9s de haber ido al Cesfam Doctor Segismundo Iturra Taito. De todas maneras se siente muy asustada para salir a la calle.<\/p>\n<p style=\"text-align: justify;\">La v\u00edctima, <strong>Lorena<\/strong>, nos cuenta que ayer fue al Centro de Salud Familiar, saliendo\u00a0 pasadas las nueve de la ma\u00f1ana. Alrededor de una hora despu\u00e9s, cerca de las diez y despu\u00e9s de realizar algunas diligencias, se fue caminando a su casa en Villa Los \u00c1lamos; <em>\u00abcuando\u00a0 regresaba dos muchachos me agarraron de la espalda con la intenci\u00f3n de robarme la mochila. La cuesti\u00f3n es que un caballero grit\u00f3 \u2018\u00a1d\u00e9jenla!\u2019 y un muchacho sali\u00f3 corriendo. Uno andaba con polera blanca y el otro con un poler\u00f3n negro con capucha, entonces no me percat\u00e9 tanto porque me agarraron por la espalda\u00bb,<\/em> dice.<\/p>\n<p style=\"text-align: justify;\">Cuenta que forceje\u00f3 con el sujeto de poler\u00f3n negro y se termin\u00f3 por zafar <em>\u00abun tirante de la mochila, la cual se rompi\u00f3 y yo agarr\u00e9 la mochila y me puses a correr, no s\u00e9 qu\u00e9 habr\u00e1 pasado con el otro muchacho porque donde yo corr\u00ed. Yo ten\u00eda mi tel\u00e9fono en mi pantal\u00f3n, en la parte de adelante. Yo llam\u00e9 a mi pareja, porque sufro del coraz\u00f3n tambi\u00e9n, hace poco sufr\u00ed un preinfarto, igual estaba asustada, entonces atin\u00e9 a s\u00f3lo correr\u00bb,<\/em> comenta.<\/p>\n<p style=\"text-align: justify;\">Lorena hizo p\u00fablico lo ocurrido en su Facebook, como una forma de alertar y llamar a la precauci\u00f3n; <em>\u00abm\u00e1s a las mujeres con beb\u00e9, yo andaba sola y quiz\u00e1s donde me vieron sola se tiraron. Yo no ten\u00eda nada como para resguardarme, solamente tirone\u00e9 y sal\u00ed corriendo, agradeciendo que no llevaban armas blancas o cualquier tipo de esas cosas, porque gracias a Dios a mi no me pas\u00f3 nada. Yo di aviso a Carabineros, pero m\u00e1s est\u00e1 para la precauci\u00f3n de las mujeres, porque ahora me da miedo caminar sola, por lo que pas\u00f3 hoy d\u00eda estoy como asustada\u00bb,<\/em> se\u00f1ala.<\/p>\n<p style=\"text-align: justify;\">Agradece que su hija fue al colegio, \u00abpero uno nunca sabe, se puede topar uno con una guag\u00fcita o algo y uno no sabe. Las mujeres a veces andan solas, van a buscar la leche, remedios o sacar hora temprano en las ma\u00f1anas y puede pasar cualquier cosa\u00bb, cuenta.<\/p>\n<p style=\"text-align: justify;\">&#8211; <strong>\u00bfPudo verle los rostros a los delincuentes o s\u00f3lo las vestimentas?<\/strong><\/p>\n<p style=\"text-align: justify;\">&#8211; S\u00f3lo las vestimentas, lo que pasa que con \u00e9l que tirone\u00e9 yo andaba con capucha y como fue todo tan r\u00e1pido, yo atin\u00e9 a correr nom\u00e1s, o sea se rompi\u00f3 el tirante de la mochila, yo la agarr\u00e9 y sal\u00ed corriendo. Fue todo tan r\u00e1pido, porque aparte, donde me tironearon por la espalda, yo no vi ninguna caracter\u00edstica, solamente cuando tirone\u00e9 con el muchacho y sal\u00ed corriendo.<\/p>\n<p style=\"text-align: justify;\">&#8211; <strong>\u00bfSe acuerda en cu\u00e1l calle fue?<\/strong><\/p>\n<p style=\"text-align: justify;\">&#8211; No recuerdo mucho, pero fue en la Poblaci\u00f3n Santa Br\u00edgida, no conozco mucho de calles porque yo igual me cambi\u00e9 hace siete meses para ac\u00e1 San Felipe, yo viv\u00eda en San Esteban, entonces no me ubico mucho en las calles. Nosotros igual fuimos a preguntar a un local donde no sab\u00edan m\u00e1s all\u00e1 de lo que hab\u00eda pasado.<\/p>\n<p style=\"text-align: justify;\">&#8211; <strong>\u00bfAlguna herida o no?<\/strong><\/p>\n<p style=\"text-align: justify;\">&#8211; No, donde me agarraron por la espalda, por eso yo digo agradezco que gracias a Dios no iban con alg\u00fan tipo de arma blanca o cualquier otro tipo de cosas, porque s\u00f3lo me agarraron como del cuello, la nuca y me tiraban para atr\u00e1s con la mochila, pero fuera de eso, dolor de cuello, no pas\u00f3 m\u00e1s all\u00e1, agradeci\u00e9ndolo.<\/p>\n<p style=\"text-align: justify;\">&#8211; <strong>Recomendaciones a la mujeres que no transiten solas en la ma\u00f1ana, un llamado de alerta.<\/strong><\/p>\n<p style=\"text-align: justify;\">&#8211; S\u00ed, sobre todo porque hay mamitas que se levantan temprano a sacar hora para los ni\u00f1os y puede pasar cualquier cosa, imag\u00ednese que yo iba a las diez de la ma\u00f1ana regresando y pas\u00f3 esto a plena luz del d\u00eda.<\/p>\n<figure id=\"attachment_114395\" aria-describedby=\"caption-attachment-114395\" style=\"width: 699px\" class=\"wp-caption alignnone\"><img data-recalc-dims=\"1\" loading=\"lazy\" decoding=\"async\" class=\"size-full wp-image-114395\" src=\"https:\/\/i0.wp.com\/eltrabajo.cl\/portal\/wp-content\/uploads\/2022\/05\/Mochila.jpg?resize=640%2C494&#038;ssl=1\" alt=\"As\u00ed qued\u00f3 la mochila de Lorena, con un tirante cortado, en tanto ella qued\u00f3 traumada y ahora teme salir a la calle.\" width=\"640\" height=\"494\" srcset=\"https:\/\/i0.wp.com\/eltrabajo.cl\/portal\/wp-content\/uploads\/2022\/05\/Mochila.jpg?w=699&amp;ssl=1 699w, https:\/\/i0.wp.com\/eltrabajo.cl\/portal\/wp-content\/uploads\/2022\/05\/Mochila.jpg?resize=300%2C231&amp;ssl=1 300w, https:\/\/i0.wp.com\/eltrabajo.cl\/portal\/wp-content\/uploads\/2022\/05\/Mochila.jpg?resize=195%2C150&amp;ssl=1 195w, https:\/\/i0.wp.com\/eltrabajo.cl\/portal\/wp-content\/uploads\/2022\/05\/Mochila.jpg?resize=696%2C537&amp;ssl=1 696w\" sizes=\"auto, (max-width: 640px) 100vw, 640px\" \/><figcaption id=\"caption-attachment-114395\" class=\"wp-caption-text\">As\u00ed qued\u00f3 la mochila de Lorena, con un tirante cortado, en tanto ella qued\u00f3 traumada y ahora teme salir a la calle.<\/figcaption><\/figure>\n","protected":false},"excerpt":{"rendered":"<p>Increp\u00f3 a dos delincuentes en pleno atraco: \u00a1D\u00e9jenla! fue la palabra dicha por un vecino que salv\u00f3 a una mujer de ser asaltada por dos delincuentes que la abordaron cuando caminaba ayer&#8230;<\/p>\n","protected":false},"author":482,"featured_media":114395,"comment_status":"closed","ping_status":"open","sticky":false,"template":"","format":"standard","meta":{"advanced_seo_description":"","jetpack_seo_html_title":"","jetpack_seo_noindex":false,"_jetpack_memberships_contains_paid_content":false,"footnotes":""},"categories":[21],"tags":[],"class_list":["post-114394","post","type-post","status-publish","format-standard","has-post-thumbnail","hentry","category-policial"],"jetpack_featured_media_url":"https:\/\/i0.wp.com\/eltrabajo.cl\/portal\/wp-content\/uploads\/2022\/05\/Mochila.jpg?fit=699%2C539&ssl=1","jetpack_sharing_enabled":true,"jetpack_likes_enabled":true,"jetpack-related-posts":[],"_links":{"self":[{"href":"https:\/\/eltrabajo.cl\/portal\/wp-json\/wp\/v2\/posts\/114394","targetHints":{"allow":["GET"]}}],"collection":[{"href":"https:\/\/eltrabajo.cl\/portal\/wp-json\/wp\/v2\/posts"}],"about":[{"href":"https:\/\/eltrabajo.cl\/portal\/wp-json\/wp\/v2\/types\/post"}],"author":[{"embeddable":true,"href":"https:\/\/eltrabajo.cl\/portal\/wp-json\/wp\/v2\/users\/482"}],"replies":[{"embeddable":true,"href":"https:\/\/eltrabajo.cl\/portal\/wp-json\/wp\/v2\/comments?post=114394"}],"version-history":[{"count":0,"href":"https:\/\/eltrabajo.cl\/portal\/wp-json\/wp\/v2\/posts\/114394\/revisions"}],"wp:featuredmedia":[{"embeddable":true,"href":"https:\/\/eltrabajo.cl\/portal\/wp-json\/wp\/v2\/media\/114395"}],"wp:attachment":[{"href":"https:\/\/eltrabajo.cl\/portal\/wp-json\/wp\/v2\/media?parent=114394"}],"wp:term":[{"taxonomy":"category","embeddable":true,"href":"https:\/\/eltrabajo.cl\/portal\/wp-json\/wp\/v2\/categories?post=114394"},{"taxonomy":"post_tag","embeddable":true,"href":"https:\/\/eltrabajo.cl\/portal\/wp-json\/wp\/v2\/tags?post=114394"}],"curies":[{"name":"wp","href":"https:\/\/api.w.org\/{rel}","templated":true}]}}