{"id":114517,"date":"2022-05-17T07:55:04","date_gmt":"2022-05-17T11:55:04","guid":{"rendered":"https:\/\/eltrabajo.cl\/portal\/?p=114517"},"modified":"2022-05-16T23:26:28","modified_gmt":"2022-05-17T03:26:28","slug":"brasa-de-cascara-de-nuez-habria-causado-incendio-en-amasanderia-naranjo","status":"publish","type":"post","link":"https:\/\/eltrabajo.cl\/portal\/brasa-de-cascara-de-nuez-habria-causado-incendio-en-amasanderia-naranjo\/","title":{"rendered":"Brasa de c\u00e1scara de nuez habr\u00eda causado incendio en amasander\u00eda \u2018Naranjo\u2019"},"content":{"rendered":"<p style=\"text-align: left;\"><span style=\"color: #ff0000;\"><strong>La tarde de este lunes en Las Heras con Hopfenblatt:<\/strong><\/span><\/p>\n<p style=\"text-align: justify;\">Un incendio estructural se declar\u00f3 a las 15:24 horas de este lunes en la amasander\u00eda \u2018Naranjo\u2019 ubicada en Las Heras con Hopfenblatt, lo que puso en alerta tanto a los vecinos del sector como a un gran contingente bomberil de nuestra ciudad.<\/p>\n<p style=\"text-align: justify;\">Fue un empleado de una oficina ubicada al frente de la amasander\u00eda, quien se percat\u00f3 del humo que sal\u00eda del entretecho del local, alertando a todos los mec\u00e1nicos que laboran en los talleres cercanos para que intentaran frenar el avance de las llamas.<\/p>\n<p style=\"text-align: justify;\">\n<p style=\"text-align: justify;\"><span style=\"color: #ff0000;\">C\u00c1SCARAS DE NUEZ<\/span><\/p>\n<p style=\"text-align: justify;\">Las c\u00e1maras de <strong>Diario El Trabajo<\/strong> estuvieron en el lugar. Pudimos observar c\u00f3mo los mec\u00e1nicos del taller contiguo, con una manguera dom\u00e9stica, mojaban las paredes para evitar que el fuego se extendiera a su local. Tambi\u00e9n lograron quitar del alcance del fuego varios cilindros de ox\u00edgeno y otros materiales inflamables.<\/p>\n<p style=\"text-align: justify;\">Nuestro medio habl\u00f3 con <strong>Luis Z\u00fa\u00f1iga<\/strong>, due\u00f1o de la amasander\u00eda, quien en medio de la prisa nos ofreci\u00f3 unas palabras: <em>\u00abAfortunadamente los bomberos todo lo controlaron ya, en este momento est\u00e1n tratando de dilucidar qu\u00e9 sucedi\u00f3, y afortunadamente gracias a los bomberos est\u00e1 todo controlado. Nosotros creemos que pudo ser una brasa sin apagar lo que gener\u00f3 este incendio en la bodega donde guardamos las c\u00e1scaras de nueces para prender los hornos, suponemos eso\u00bb,<\/em> coment\u00f3 el propietario.<\/p>\n<p style=\"text-align: justify;\">\n<p style=\"text-align: justify;\"><span style=\"color: #ff0000;\">DA\u00d1OS MATERIALES<\/span><\/p>\n<p style=\"text-align: justify;\"><strong>Diario El Trabajo<\/strong> habl\u00f3 con el comandante de Bomberos, <strong>Walter Estaforelli<\/strong>, quien nos dio su informe preliminar: <em>\u00abLa tarde de este lunes se emiti\u00f3 la alarma de incendio ac\u00e1 en calle Hopfenblatt con Las Heras, en donde una reconocida amasander\u00eda de la zona se habr\u00eda incendiado. Las llamas se concentraron en la parte donde est\u00e1n los hornos y se habr\u00eda intentado propagar hacia las habitaciones <\/em>(tambi\u00e9n es una vivienda). <em>Como siempre se enviaron las unidades m\u00e1s cercanas al lugar. Luego de llegar las primeras unidades de Bomberos se declar\u00f3 la segunda alarma de incendio, y llegaron en apoyo un par de m\u00e1quinas m\u00e1s, las cuales trabajaron en el tema de abastecimiento\u00bb,<\/em> detall\u00f3 el comandante. Al final de la jornada no se registraron personas afectadas, s\u00f3lo da\u00f1os materiales en la bodega de hornos.<\/p>\n<p style=\"text-align: justify;\">Roberto Gonz\u00e1lez Short<\/p>\n<figure id=\"attachment_114518\" aria-describedby=\"caption-attachment-114518\" style=\"width: 698px\" class=\"wp-caption alignnone\"><img data-recalc-dims=\"1\" loading=\"lazy\" decoding=\"async\" class=\"size-full wp-image-114518\" src=\"https:\/\/i0.wp.com\/eltrabajo.cl\/portal\/wp-content\/uploads\/2022\/05\/Naranjo1.jpg?resize=640%2C364&#038;ssl=1\" alt=\"TODO CUENTA.- Las c\u00e1maras de Diario El Trabajo captan a estos empleados del taller aleda\u00f1o a la amasander\u00eda repeliendo las llamas con esta manguera de jard\u00edn.\" width=\"640\" height=\"364\" srcset=\"https:\/\/i0.wp.com\/eltrabajo.cl\/portal\/wp-content\/uploads\/2022\/05\/Naranjo1.jpg?w=698&amp;ssl=1 698w, https:\/\/i0.wp.com\/eltrabajo.cl\/portal\/wp-content\/uploads\/2022\/05\/Naranjo1.jpg?resize=300%2C171&amp;ssl=1 300w, https:\/\/i0.wp.com\/eltrabajo.cl\/portal\/wp-content\/uploads\/2022\/05\/Naranjo1.jpg?resize=200%2C114&amp;ssl=1 200w, https:\/\/i0.wp.com\/eltrabajo.cl\/portal\/wp-content\/uploads\/2022\/05\/Naranjo1.jpg?resize=696%2C396&amp;ssl=1 696w\" sizes=\"auto, (max-width: 640px) 100vw, 640px\" \/><figcaption id=\"caption-attachment-114518\" class=\"wp-caption-text\">TODO CUENTA.- Las c\u00e1maras de Diario El Trabajo captan a estos empleados del taller aleda\u00f1o a la amasander\u00eda repeliendo las llamas con esta manguera de jard\u00edn.<\/figcaption><\/figure>\n<figure id=\"attachment_114519\" aria-describedby=\"caption-attachment-114519\" style=\"width: 699px\" class=\"wp-caption alignnone\"><img data-recalc-dims=\"1\" loading=\"lazy\" decoding=\"async\" class=\"size-full wp-image-114519\" src=\"https:\/\/i0.wp.com\/eltrabajo.cl\/portal\/wp-content\/uploads\/2022\/05\/Naranjo4.jpg?resize=640%2C428&#038;ssl=1\" alt=\"EL SUSTO DEL D\u00cdA.- Do\u00f1a Rosa, due\u00f1a del inmueble, lleg\u00f3 minutos despu\u00e9s de declarado el incendio, ella agradeci\u00f3 la rapidez de Bomberos para detener las llamas.\" width=\"640\" height=\"428\" srcset=\"https:\/\/i0.wp.com\/eltrabajo.cl\/portal\/wp-content\/uploads\/2022\/05\/Naranjo4.jpg?w=699&amp;ssl=1 699w, https:\/\/i0.wp.com\/eltrabajo.cl\/portal\/wp-content\/uploads\/2022\/05\/Naranjo4.jpg?resize=300%2C200&amp;ssl=1 300w, https:\/\/i0.wp.com\/eltrabajo.cl\/portal\/wp-content\/uploads\/2022\/05\/Naranjo4.jpg?resize=200%2C134&amp;ssl=1 200w, https:\/\/i0.wp.com\/eltrabajo.cl\/portal\/wp-content\/uploads\/2022\/05\/Naranjo4.jpg?resize=696%2C465&amp;ssl=1 696w\" sizes=\"auto, (max-width: 640px) 100vw, 640px\" \/><figcaption id=\"caption-attachment-114519\" class=\"wp-caption-text\">EL SUSTO DEL D\u00cdA.- Do\u00f1a Rosa, due\u00f1a del inmueble, lleg\u00f3 minutos despu\u00e9s de declarado el incendio, ella agradeci\u00f3 la rapidez de Bomberos para detener las llamas.<\/figcaption><\/figure>\n<figure id=\"attachment_114520\" aria-describedby=\"caption-attachment-114520\" style=\"width: 698px\" class=\"wp-caption alignnone\"><img data-recalc-dims=\"1\" loading=\"lazy\" decoding=\"async\" class=\"size-full wp-image-114520\" src=\"https:\/\/i0.wp.com\/eltrabajo.cl\/portal\/wp-content\/uploads\/2022\/05\/Naranjo_Walter-Estaforelli-Luis-Zuniga.jpg?resize=640%2C386&#038;ssl=1\" alt=\"Comandante de Bomberos Walter Estaforelli. A laderecha, Luis Z\u00fa\u00f1iga, encargado de la amasander\u00eda, quien indic\u00f3 que una brasa mal apagada pudo generar el siniestro.\" width=\"640\" height=\"386\" srcset=\"https:\/\/i0.wp.com\/eltrabajo.cl\/portal\/wp-content\/uploads\/2022\/05\/Naranjo_Walter-Estaforelli-Luis-Zuniga.jpg?w=698&amp;ssl=1 698w, https:\/\/i0.wp.com\/eltrabajo.cl\/portal\/wp-content\/uploads\/2022\/05\/Naranjo_Walter-Estaforelli-Luis-Zuniga.jpg?resize=300%2C181&amp;ssl=1 300w, https:\/\/i0.wp.com\/eltrabajo.cl\/portal\/wp-content\/uploads\/2022\/05\/Naranjo_Walter-Estaforelli-Luis-Zuniga.jpg?resize=200%2C121&amp;ssl=1 200w, https:\/\/i0.wp.com\/eltrabajo.cl\/portal\/wp-content\/uploads\/2022\/05\/Naranjo_Walter-Estaforelli-Luis-Zuniga.jpg?resize=696%2C420&amp;ssl=1 696w\" sizes=\"auto, (max-width: 640px) 100vw, 640px\" \/><figcaption id=\"caption-attachment-114520\" class=\"wp-caption-text\">Comandante de Bomberos Walter Estaforelli. A laderecha, Luis Z\u00fa\u00f1iga, encargado de la amasander\u00eda, quien indic\u00f3 que una brasa mal apagada pudo generar el siniestro.<\/figcaption><\/figure>\n","protected":false},"excerpt":{"rendered":"<p>La tarde de este lunes en Las Heras con Hopfenblatt: Un incendio estructural se declar\u00f3 a las 15:24 horas de este lunes en la amasander\u00eda \u2018Naranjo\u2019 ubicada en Las Heras con Hopfenblatt,&#8230;<\/p>\n","protected":false},"author":482,"featured_media":114518,"comment_status":"closed","ping_status":"open","sticky":false,"template":"","format":"standard","meta":{"advanced_seo_description":"","jetpack_seo_html_title":"","jetpack_seo_noindex":false,"_jetpack_memberships_contains_paid_content":false,"footnotes":""},"categories":[21],"tags":[],"class_list":["post-114517","post","type-post","status-publish","format-standard","has-post-thumbnail","hentry","category-policial"],"jetpack_featured_media_url":"https:\/\/i0.wp.com\/eltrabajo.cl\/portal\/wp-content\/uploads\/2022\/05\/Naranjo1.jpg?fit=698%2C397&ssl=1","jetpack_sharing_enabled":true,"jetpack_likes_enabled":true,"jetpack-related-posts":[],"_links":{"self":[{"href":"https:\/\/eltrabajo.cl\/portal\/wp-json\/wp\/v2\/posts\/114517","targetHints":{"allow":["GET"]}}],"collection":[{"href":"https:\/\/eltrabajo.cl\/portal\/wp-json\/wp\/v2\/posts"}],"about":[{"href":"https:\/\/eltrabajo.cl\/portal\/wp-json\/wp\/v2\/types\/post"}],"author":[{"embeddable":true,"href":"https:\/\/eltrabajo.cl\/portal\/wp-json\/wp\/v2\/users\/482"}],"replies":[{"embeddable":true,"href":"https:\/\/eltrabajo.cl\/portal\/wp-json\/wp\/v2\/comments?post=114517"}],"version-history":[{"count":0,"href":"https:\/\/eltrabajo.cl\/portal\/wp-json\/wp\/v2\/posts\/114517\/revisions"}],"wp:featuredmedia":[{"embeddable":true,"href":"https:\/\/eltrabajo.cl\/portal\/wp-json\/wp\/v2\/media\/114518"}],"wp:attachment":[{"href":"https:\/\/eltrabajo.cl\/portal\/wp-json\/wp\/v2\/media?parent=114517"}],"wp:term":[{"taxonomy":"category","embeddable":true,"href":"https:\/\/eltrabajo.cl\/portal\/wp-json\/wp\/v2\/categories?post=114517"},{"taxonomy":"post_tag","embeddable":true,"href":"https:\/\/eltrabajo.cl\/portal\/wp-json\/wp\/v2\/tags?post=114517"}],"curies":[{"name":"wp","href":"https:\/\/api.w.org\/{rel}","templated":true}]}}