{"id":115350,"date":"2022-06-28T07:35:04","date_gmt":"2022-06-28T11:35:04","guid":{"rendered":"https:\/\/eltrabajo.cl\/portal\/?p=115350"},"modified":"2022-06-27T21:50:30","modified_gmt":"2022-06-28T01:50:30","slug":"tres-sujetos-fueron-sorprendidos-robando-especies-desde-el-homecenter","status":"publish","type":"post","link":"https:\/\/eltrabajo.cl\/portal\/tres-sujetos-fueron-sorprendidos-robando-especies-desde-el-homecenter\/","title":{"rendered":"Tres sujetos fueron sorprendidos robando especies desde el Homecenter"},"content":{"rendered":"<ul style=\"text-align: justify;\">\n<li style=\"text-align: left;\"><strong>Carabineros detuvo a los tres delincuentes, los que adem\u00e1s se movilizaban en un veh\u00edculo con encargo por robo desde Santiago.-<\/strong><\/li>\n<\/ul>\n<p style=\"text-align: justify;\">Carabineros de nuestra ciudad logr\u00f3 detener a tres delincuentes tras ser sorprendidos robando diversas especies desde el Homecenter de San Felipe. Fue gracias al registro de las c\u00e1maras de seguridad del recinto que se pudo establecer que los antisociales estaban robando herramientas, logr\u00e1ndose la detenci\u00f3n de los individuos en el mismo estacionamiento del establecimiento.<\/p>\n<p style=\"text-align: justify;\">Los delincuentes, adem\u00e1s, minutos antes hab\u00edan protagonizado otros dos delitos de las mismas caracter\u00edsticas en la vecina comuna de Los Andes, por lo que su verdadero \u2018tour delictual\u2019 termin\u00f3 abruptamente gracias al actuar de Carabineros de San Felipe.<\/p>\n<p style=\"text-align: justify;\">En el marco del procedimiento y las diligencias adoptadas por personal de Carabineros, se pudo establecer que los delincuentes se movilizaban en un veh\u00edculo que manten\u00eda encargo por robo desde el a\u00f1o 2020 desde la ciudad de Santiago. Adem\u00e1s, se estableci\u00f3 que el auto portaba sus placas patentes falsas.<\/p>\n<p style=\"text-align: justify;\">Finalmente cabe destacar que dos de los detenidos mantienen \u00f3rdenes de detenci\u00f3n vigente por los delitos de receptaci\u00f3n, conducir en estado de ebriedad y amenazas simples.<\/p>\n<figure id=\"attachment_115351\" aria-describedby=\"caption-attachment-115351\" style=\"width: 700px\" class=\"wp-caption alignnone\"><img data-recalc-dims=\"1\" loading=\"lazy\" decoding=\"async\" class=\"size-full wp-image-115351\" src=\"https:\/\/i0.wp.com\/eltrabajo.cl\/portal\/wp-content\/uploads\/2022\/06\/detenidos2.jpg?resize=640%2C480&#038;ssl=1\" alt=\"Los delincuentes robaron diversas especies desde el Homecenter. \" width=\"640\" height=\"480\" srcset=\"https:\/\/i0.wp.com\/eltrabajo.cl\/portal\/wp-content\/uploads\/2022\/06\/detenidos2.jpg?w=700&amp;ssl=1 700w, https:\/\/i0.wp.com\/eltrabajo.cl\/portal\/wp-content\/uploads\/2022\/06\/detenidos2.jpg?resize=300%2C225&amp;ssl=1 300w, https:\/\/i0.wp.com\/eltrabajo.cl\/portal\/wp-content\/uploads\/2022\/06\/detenidos2.jpg?resize=200%2C150&amp;ssl=1 200w, https:\/\/i0.wp.com\/eltrabajo.cl\/portal\/wp-content\/uploads\/2022\/06\/detenidos2.jpg?resize=696%2C522&amp;ssl=1 696w\" sizes=\"auto, (max-width: 640px) 100vw, 640px\" \/><figcaption id=\"caption-attachment-115351\" class=\"wp-caption-text\">Los delincuentes robaron diversas especies desde el Homecenter.<\/figcaption><\/figure>\n","protected":false},"excerpt":{"rendered":"<p>Carabineros detuvo a los tres delincuentes, los que adem\u00e1s se movilizaban en un veh\u00edculo con encargo por robo desde Santiago.- Carabineros de nuestra ciudad logr\u00f3 detener a tres delincuentes tras ser sorprendidos&#8230;<\/p>\n","protected":false},"author":482,"featured_media":115351,"comment_status":"closed","ping_status":"open","sticky":false,"template":"","format":"standard","meta":{"advanced_seo_description":"","jetpack_seo_html_title":"","jetpack_seo_noindex":false,"_jetpack_memberships_contains_paid_content":false,"footnotes":""},"categories":[21],"tags":[],"class_list":["post-115350","post","type-post","status-publish","format-standard","has-post-thumbnail","hentry","category-policial"],"jetpack_featured_media_url":"https:\/\/i0.wp.com\/eltrabajo.cl\/portal\/wp-content\/uploads\/2022\/06\/detenidos2.jpg?fit=700%2C525&ssl=1","jetpack_sharing_enabled":true,"jetpack_likes_enabled":true,"jetpack-related-posts":[],"_links":{"self":[{"href":"https:\/\/eltrabajo.cl\/portal\/wp-json\/wp\/v2\/posts\/115350","targetHints":{"allow":["GET"]}}],"collection":[{"href":"https:\/\/eltrabajo.cl\/portal\/wp-json\/wp\/v2\/posts"}],"about":[{"href":"https:\/\/eltrabajo.cl\/portal\/wp-json\/wp\/v2\/types\/post"}],"author":[{"embeddable":true,"href":"https:\/\/eltrabajo.cl\/portal\/wp-json\/wp\/v2\/users\/482"}],"replies":[{"embeddable":true,"href":"https:\/\/eltrabajo.cl\/portal\/wp-json\/wp\/v2\/comments?post=115350"}],"version-history":[{"count":1,"href":"https:\/\/eltrabajo.cl\/portal\/wp-json\/wp\/v2\/posts\/115350\/revisions"}],"predecessor-version":[{"id":115352,"href":"https:\/\/eltrabajo.cl\/portal\/wp-json\/wp\/v2\/posts\/115350\/revisions\/115352"}],"wp:featuredmedia":[{"embeddable":true,"href":"https:\/\/eltrabajo.cl\/portal\/wp-json\/wp\/v2\/media\/115351"}],"wp:attachment":[{"href":"https:\/\/eltrabajo.cl\/portal\/wp-json\/wp\/v2\/media?parent=115350"}],"wp:term":[{"taxonomy":"category","embeddable":true,"href":"https:\/\/eltrabajo.cl\/portal\/wp-json\/wp\/v2\/categories?post=115350"},{"taxonomy":"post_tag","embeddable":true,"href":"https:\/\/eltrabajo.cl\/portal\/wp-json\/wp\/v2\/tags?post=115350"}],"curies":[{"name":"wp","href":"https:\/\/api.w.org\/{rel}","templated":true}]}}